{"id":366941,"date":"2022-08-08T20:46:22","date_gmt":"2022-08-08T20:46:22","guid":{"rendered":"https:\/\/dimensionturistica.com\/es\/?p=366941"},"modified":"2022-08-08T20:46:22","modified_gmt":"2022-08-08T20:46:22","slug":"la-asociacion-metropolitana-de-agencias-de-viajes-a-c-presenta-el-encuentro-profesional-de-turismo","status":"publish","type":"post","link":"https:\/\/dimensionturistica.com\/es\/la-asociacion-metropolitana-de-agencias-de-viajes-a-c-presenta-el-encuentro-profesional-de-turismo\/","title":{"rendered":"\u201cLa Asociaci\u00f3n Metropolitana de Agencias de Viajes, A.C. presenta el Encuentro Profesional de Turismo\u201d"},"content":{"rendered":"<p>La Asociaci\u00f3n Metropolitana de Agencias de Viajes, A.C., anuncio la realizaci\u00f3n del Encuentro Profesional de Turismo, que se llevar\u00e1 a cabo el pr\u00f3ximo 29 de septiembre de 10 a 16 hrs. en el hotel Presidente Intercontinental.<br \/>\nEPTUR va a reunir a los principales actores del turismo: empresarios, hoteles, agencias de viajes, operadores mayoristas, aerol\u00edneas, navieras, etc. Es la necesaria y activa participaci\u00f3n de una asociaci\u00f3n l\u00edder, como lo es a sus ya casi 29 a\u00f1os de existencia la Metro; una asociaci\u00f3n que por medio de todos sus agremiados maneja entre el 60% y 70% del turismo a nivel nacional; acompa\u00f1ada por la experiencia que Ladevi Medios y Soluciones ha<img decoding=\"async\" class=\"size-medium wp-image-366984 alignright\" src=\"https:\/\/dimensionturistica.com\/es\/wp-content\/uploads\/2022\/08\/Jose-Luis-Medina-Presidente-de-la-Metr-300x186.jpg\" alt=\"\" width=\"300\" height=\"186\" srcset=\"https:\/\/dimensionturistica.com\/es\/wp-content\/uploads\/2022\/08\/Jose-Luis-Medina-Presidente-de-la-Metr-300x186.jpg 300w, https:\/\/dimensionturistica.com\/es\/wp-content\/uploads\/2022\/08\/Jose-Luis-Medina-Presidente-de-la-Metr.jpg 474w\" sizes=\"(max-width: 300px) 100vw, 300px\" \/> demostrado en gran parte de Latinoam\u00e9rica, donde desde 1994 desarrolla encuentros comerciales similares de turismo B2B.<br \/>\nJos\u00e9 Luis Medina, Presidente de la Metro, inform\u00f3: \u201cEPTUR va a ser un evento diferente, ya que se concibe como un espacio inclusivo para toda la industria, y no solo para socios<br \/>\nMetro; esto har\u00e1 que se pueda reunir la mayor oferta posible en un mismo lugar. Asimismo, se est\u00e1 trabajando para que las seminarios y capacitaciones sean de la mejor calidad posible, d\u00e1ndoles a los agentes de viajes herramientas necesarias para actualizarse y competir en esta nueva era tecnol\u00f3gica. Dichas alternativas tambi\u00e9n est\u00e1n relacionadas con las nuevas condiciones de viaje que tuvieron lugar a ra\u00edz de la pandemia, no olvidemos que despu\u00e9s de la pandemia hay relevancia en cuestiones sanitarias: vacunas, seguros de viaje, restricciones, etc.; por ello, los profesionales del turismo est\u00e1n \u00e1vidos de tener informaci\u00f3n fresca sobre el movimiento y comportamiento del turismo en distintos destinos.\u201d<\/p>\n","protected":false},"excerpt":{"rendered":"<p>La Asociaci\u00f3n Metropolitana de Agencias de Viajes, A.C., anuncio la realizaci\u00f3n del Encuentro Profesional de Turismo, que se llevar\u00e1 a cabo el pr\u00f3ximo 29 de septiembre de 10 a 16 hrs. en el hotel Presidente Intercontinental. EPTUR va a reunir a los principales actores del turismo: empresarios, hoteles, agencias de viajes, operadores mayoristas, aerol\u00edneas, navieras, [&hellip;]<\/p>\n","protected":false},"author":1,"featured_media":366985,"comment_status":"open","ping_status":"closed","sticky":false,"template":"","format":"standard","meta":{"om_disable_all_campaigns":false,"jnews-multi-image_gallery":[],"jnews_single_post":{"source_name":"","source_url":"","via_name":"","via_url":"","override_template":"0","override":[{"template":"1","single_blog_custom":"","parallax":"1","fullscreen":"1","layout":"right-sidebar","sidebar":"default-sidebar","second_sidebar":"default-sidebar","sticky_sidebar":"1","share_position":"top","share_float_style":"share-monocrhome","show_share_counter":"1","show_view_counter":"1","show_featured":"1","show_post_meta":"1","show_post_author":"1","show_post_author_image":"1","show_post_date":"1","post_date_format":"default","post_date_format_custom":"Y\/m\/d","show_post_category":"1","show_post_reading_time":"0","post_reading_time_wpm":"300","show_zoom_button":"0","zoom_button_out_step":"2","zoom_button_in_step":"3","show_post_tag":"1","show_prev_next_post":"1","show_popup_post":"1","number_popup_post":"1","show_author_box":"0","show_post_related":"0","show_inline_post_related":"0"}],"override_image_size":"0","image_override":[{"single_post_thumbnail_size":"crop-500","single_post_gallery_size":"crop-500"}],"trending_post":"0","trending_post_position":"meta","trending_post_label":"Trending","sponsored_post":"0","sponsored_post_label":"Sponsored by","sponsored_post_name":"","sponsored_post_url":"","sponsored_post_logo_enable":"0","sponsored_post_logo":"","sponsored_post_desc":"","disable_ad":"0"},"jnews_primary_category":{"id":""},"jnews_social_meta":{"fb_title":"","fb_description":"","fb_image":"","twitter_title":"","twitter_description":"","twitter_image":""},"footnotes":""},"categories":[39],"tags":[],"class_list":["post-366941","post","type-post","status-publish","format-standard","has-post-thumbnail","hentry","category-viajes"],"_links":{"self":[{"href":"https:\/\/dimensionturistica.com\/es\/wp-json\/wp\/v2\/posts\/366941","targetHints":{"allow":["GET"]}}],"collection":[{"href":"https:\/\/dimensionturistica.com\/es\/wp-json\/wp\/v2\/posts"}],"about":[{"href":"https:\/\/dimensionturistica.com\/es\/wp-json\/wp\/v2\/types\/post"}],"author":[{"embeddable":true,"href":"https:\/\/dimensionturistica.com\/es\/wp-json\/wp\/v2\/users\/1"}],"replies":[{"embeddable":true,"href":"https:\/\/dimensionturistica.com\/es\/wp-json\/wp\/v2\/comments?post=366941"}],"version-history":[{"count":0,"href":"https:\/\/dimensionturistica.com\/es\/wp-json\/wp\/v2\/posts\/366941\/revisions"}],"wp:featuredmedia":[{"embeddable":true,"href":"https:\/\/dimensionturistica.com\/es\/wp-json\/wp\/v2\/media\/366985"}],"wp:attachment":[{"href":"https:\/\/dimensionturistica.com\/es\/wp-json\/wp\/v2\/media?parent=366941"}],"wp:term":[{"taxonomy":"category","embeddable":true,"href":"https:\/\/dimensionturistica.com\/es\/wp-json\/wp\/v2\/categories?post=366941"},{"taxonomy":"post_tag","embeddable":true,"href":"https:\/\/dimensionturistica.com\/es\/wp-json\/wp\/v2\/tags?post=366941"}],"curies":[{"name":"wp","href":"https:\/\/api.w.org\/{rel}","templated":true}]}}