{"id":366717,"date":"2022-08-08T15:50:17","date_gmt":"2022-08-08T15:50:17","guid":{"rendered":"https:\/\/dimensionturistica.com\/es\/?p=366717"},"modified":"2022-08-08T15:50:17","modified_gmt":"2022-08-08T15:50:17","slug":"suspenden-los-ave-entre-madrid-y-barcelona","status":"publish","type":"post","link":"https:\/\/dimensionturistica.com\/es\/suspenden-los-ave-entre-madrid-y-barcelona\/","title":{"rendered":"Suspenden los AVE entre Madrid y Barcelona"},"content":{"rendered":"<p> <br \/>\n<\/p>\n<div id=\"\">\n<p>La circulaci\u00f3n de trenes de alta velocidad en toda la <strong>l\u00ednea Madrid-Barcelona-Figueres Vilafant<\/strong> est\u00e1 interrumpida por completo desde primera hora de la ma\u00f1ana por una incidencia en la infraestructura debida a la sustracci\u00f3n de materials ferroviario en Tarragona, seg\u00fan ha informado Adif. <a rel=\"nofollow noopener\" target=\"_blank\" href=\"https:\/\/www.larazon.es\/madrid\/20220808\/r2kjdr6bpraghhbvrccofreeli.html\">A ello se suma la aver\u00eda que ayer dej\u00f3 a cientos de pasajeros varados entre Madrid y Barcelona en un tren de alta velocidad de Ouigo.<\/a><\/p>\n<aside class=\"morenews\">\n<h3>Noticias relacionadas<\/h3>\n<\/aside>\n<p>La suspensi\u00f3n en el servicio est\u00e1 provocando una <strong>ma\u00f1ana de lunes ca\u00f3tica<\/strong> tanto en las estaciones de Atocha como en Sants. Seg\u00fan un comunicado, \u201clos t\u00e9cnicos est\u00e1n trabajando en dicha incidencia para solventarla con la mayor brevedad posible\u201d.<\/p>\n<div id=\"twitter-embed\">\n<blockquote class=\"twitter-tweet\">\n<p lang=\"es\" dir=\"ltr\">&#x1f4e2; INFO<\/p>\n<p>Debido a una incidencia en las instalaciones por actos vand\u00e1licos  entre las estaciones de Figueres y L&#8217;Arbo\u00e7, los trenes de Alta Velocidad que unen Madrid y Barcelona\/Figueres, por el momento, no podr\u00e1n round.<\/p>\n<p>Seguiremos informando.<\/p>\n<p>\u2014 InfoRenfe (@Inforenfe) <a rel=\"nofollow noopener\" target=\"_blank\" href=\"https:\/\/twitter.com\/Inforenfe\/status\/1556503453823864832?ref_src=twsrc%5Etfw\">August 8, 2022<\/a><\/p><\/blockquote>\n<\/div>\n<p>Adif recomienda a los viajeros con destino a Barcelona desde Figueres y Girona recurrir a los servicios de Rodalies. En el caso de los <strong>viajes desde Madrid<\/strong> <strong>no hay por ahora servicios alternativos<\/strong>.<\/p>\n<p>En redes sociales, Renfe informa a los viajeros de trenes Avlo y Ave con destino Guadalajara, Calatayud, Zaragoza, L\u00e9rida y Camp de Tarragona, que se habilita para ellos un <strong>tren especial<\/strong>. Adem\u00e1s, ha pedido a los usuarios que se dirijan al centro de Servicios estaci\u00f3n <strong>Madrid Puerta de Atocha<\/strong> para m\u00e1s informaci\u00f3n.<\/p>\n<aside style=\"max-width:615px;min-width:300px;width:100%;height:462px\" class=\"ad all sunmedia1 bg-placeholder \"\/>\n<h3 class=\"font--primary body-components__header\">Un detenido<\/h3>\n<p>Los Mossos d\u2019Esquadra han detenido en el t\u00e9rmino de Santa Oliva (Tarragona) a <strong>un joven de 19 a\u00f1os relacionado con el robo de cable esta madrugada que ha originado la interrupci\u00f3n de la l\u00ednea de alta velocidad.<\/strong><\/p>\n<p>Seg\u00fan ha informado un portavoz de la Polic\u00eda de la Generalitat catalana, el detenido ha sido sorprendido en una zona de v\u00edas del t\u00e9rmino de Santa Oliva y se ha resistido a la detenci\u00f3n.<\/p>\n<p><strong>El joven est\u00e1 acusado de delitos de robo con fuerza, estragos y resistencia y desobediencia a los agentes de la autoridad.<\/strong><\/p>\n<p>Los Mossos han recuperado parte del materials robado en la l\u00ednea de alta velocidad y mantienen abierta la investigaci\u00f3n por si el detenido hubiera actuado junto a otras personas.<\/p>\n<p>La sustracci\u00f3n de unos<strong> 600 metros de cable de fibra \u00f3ptica y de se\u00f1alizaci\u00f3n<\/strong> en Tarragona ha originado la suspensi\u00f3n de la circulaci\u00f3n en la l\u00ednea de alta velocidad Madrid-Barcelona-Figueres, ha informado el gestor de infraestructuras ADIF.<\/p>\n<aside style=\"max-width:300px;min-width:300px;width:100%;height:600px\" class=\"ad all right1 bg-placeholder \"\/>\n<p>El robo de este materials, <strong>un hecho calificado de \u201cacto vand\u00e1lico\u201d por ADIF<\/strong>, genera desde primeras horas de la ma\u00f1ana de este lunes graves afectaciones en los sistemas de se\u00f1alizaci\u00f3n, comunicaciones y protecci\u00f3n en la l\u00ednea de alta velocidad.<\/p>\n<\/div>\n<p><script async src=\"\/\/platform.twitter.com\/widgets.js\" charset=\"utf-8\"><\/script><br \/>\n<br \/><\/p>\n<p><em> &#8221; Fuentes www.larazon.es &#8221; <\/em><\/p>\n","protected":false},"excerpt":{"rendered":"<p>La circulaci\u00f3n de trenes de alta velocidad en toda la l\u00ednea Madrid-Barcelona-Figueres Vilafant est\u00e1 interrumpida por completo desde primera hora de la ma\u00f1ana por una incidencia en la infraestructura debida a la sustracci\u00f3n de materials ferroviario en Tarragona, seg\u00fan ha informado Adif. A ello se suma la aver\u00eda que ayer dej\u00f3 a cientos de pasajeros [&hellip;]<\/p>\n","protected":false},"author":4,"featured_media":366718,"comment_status":"open","ping_status":"closed","sticky":false,"template":"","format":"standard","meta":{"om_disable_all_campaigns":false,"jnews-multi-image_gallery":[],"jnews_single_post":[],"jnews_primary_category":[],"jnews_social_meta":[],"footnotes":""},"categories":[40],"tags":[9885,700],"class_list":["post-366717","post","type-post","status-publish","format-standard","has-post-thumbnail","hentry","category-industria","tag-ave","tag-madrid"],"_links":{"self":[{"href":"https:\/\/dimensionturistica.com\/es\/wp-json\/wp\/v2\/posts\/366717","targetHints":{"allow":["GET"]}}],"collection":[{"href":"https:\/\/dimensionturistica.com\/es\/wp-json\/wp\/v2\/posts"}],"about":[{"href":"https:\/\/dimensionturistica.com\/es\/wp-json\/wp\/v2\/types\/post"}],"author":[{"embeddable":true,"href":"https:\/\/dimensionturistica.com\/es\/wp-json\/wp\/v2\/users\/4"}],"replies":[{"embeddable":true,"href":"https:\/\/dimensionturistica.com\/es\/wp-json\/wp\/v2\/comments?post=366717"}],"version-history":[{"count":0,"href":"https:\/\/dimensionturistica.com\/es\/wp-json\/wp\/v2\/posts\/366717\/revisions"}],"wp:featuredmedia":[{"embeddable":true,"href":"https:\/\/dimensionturistica.com\/es\/wp-json\/wp\/v2\/media\/366718"}],"wp:attachment":[{"href":"https:\/\/dimensionturistica.com\/es\/wp-json\/wp\/v2\/media?parent=366717"}],"wp:term":[{"taxonomy":"category","embeddable":true,"href":"https:\/\/dimensionturistica.com\/es\/wp-json\/wp\/v2\/categories?post=366717"},{"taxonomy":"post_tag","embeddable":true,"href":"https:\/\/dimensionturistica.com\/es\/wp-json\/wp\/v2\/tags?post=366717"}],"curies":[{"name":"wp","href":"https:\/\/api.w.org\/{rel}","templated":true}]}}