{"id":366463,"date":"2022-08-08T11:43:05","date_gmt":"2022-08-08T11:43:05","guid":{"rendered":"https:\/\/dimensionturistica.com\/es\/?p=366463"},"modified":"2022-08-08T11:43:05","modified_gmt":"2022-08-08T11:43:05","slug":"el-consell-exige-al-gobierno-que-aplique-una-ayuda-directa-por-cada-plaza-hotelera-para-salvar-el-turismo-del-imserso","status":"publish","type":"post","link":"https:\/\/dimensionturistica.com\/es\/el-consell-exige-al-gobierno-que-aplique-una-ayuda-directa-por-cada-plaza-hotelera-para-salvar-el-turismo-del-imserso\/","title":{"rendered":"El Consell exige al Gobierno que aplique una ayuda directa por cada plaza hotelera para salvar el turismo del Imserso"},"content":{"rendered":"<p> <br \/>\n<\/p>\n<p>\n        El Consell exige al Gobierno habilite una<strong> ayuda directa por cada plaza del Imserso<\/strong> y le recuerda, en este sentido, el decreto que ha permitido revisar y subir el precio de los contratos de las obras p\u00fablicas de la Administraci\u00f3n por la subida de costes. La Generalitat le recuerda tambi\u00e9n a la ministra Ione Belarra que, por ley, un contrato p\u00fablico por el que se paga a quienes prestan servicios debe <strong>cubrir como m\u00ednimo los costes del servicio<\/strong>, algo quebrado en el caso del turismo del Imserso, que sigue a<a rel=\"nofollow noopener\" target=\"_blank\" href=\"https:\/\/www.informacion.es\/alicante\/2022\/07\/21\/patronal-hotelera-costa-blanca-impulsa-68572275.html\" title=\" 22\/23 euros \" class=\"link copy\"> 22\/23 euros <\/a>por persona y d\u00eda cuando la inflaci\u00f3n ha puesto el coste de <strong>cada plaza en 35 euros,<\/strong> seg\u00fan los informes que maneja la patronal.\n<\/p>\n<div wp_automatic_readability=\"98.71137477431\">\n<p class=\"article-body__text \">\n        Turisme sostiene que como el contrato est\u00e1 prorrogado por dos a\u00f1os de forma unilateral por el Ministerio de Asuntos Sociales, la \u00fanica forma de salvar el programa es que se habilite una <strong>ayuda directa<\/strong>, tal como se ha hecho tambi\u00e9n, por ejemplo, con los transportistas.  El Ministerio reitera que el programa se ha prorrogado y el precio se mantiene en los 22 euros\/d\u00eda por pensionista y plaza. La <a rel=\"nofollow noopener\" target=\"_blank\" href=\"https:\/\/www.informacion.es\/alicante\/2022\/07\/25\/80-hoteles-costa-blanca-abandonan-68917344.html\" title=\"Costa Blanca\" class=\"link copy\">Costa Blanca<\/a> tiene asignadas unas\u00a0200.000 plazas, de las m\u00e1s de 800.000 en toda Espa\u00f1a.\n<\/p>\n<aside class=\"new new__related\">\n            <a rel=\"nofollow noopener\" target=\"_blank\" href=\"https:\/\/www.informacion.es\/alicante\/2022\/06\/01\/hosbec-anticipa-quiebra-turismo-imserso-66779837.html\" title=\"Hosbec anticipa la quiebra del turismo del Imserso tras la decisi\u00f3n del Gobierno de no subir los precios en 2023\" class=\"new__media\">\n            <picture class=\"image\">\n                <img alt=\"Hosbec anticipa la quiebra del turismo del Imserso tras la decisi\u00f3n del Gobierno de no subir los precios en 2023\" data-src=\"https:\/\/estaticos-cdn.prensaiberica.es\/clip\/6480c0eb-5ca8-46fc-9db6-35b5e6e4d6af_16-9-aspect-ratio_default_0.jpg\" class=\"lozad\"\/>\n            <\/picture><!-- \/.image --><br \/>\n        <\/a><\/p>\n<header>\n        <a rel=\"nofollow noopener\" target=\"_blank\" href=\"https:\/\/www.informacion.es\/alicante\/2022\/06\/01\/hosbec-anticipa-quiebra-turismo-imserso-66779837.html\" title=\"Hosbec anticipa la quiebra del turismo del Imserso tras la decisi\u00f3n del Gobierno de no subir los precios en 2023\" class=\"new__headline\"><\/p>\n<h2>Hosbec anticipa la quiebra del turismo del Imserso tras la decisi\u00f3n del Gobierno de no subir los precios en 2023<\/h2>\n<p>        <\/a><\/p>\n<\/header>\n<\/aside>\n<p><!-- \/.article-photo article-photo-- --><\/p>\n<p class=\"article-body__text \">\n        <strong>Tarifa insostenible para el sector<\/strong>, que ha visto como la inflaci\u00f3n ha subido los costes hasta los 30\/33 euros (en funci\u00f3n de si el lodge tiene pr\u00e9stamos que asumir) por lo que no se puedes seguir trabajando a p\u00e9rdidas, reiteran desde la patronal. El 80% de los hoteles que participaban en el programa oficial ya han comunicado al turoperador que gestiona los viajes oficiales del<strong>\u00a0Imserso<\/strong>\u00a0que no cuenten con ellos si no hay marcha atr\u00e1s del Ministerio y sube los precios.\n<\/p>\n<p class=\"article-body__text \">\n        El director common de Turismo, <strong>Herick Campos<\/strong>, ha vuelto a reiterar a Hosbec el \u201capoyo de la Generalitat\u201d a la reivindicaci\u00f3n que realiza el sector hotelero de la Comunitat para aumentar la ayuda por cada usuario del programa Imserso.\n<\/p>\n<p class=\"article-body__text \">\n        Campos ha recordado que desde <strong>Turisme Comunitat Valenciana <\/strong>\u201chemos realizado acciones previas insistiendo en la necesidad de mejorar las condiciones actuales del programa del Imserso\u201d y ha reiterado el apoyo al sector tur\u00edstico ante una \u201creivindicaci\u00f3n que creemos justa, ya que en un contrato p\u00fablico el precio que se paga a quienes prestan los servicios, como m\u00ednimo, debe ser suficiente para cubrir los costes y prestar un servicio de calidad\u201d.\n<\/p>\n<p class=\"article-body__text \">\n        Herick Campos ha se\u00f1alado que \u201chubi\u00e9ramos preferido que <strong>en lugar de una pr\u00f3rroga del programa<\/strong>, el Ministerio de Derechos Sociales hubiera sacado una nueva licitaci\u00f3n que tenga en cuenta los costes que asume el sector\u201d, al tiempo que ha apuntado que, en diversas ocasiones, \u201chemos trasladado la necesidad de poner en marcha una mesa de trabajo para poder ajustar los criterios de adjudicaci\u00f3n y que nadie salga perjudicado\u201d.\u00a0\n<\/p>\n<p class=\"article-body__text \">\n        Ante esta situaci\u00f3n, Campos ha propuesto que si se quieren mantener los precios <strong>\u201cel Gobierno central debe poner en marcha una ayuda directa<\/strong> por cada usuario que reciben los hoteleros y agencias de viajes a trav\u00e9s de este programa\u201d y ha a\u00f1adido que \u201cse trata de una petici\u00f3n que ha impulsado el sector hotelero y que desde Turisme CV respaldamos\u201d.\n<\/p>\n<article class=\"article-photo article-photo-- \" wp_automatic_readability=\"27\">\n    <!-- \/.multimedia-block__element --><\/p>\n<p class=\"article-photo__footer\">\n            <em>Un momento de la reuni\u00f3n de Herick Campos con Toni Mayor y Nuria Montes (Hosbec)<\/em>            <span>Informaci\u00f3n<\/span>        <\/p>\n<p><!-- \/.article-photo__footer --><br \/>\n    <\/article>\n<p><!-- \/.article-photo article-photo-- --><\/p>\n<p class=\"article-body__text \">\n        Campos compara esta situaci\u00f3n que est\u00e1 viviendo ahora el turismo con la que han sufrido las<strong> obras p\u00fablicas<\/strong> y ha se\u00f1alado que \u201cigual que se ha publicado un Real Decreto Ley para poder incrementar los costes de las obras p\u00fablicas contratadas, podr\u00edan articular uno similar para introducir esta propuesta\u201d.\n<\/p>\n<p class=\"article-body__text \">\n        Asimismo, el director common ha reclamado al Gobierno central que para la temporada 2023-2024 se realice un<strong> \u201cnuevo pliego, en el que podamos empezar a trabajar de manera inmediata\u201d<\/strong> y ha solicitado la \u201cparticipaci\u00f3n activa del sector tur\u00edstico\u201d. Adem\u00e1s, ha a\u00f1adido que el nuevo pliego debe contar con un estudio previo del precio de coste de quienes prestan el servicio, los hoteleros y las agencias de viajes.\n<\/p>\n<p class=\"article-body__text \">\n        Campos tambi\u00e9n ha recordado que \u201csomos la comunidad aut\u00f3noma que tiene m\u00e1s plazas asignadas de forma directa en el programa Imserso, un 20% de todo el territorio de Espa\u00f1a\u201d. Por \u00faltimo, ha recalcado que \u201cno se trata de una reivindicaci\u00f3n solo del sector hotelero o de las agencias de viaje, sino de los propios usuarios\u201d, ya que si cada vez hay menos hoteles adheridos a este programa, \u201c<strong>los usuarios tendr\u00e1n m\u00e1s dif\u00edcil elegir nuestro destino<\/strong>\u201d.\n<\/p>\n<\/p><\/div>\n\n<p><em> &#8221; Fuentes www.informacion.es &#8221; <\/em><\/p>\n","protected":false},"excerpt":{"rendered":"<p>El Consell exige al Gobierno habilite una ayuda directa por cada plaza del Imserso y le recuerda, en este sentido, el decreto que ha permitido revisar y subir el precio de los contratos de las obras p\u00fablicas de la Administraci\u00f3n por la subida de costes. La Generalitat le recuerda tambi\u00e9n a la ministra Ione Belarra [&hellip;]<\/p>\n","protected":false},"author":4,"featured_media":366464,"comment_status":"open","ping_status":"closed","sticky":false,"template":"","format":"standard","meta":{"om_disable_all_campaigns":false,"jnews-multi-image_gallery":[],"jnews_single_post":[],"jnews_primary_category":[],"jnews_social_meta":[],"footnotes":""},"categories":[40],"tags":[51004,624,13937,13183,698],"class_list":["post-366463","post","type-post","status-publish","format-standard","has-post-thumbnail","hentry","category-industria","tag-aplique","tag-ayuda","tag-consell","tag-exige","tag-gobierno"],"_links":{"self":[{"href":"https:\/\/dimensionturistica.com\/es\/wp-json\/wp\/v2\/posts\/366463","targetHints":{"allow":["GET"]}}],"collection":[{"href":"https:\/\/dimensionturistica.com\/es\/wp-json\/wp\/v2\/posts"}],"about":[{"href":"https:\/\/dimensionturistica.com\/es\/wp-json\/wp\/v2\/types\/post"}],"author":[{"embeddable":true,"href":"https:\/\/dimensionturistica.com\/es\/wp-json\/wp\/v2\/users\/4"}],"replies":[{"embeddable":true,"href":"https:\/\/dimensionturistica.com\/es\/wp-json\/wp\/v2\/comments?post=366463"}],"version-history":[{"count":0,"href":"https:\/\/dimensionturistica.com\/es\/wp-json\/wp\/v2\/posts\/366463\/revisions"}],"wp:featuredmedia":[{"embeddable":true,"href":"https:\/\/dimensionturistica.com\/es\/wp-json\/wp\/v2\/media\/366464"}],"wp:attachment":[{"href":"https:\/\/dimensionturistica.com\/es\/wp-json\/wp\/v2\/media?parent=366463"}],"wp:term":[{"taxonomy":"category","embeddable":true,"href":"https:\/\/dimensionturistica.com\/es\/wp-json\/wp\/v2\/categories?post=366463"},{"taxonomy":"post_tag","embeddable":true,"href":"https:\/\/dimensionturistica.com\/es\/wp-json\/wp\/v2\/tags?post=366463"}],"curies":[{"name":"wp","href":"https:\/\/api.w.org\/{rel}","templated":true}]}}