{"id":366406,"date":"2022-08-06T23:37:27","date_gmt":"2022-08-06T23:37:27","guid":{"rendered":"https:\/\/dimensionturistica.com\/es\/?p=366406"},"modified":"2022-08-06T23:37:28","modified_gmt":"2022-08-06T23:37:28","slug":"los-mejores-planes-para-huir-del-calor-en-sevilla-este-verano","status":"publish","type":"post","link":"https:\/\/dimensionturistica.com\/es\/los-mejores-planes-para-huir-del-calor-en-sevilla-este-verano\/","title":{"rendered":"Los mejores planes para huir del calor en Sevilla este verano"},"content":{"rendered":"<p> <br \/>\n<\/p>\n<div id=\"article-body-content\" data-action=\"toggle\" data-status=\"on\">\n<p id=\"paragraph_1\">Con la llegada de agosto sube el mercurio en la capital hispalense y con \u00e9l, las ganas de vivir la ciudad cuando cae el sol o de disfrutar de las alternativas m\u00e1s refrescantes con las que <strong>hacer frente al calor infernal<\/strong> que cada verano conquista la ciudad sevillana.<\/p>\n<p id=\"paragraph_2\">Aunque las temperaturas rara vez bajan de los 40 grados de m\u00e1xima y los 25 de m\u00ednima durante estos meses, agosto tambi\u00e9n puede ser una buena opci\u00f3n si lo que buscas es disfrutar de Sevilla y pasear por sus calles o visitar sus monumentos con un poco m\u00e1s de tranquilidad y con menos ruido de coches, sobre todo por el \u00e9xodo veraniego.<\/p>\n<p id=\"paragraph_3\">Aun as\u00ed, al igual que sucede en la <a rel=\"nofollow noopener\" target=\"_blank\" href=\"https:\/\/www.elespanol.com\/mujer\/actualidad\/20220730\/planes-citas-dar-bienvenida-mes-agosto-madrid\/691430949_0.html\">comunidad madrile\u00f1a<\/a>, agosto en Sevilla tambi\u00e9n es un mes muy activo y est\u00e1 repleto de actividades y planes perfectos para disfrutar de la ciudad sin necesidad de morirse del calor. Conciertos, festivales, jornadas de cine nocturno, experiencias gastron\u00f3micas \u00fanicas a la luz de la luna, playas paradis\u00edacas, piscinas con las mejores vistas\u2026<\/p>\n<p id=\"paragraph_4\"><em><a rel=\"nofollow noopener\" target=\"_blank\" href=\"https:\/\/www.elespanol.com\/mujer\/actualidad\/20220804\/planes-imprescindibles-hacer-valencia-mes-agosto\/692181077_0.html\">[7 planes imprescindibles para hacer en Valencia durante el mes de agosto]<\/a><\/em><\/p>\n<p id=\"paragraph_5\">Un sin fin de planes con los que podr\u00e1s disfrutar de la magia que desprende esta ciudad \u00fanica evitando las horas de mayor calor o con los que podr\u00e1s afrontarlas con alguna alternativa refrescante.<\/p>\n<p id=\"paragraph_6\">As\u00ed que despu\u00e9s de proponerte <a rel=\"nofollow noopener\" target=\"_blank\" href=\"https:\/\/www.elespanol.com\/mujer\/actualidad\/20220801\/cosas-ver-hacer-asturias-agosto\/691431077_0.html\">10 cosas que ver y hacer en Asturias en agosto<\/a>, esta vez te invitamos a no perderte los mejores planes por Sevilla para viajar en agosto que hemos seleccionado.<\/p>\n<p id=\"paragraph_7\"><strong>Los mejores planes por Sevilla para viajar en agosto y huir del calor:<\/strong><\/p>\n<h3 class=\"content__summary-title\">&#8220;Las Noches de Luna Llena&#8221;\u00a0<\/h3>\n<div class=\"article-media \" itemscope=\"\" itemtype=\"http:\/\/schema.org\/ImageObject\">\n<p><img decoding=\"async\" alt=\"Las Noches de Luna Llena de Vincci La R\u00e1bida 4*.\" data-imgm=\"true\" height=\"180\" loading=\"lazy\" sizes=\"auto, (max-width: 479px) 100vw, (max-width: 1023px) 80vw, 40vw\" src=\"https:\/\/s1.eestatic.com\/2022\/08\/04\/actualidad\/692940999_226250524_1024x576.jpg\" srcset=\"https:\/\/s1.eestatic.com\/2022\/08\/04\/actualidad\/692940999_226250527_320x180.jpg 320w, https:\/\/s1.eestatic.com\/2022\/08\/04\/actualidad\/692940999_226250526_640x360.jpg 640w, https:\/\/s1.eestatic.com\/2022\/08\/04\/actualidad\/692940999_226250525_864x486.jpg 864w, https:\/\/s1.eestatic.com\/2022\/08\/04\/actualidad\/692940999_226250524_1024x576.jpg 1024w, https:\/\/s1.eestatic.com\/2022\/08\/04\/actualidad\/692940999_226250523_1706x960.jpg 1706w\" width=\"320\"\/><\/p>\n<div class=\"article-media__caption\">\n<p>\n                    <span class=\"article-media__caption-description\"><br \/>\n                                    &#8220;Las Noches de Luna Llena&#8221; de Vincci La R\u00e1bida 4*.<br \/>\n                            <\/span><\/p>\n<\/div><\/div>\n<p id=\"paragraph_8\">Llega el verano y Sevilla vuelve a vibrar con su shade especial y sus noches repletas de magia y de embrujo, sobre todo los d\u00edas de plenilunio. Con este escenario de ensue\u00f1o \u00fanico y una de las mejores vistas a la catedral hispalense y al <em>skyline<\/em> de la ciudad, <strong>Vincci La R\u00e1bida 4*<\/strong> reedita sus populares \u201cNoches de Luna Llena\u201d que se celebrar\u00e1n este mes de agosto los pr\u00f3ximos <strong>d\u00edas 12, 13 y 14.<\/strong>\u00a0<\/p>\n<p id=\"paragraph_9\">Sin duda, son la mejor oportunidad para vivir la noche sevillana en todo su esplendor bajo el encanto de la luna, con una panor\u00e1mica inigualable y la m\u00e1s deliciosa gastronom\u00eda desde su terraza y <strong>restaurante \u201cEl Mirador de Sevilla\u201d<\/strong>.<\/p>\n<p id=\"paragraph_10\">Unas veladas \u00fanicas que se celebran cada mes coincidiendo con el plenilunio y a\u00fanan todo el encanto de la noche sevillana y su shade especial con la mejor gastronom\u00eda, todo ello bajo el embrujo de la radiante luna.<\/p>\n<p id=\"paragraph_11\">La magia est\u00e1 servida y no solo en el ambiente, tambi\u00e9n en la mesa, con un men\u00fa especial compuesto por cuidadas especialidades culinarias como la Crema de Salmorejo de Frutos Silvestres, Tartar de Gamb\u00f3n y Helado de Parmesano; la Ensalada de Magret de Pato Laqueado, Mozarella, C\u00edtricos y Cherry asado en Escabeche de Pecana; el Solomillo Ib\u00e9rico Braseado, salsa de Casta\u00f1as, Cusc\u00fas de Calabaza y Albaricoque; y un Bacalao Selecto al Horno sobre Emulsi\u00f3n de Miso Rojo y salteado de Quinoa y Edamame.<\/p>\n<p id=\"paragraph_12\">El Tat\u00edn de Manzana, crema de C\u00edtricos y Helado de Caramelo a la Sal; el Flan de Queso de Cabra, salsa de Membrillo y Sorbete de Cerezas Confitadas y el C\u00f3ctel Kir Royal pondr\u00e1n el punto y last a una noche en la que los comensales se deleitar\u00e1n con las mejores opciones gastron\u00f3micas mientras observan el paisaje de la capital andaluza iluminado por la luna.<\/p>\n<h3 class=\"content__summary-title\">Conciertos Candlelight<\/h3>\n<div class=\"article-media \" itemscope=\"\" itemtype=\"http:\/\/schema.org\/ImageObject\">\n<p><img decoding=\"async\" alt=\"Conciertos Candlelight.\" data-imgm=\"true\" height=\"180\" loading=\"lazy\" sizes=\"auto, (max-width: 479px) 100vw, (max-width: 1023px) 80vw, 40vw\" src=\"https:\/\/s1.eestatic.com\/2022\/08\/04\/actualidad\/692941000_226250561_1024x576.jpg\" srcset=\"https:\/\/s1.eestatic.com\/2022\/08\/04\/actualidad\/692941000_226250564_320x180.jpg 320w, https:\/\/s1.eestatic.com\/2022\/08\/04\/actualidad\/692941000_226250563_640x360.jpg 640w, https:\/\/s1.eestatic.com\/2022\/08\/04\/actualidad\/692941000_226250562_864x486.jpg 864w, https:\/\/s1.eestatic.com\/2022\/08\/04\/actualidad\/692941000_226250561_1024x576.jpg 1024w, https:\/\/s1.eestatic.com\/2022\/08\/04\/actualidad\/692941000_226250560_1706x960.jpg 1706w\" width=\"320\"\/><\/p><\/div>\n<p id=\"paragraph_13\">\u00bfTe imaginas disfrutar de un sinf\u00edn de <strong>conciertos iluminados bajo la luz de las velas<\/strong> e interpretados por m\u00fasicos en directo y en algunos de los lugares m\u00e1s emblem\u00e1ticos de Sevilla? Pues de esto es precisamente de lo que podr\u00e1s disfrutar este mes de agosto en la capital hispalense.<\/p>\n<p id=\"paragraph_14\">Y es que, tras el \u00e9xito de las pasadas ediciones Candlelight, este a\u00f1o Sevilla contar\u00e1 con una exquisita selecci\u00f3n de conciertos durante agosto y septiembre, como un <strong>Tributo a Queen<\/strong> o a <strong>Hans Zimmer<\/strong> en las <strong>Setas de Sevilla<\/strong>, hasta incluso <strong><em>Las Cuatro Estaciones<\/em> <\/strong>de Vivaldi en <strong>Casa de Salinas<\/strong>.<\/p>\n<h3 class=\"content__summary-title\">Nocta\u00edra<\/h3>\n<div class=\"article-media  article-media--left \" itemscope=\"\" itemtype=\"http:\/\/schema.org\/ImageObject\">\n<p><img decoding=\"async\" alt=\"Cartel del Nocta\u00edra 2022.\" data-imgm=\"true\" height=\"854\" loading=\"lazy\" sizes=\"auto, (max-width: 479px) 100vw, (max-width: 767px) 80vw, 15vw\" src=\"https:\/\/s1.eestatic.com\/2022\/08\/04\/actualidad\/692941004_226250691_855x1140.jpg\" srcset=\"https:\/\/s1.eestatic.com\/2022\/08\/04\/actualidad\/692941004_226250764_640x854.jpg 640w, https:\/\/s1.eestatic.com\/2022\/08\/04\/actualidad\/692941004_226250763_855x1140.jpg 855w, https:\/\/s1.eestatic.com\/2022\/08\/04\/actualidad\/692941004_226250762_1280x1706.jpg 1280w\" width=\"640\"\/><\/p>\n<div class=\"article-media__caption\">\n<p>\n                    <span class=\"article-media__caption-description\"><br \/>\n                                    Cartel del Nocta\u00edra 2022.<br \/>\n                            <\/span><\/p>\n<\/div><\/div>\n<p id=\"paragraph_15\">El Ayuntamiento de <strong>Alcal\u00e1 de Guada\u00edra<\/strong> retoma este verano sus noches culturales con <strong>Nocta\u00edra, un competition cultural gratuito y perfecto para todos los p\u00fablicos<\/strong>, que tiene como objetivo fomentar el turismo patrimonial y cultural a trav\u00e9s de una alternativa de ocio perfecta para disfrutar de las noches veraniegas.<\/p>\n<p id=\"paragraph_16\">Una edici\u00f3n que este a\u00f1o se extender\u00e1 durante todo el mes de agosto y hasta el 3 de septiembre y que llegar\u00e1 a la Ribera de Guada\u00edra con una amplia programaci\u00f3n de m\u00fasica, teatro, actividades para los m\u00e1s peque\u00f1os y rutas tur\u00edsticas. \u00bfTe lo vas a perder?<\/p>\n<h3 class=\"content__summary-title\">Noches en los Jardines del Actual Alc\u00e1zar<\/h3>\n<div class=\"article-media \" itemscope=\"\" itemtype=\"http:\/\/schema.org\/ImageObject\">\n<p><img decoding=\"async\" alt=\"\u2018Noches en los Jardines del Real Alc\u00e1zar.\" data-imgm=\"true\" height=\"180\" loading=\"lazy\" sizes=\"auto, (max-width: 479px) 100vw, (max-width: 1023px) 80vw, 40vw\" src=\"https:\/\/s1.eestatic.com\/2022\/08\/04\/actualidad\/692941010_226250875_1024x576.jpg\" srcset=\"https:\/\/s1.eestatic.com\/2022\/08\/04\/actualidad\/692941010_226250878_320x180.jpg 320w, https:\/\/s1.eestatic.com\/2022\/08\/04\/actualidad\/692941010_226250877_640x360.jpg 640w, https:\/\/s1.eestatic.com\/2022\/08\/04\/actualidad\/692941010_226250876_864x486.jpg 864w, https:\/\/s1.eestatic.com\/2022\/08\/04\/actualidad\/692941010_226250875_1024x576.jpg 1024w, https:\/\/s1.eestatic.com\/2022\/08\/04\/actualidad\/692941010_226250874_1706x960.jpg 1706w\" width=\"320\"\/><\/p>\n<div class=\"article-media__caption\">\n<p>\n                    <span class=\"article-media__caption-description\"><br \/>\n                                    \u2018Noches en los Jardines del Actual Alc\u00e1zar.<br \/>\n                            <\/span><\/p>\n<\/div><\/div>\n<p id=\"paragraph_17\">Los jardines del Actual Alc\u00e1zar de Sevilla son un tesoro vivo lleno de historia y de ex\u00f3ticas y arom\u00e1ticas flores y \u00e1rboles centenarios. Un reflejo fiel y atemporal de las propias ra\u00edces de Sevilla en el que este mes de agosto tambi\u00e9n se unir\u00e1n naturaleza y m\u00fasica con una nueva edici\u00f3n de \u2018Noches en los Jardines del Real Alc\u00e1zar\u2019.<\/p>\n<p id=\"paragraph_18\">Una actividad pensada para disfrutar, descubrir y emocionarnos con la <strong>m\u00fasica antigua, la m\u00fasica cl\u00e1sica, el flamenco, el jazz o las m\u00fasicas del mundo<\/strong> en los jardines del m\u00e1s antiguo palacio europeo en uso. Un referente de la m\u00fasica y todo un cl\u00e1sico en los veranos sevillanos que tampoco te puedes perder.<\/p>\n<h3 class=\"content__summary-title\">Cines de verano en Sevilla<\/h3>\n<div class=\"article-media \" itemscope=\"\" itemtype=\"http:\/\/schema.org\/ImageObject\">\n<p><img decoding=\"async\" alt=\"Cine de verano en Sevilla.\" data-imgm=\"true\" height=\"180\" loading=\"lazy\" sizes=\"auto, (max-width: 479px) 100vw, (max-width: 1023px) 80vw, 40vw\" src=\"https:\/\/s1.eestatic.com\/2022\/08\/04\/actualidad\/692941014_226250993_1024x576.jpg\" srcset=\"https:\/\/s1.eestatic.com\/2022\/08\/04\/actualidad\/692941014_226250996_320x180.jpg 320w, https:\/\/s1.eestatic.com\/2022\/08\/04\/actualidad\/692941014_226250995_640x360.jpg 640w, https:\/\/s1.eestatic.com\/2022\/08\/04\/actualidad\/692941014_226250994_864x486.jpg 864w, https:\/\/s1.eestatic.com\/2022\/08\/04\/actualidad\/692941014_226250993_1024x576.jpg 1024w, https:\/\/s1.eestatic.com\/2022\/08\/04\/actualidad\/692941014_226250992_1706x960.jpg 1706w\" width=\"320\"\/><\/p>\n<div class=\"article-media__caption\">\n<p>\n                    <span class=\"article-media__caption-description\"><br \/>\n                                    Cine de verano en Sevilla.<br \/>\n                            <\/span><\/p>\n<\/div><\/div>\n<p id=\"paragraph_19\">Hasta el 26 de agosto la ciudad de Sevilla contar\u00e1 tambi\u00e9n con proyecciones de pel\u00edculas en los cines de verano de los distritos municipales. <strong>Sesiones gratuitas<\/strong> a trav\u00e9s de las que podr\u00e1s disfrutar de pel\u00edculas para todos los p\u00fablicos dobladas en espa\u00f1ol.<\/p>\n<p id=\"paragraph_20\"><em>Spirit indomable<\/em>, <em>Cruella<\/em>, <em>Jungle cruise,<\/em>\u00a0<em>Free man<\/em>, <em>Una misi\u00f3n de locos<\/em>, <em>Sonic<\/em>\u00a0o la pel\u00edcula, <em>A Todo tren. Destino Asturias<\/em>, son solo algunas de las pel\u00edculas que encontrar\u00e1s en cartelera este mes de agosto.<\/p>\n<h3 class=\"content__summary-title\">Piscinas con las mejores vistas<\/h3>\n<p id=\"paragraph_21\">\u00bfY si uni\u00e9ramos piscina, las mejores vistas y los mejores c\u00f3cteles? Eso es lo que encontrar\u00e1s en algunas de las mejores <strong>terrazas con vistas y piscina<\/strong> de Sevilla. En ellas podr\u00e1s probar los c\u00f3cteles m\u00e1s deliciosos y refrescantes, todo ello acompa\u00f1ado con vistas de esc\u00e1ndalo.<\/p>\n<p id=\"paragraph_22\">El <strong>Lodge UNUK<\/strong>, <strong>Do\u00f1a Mar\u00eda<\/strong>, el <strong>Fernando III<\/strong>, <strong>Fontecruz Seises<\/strong>\u2026 Estas son solo algunas de las muchas piscinas con vistas que te esperan en Sevilla.<\/p>\n<h3 class=\"content__summary-title\">Noches de verano en el palacio mud\u00e9jar<\/h3>\n<div class=\"article-media \" itemscope=\"\" itemtype=\"http:\/\/schema.org\/ImageObject\">\n<p><img decoding=\"async\" alt=\"Noches de verano en el Palacio de los Marqueses de la Algaba.\" height=\"1120\" src=\"https:\/\/s1.eestatic.com\/2022\/08\/04\/actualidad\/692941018_226251208_1706x1120.jpg\" width=\"1706\" data-lazy-status=\"processed\" data-lazy-info=\"remove loading item 1\"\/><\/p>\n<div class=\"article-media__caption\">\n<p>\n                    <span class=\"article-media__caption-description\"><br \/>\n                                    Noches de verano en el Palacio de los Marqueses de la Algaba.<br \/>\n                            <\/span><\/p>\n<\/div><\/div>\n<p id=\"paragraph_23\">Se trata de uno de los ciclos culturales m\u00e1s diversos e interesantes de Sevilla. Marqueses de Algaba ofrece una panor\u00e1mica \u00fanica y unique de la creaci\u00f3n y la interpretaci\u00f3n esc\u00e9nica y musical de la ciudad con una clara vinculaci\u00f3n con las efem\u00e9rides hist\u00f3ricas.<\/p>\n<p id=\"paragraph_24\">Esta edici\u00f3n 2022 de las noches de verano de Marqueses de la Algaba engloba un whole de <strong>300 propuestas musicales y esc\u00e9nicas<\/strong> que componen una oferta cultural \u00fanica en la ciudad que abarca desde la m\u00fasica antigua a las remezclas de Antropoloops pasando por el pop, el flamenco y la m\u00fasica infantil, solo en lo que a m\u00fasica se refiere.<\/p>\n<p id=\"paragraph_25\">Respecto a las <strong>artes esc\u00e9nicas<\/strong> abarca desde la propuesta creada <em>ex profeso<\/em> para este ciclo <em>Cartas de un Verano sin Cobertura<\/em>, a cargo de La Ejecutora y que tendr\u00e1 un <em>spin off<\/em> en la programaci\u00f3n en los distritos de Veraneo en la Metropolis, al mon\u00f3logo <em>El Rey Sabio<\/em>\u00a0de Juan Gamba, pasando por <em>El Viento y la Derrota<\/em>\u00a0de Madeja Teatro.<\/p>\n<p id=\"paragraph_26\">Un a\u00f1o m\u00e1s, Marqueses se convierte en el principal referente de la Cultura sevillana en el verano, con una programaci\u00f3n y un escenario id\u00edlico e inmejorable para disfrutar de las noches veraniegas de Sevilla con la mejor cultura.<\/p>\n<h3 class=\"content__summary-title\">Playas paradis\u00edacas\u00a0<\/h3>\n<div class=\"article-media \" itemscope=\"\" itemtype=\"http:\/\/schema.org\/ImageObject\">\n<p><img decoding=\"async\" alt=\"Playa de Matalasca\u00f1as, ubicada a una hora de Sevilla en coche.\" data-imgm=\"true\" height=\"180\" loading=\"lazy\" sizes=\"auto, (max-width: 479px) 100vw, (max-width: 1023px) 80vw, 40vw\" src=\"https:\/\/s1.eestatic.com\/2022\/08\/04\/actualidad\/692941022_226251271_1024x576.jpg\" srcset=\"https:\/\/s1.eestatic.com\/2022\/08\/04\/actualidad\/692941022_226251274_320x180.jpg 320w, https:\/\/s1.eestatic.com\/2022\/08\/04\/actualidad\/692941022_226251273_640x360.jpg 640w, https:\/\/s1.eestatic.com\/2022\/08\/04\/actualidad\/692941022_226251272_864x486.jpg 864w, https:\/\/s1.eestatic.com\/2022\/08\/04\/actualidad\/692941022_226251271_1024x576.jpg 1024w, https:\/\/s1.eestatic.com\/2022\/08\/04\/actualidad\/692941022_226251270_1706x960.jpg 1706w\" width=\"320\"\/><\/p>\n<div class=\"article-media__caption\">\n<p>\n                    <span class=\"article-media__caption-description\"><br \/>\n                                    Playa de Matalasca\u00f1as, ubicada a una hora de Sevilla en coche.<br \/>\n                            <\/span><\/p>\n<\/div><\/div>\n<p id=\"paragraph_27\">M\u00e1s all\u00e1 de conciertos, jornadas de cine y cultura, no se nos ocurre mejor plan para refrescarse y huir de las altas temperaturas de la \u00e9poca estival en Sevilla que escaparse a la costa andaluza para disfrutar de algunas de las mejores playas de Espa\u00f1a y de sus chiringuitos. Playas situadas cerca de Sevilla entre las que podr\u00e1s encontrar aut\u00e9nticas playas paradis\u00edacas como la <strong>Playa Islantilla<\/strong>, <strong>Matalasca\u00f1as<\/strong>, <strong>El Palmar<\/strong>, <strong>Punta Umbr\u00eda<\/strong>, entre otras.<\/p>\n<h3 class=\"follow-topics-title\"><span class=\"follow-topics-title__icon\"\/>Sigue los temas que te interesan<\/h3>\n<\/p><\/div>\n\n<p><em> &#8221; Fuentes www.elespanol.com &#8221; <\/em><\/p>\n","protected":false},"excerpt":{"rendered":"<p>Con la llegada de agosto sube el mercurio en la capital hispalense y con \u00e9l, las ganas de vivir la ciudad cuando cae el sol o de disfrutar de las alternativas m\u00e1s refrescantes con las que hacer frente al calor infernal que cada verano conquista la ciudad sevillana. Aunque las temperaturas rara vez bajan de [&hellip;]<\/p>\n","protected":false},"author":4,"featured_media":366407,"comment_status":"open","ping_status":"closed","sticky":false,"template":"","format":"standard","meta":{"om_disable_all_campaigns":false,"jnews-multi-image_gallery":[],"jnews_single_post":[],"jnews_primary_category":[],"jnews_social_meta":[],"footnotes":""},"categories":[39],"tags":[707,3657,4044,544],"class_list":["post-366406","post","type-post","status-publish","format-standard","has-post-thumbnail","hentry","category-viajes","tag-actualidad","tag-planes","tag-sevilla","tag-turismo"],"_links":{"self":[{"href":"https:\/\/dimensionturistica.com\/es\/wp-json\/wp\/v2\/posts\/366406","targetHints":{"allow":["GET"]}}],"collection":[{"href":"https:\/\/dimensionturistica.com\/es\/wp-json\/wp\/v2\/posts"}],"about":[{"href":"https:\/\/dimensionturistica.com\/es\/wp-json\/wp\/v2\/types\/post"}],"author":[{"embeddable":true,"href":"https:\/\/dimensionturistica.com\/es\/wp-json\/wp\/v2\/users\/4"}],"replies":[{"embeddable":true,"href":"https:\/\/dimensionturistica.com\/es\/wp-json\/wp\/v2\/comments?post=366406"}],"version-history":[{"count":0,"href":"https:\/\/dimensionturistica.com\/es\/wp-json\/wp\/v2\/posts\/366406\/revisions"}],"wp:featuredmedia":[{"embeddable":true,"href":"https:\/\/dimensionturistica.com\/es\/wp-json\/wp\/v2\/media\/366407"}],"wp:attachment":[{"href":"https:\/\/dimensionturistica.com\/es\/wp-json\/wp\/v2\/media?parent=366406"}],"wp:term":[{"taxonomy":"category","embeddable":true,"href":"https:\/\/dimensionturistica.com\/es\/wp-json\/wp\/v2\/categories?post=366406"},{"taxonomy":"post_tag","embeddable":true,"href":"https:\/\/dimensionturistica.com\/es\/wp-json\/wp\/v2\/tags?post=366406"}],"curies":[{"name":"wp","href":"https:\/\/api.w.org\/{rel}","templated":true}]}}