{"id":366352,"date":"2022-08-06T21:53:07","date_gmt":"2022-08-06T21:53:07","guid":{"rendered":"https:\/\/dimensionturistica.com\/es\/?p=366352"},"modified":"2022-08-06T21:55:10","modified_gmt":"2022-08-06T21:55:10","slug":"la-gala-reunio-a-cinco-premios-benois-de-la-danse-estrellas-del-ballet-internacional-y-a-la-compania-nacional-de-danza-incluyo-ademas-una-decena-de-coreografias-de-creadores-como-marius-petipa-uw","status":"publish","type":"post","link":"https:\/\/dimensionturistica.com\/es\/la-gala-reunio-a-cinco-premios-benois-de-la-danse-estrellas-del-ballet-internacional-y-a-la-compania-nacional-de-danza-incluyo-ademas-una-decena-de-coreografias-de-creadores-como-marius-petipa-uw\/","title":{"rendered":"La gala reuni\u00f3 a cinco premios Benois de la Danse, estrellas del ballet internacional y a la Compa\u00f1\u00eda Nacional de Danza. Incluy\u00f3, adem\u00e1s, una decena de coreograf\u00edas de creadores como Marius Petipa, Uwe Scholz, Mikhail Fokine y Marco Goecke."},"content":{"rendered":"<p><img decoding=\"async\" class=\"size-medium wp-image-366366 alignright\" src=\"https:\/\/dimensionturistica.com\/es\/wp-content\/uploads\/2022\/08\/DANZANTE1-300x200.jpg\" alt=\"\" width=\"300\" height=\"200\" srcset=\"https:\/\/dimensionturistica.com\/es\/wp-content\/uploads\/2022\/08\/DANZANTE1-300x200.jpg 300w, https:\/\/dimensionturistica.com\/es\/wp-content\/uploads\/2022\/08\/DANZANTE1.jpg 500w\" sizes=\"(max-width: 300px) 100vw, 300px\" \/>La quinta edici\u00f3n del Festival Internacional de la Danza. Danzatl\u00e1n culmin\u00f3 la noche del 1 de agosto con la Gala \u201cElisa y Amigos\u201d, en la que Elisa Carrillo debut\u00f3 como la primera mexicana en bailar el papel principal de Bolero -obra maestra del core\u00f3grafo franc\u00e9s Maurice B\u00e9jart- y con la presentaci\u00f3n de medio centenar de bailarines en escena.<br \/>\nEl festival es una coproducci\u00f3n entre el gobierno del Estado de M\u00e9xico, a trav\u00e9s de la Secretar\u00eda de Cultura y Turismo, y la fundaci\u00f3n de la primera bailarina mexiquense. En 2022 incluy\u00f3 21 actividades, como clases magistrales, talleres, funciones, estrenos y charlas, m\u00e1s un ciclo de cine, que tuvieron lugar en el Estado de M\u00e9xico, principalmente, y en la capital mexicana.<img decoding=\"async\" class=\"size-medium wp-image-366367 alignright\" src=\"https:\/\/dimensionturistica.com\/es\/wp-content\/uploads\/2022\/08\/DANZANTE2-300x200.jpg\" alt=\"\" width=\"300\" height=\"200\" srcset=\"https:\/\/dimensionturistica.com\/es\/wp-content\/uploads\/2022\/08\/DANZANTE2-300x200.jpg 300w, https:\/\/dimensionturistica.com\/es\/wp-content\/uploads\/2022\/08\/DANZANTE2.jpg 500w\" sizes=\"(max-width: 300px) 100vw, 300px\" \/><br \/>\nLas dos funciones de la gala, realizadas dentro del encuentro, fueron el 31 de julio en el Teatro Morelos, en Toluca, y el 1 de agosto en la Sala de Conciertos \u201cElisa Carrillo\u201d del Centro Cultural Mexiquense Bicentenario, en Texcoco.<br \/>\nLa premier de Bolero tuvo lugar en Bruselas en enero de 1961 y est\u00e1 inspirada en la m\u00fasica de Maurice Ravel. Esta pieza de 16 minutos, llena de sensualidad, fue interpretada al final del programa por Carrillo, quien danz\u00f3 sobre una mesa, rodeada por 40 bailarines hombres, procedentes de distintos puntos del pa\u00eds y seleccionados mediante audiciones.<img decoding=\"async\" class=\"size-medium wp-image-366368 alignright\" src=\"https:\/\/dimensionturistica.com\/es\/wp-content\/uploads\/2022\/08\/DANZANTE3-300x200.jpg\" alt=\"\" width=\"300\" height=\"200\" srcset=\"https:\/\/dimensionturistica.com\/es\/wp-content\/uploads\/2022\/08\/DANZANTE3-300x200.jpg 300w, https:\/\/dimensionturistica.com\/es\/wp-content\/uploads\/2022\/08\/DANZANTE3.jpg 500w\" sizes=\"(max-width: 300px) 100vw, 300px\" \/><br \/>\nEn 2022 las galas reunieron a cinco premios Benois de la Danse: el brasile\u00f1o Marcelo Gomes, del Ballet de la \u00d3pera Semper de Dresden; la espa\u00f1ola Luc\u00eda Lacarra, del Dortmund Ballett; el argentino Herman Cornejo, del American Ballet Theatre; el sudcoreano Kimin Kim, del Ballet del Teatro Mariinsky, y la mexicana Elisa Carrillo Cabrera, del Staatsballett Berlin.<br \/>\nTambi\u00e9n participaron la estadounidense Skylar Brandt, del American Ballet Theatre; la rusa Ekaterina Pervushina, del Ballet del Teatro del Kremlin; el canadiense Matthew Golding, del Dortmund Ballett; el cubano Alejandro Virelles, del Staatsballett Berlin, y el espa\u00f1ol<img decoding=\"async\" class=\"size-medium wp-image-366372 alignright\" src=\"https:\/\/dimensionturistica.com\/es\/wp-content\/uploads\/2022\/08\/DANZANTE4-300x200.jpg\" alt=\"\" width=\"300\" height=\"200\" srcset=\"https:\/\/dimensionturistica.com\/es\/wp-content\/uploads\/2022\/08\/DANZANTE4-300x200.jpg 300w, https:\/\/dimensionturistica.com\/es\/wp-content\/uploads\/2022\/08\/DANZANTE4.jpg 500w\" sizes=\"(max-width: 300px) 100vw, 300px\" \/> Alejandro Mart\u00ednez, del Ballet de la \u00d3pera Semper de Dresden, con parte del elenco de la Compa\u00f1\u00eda Nacional de Danza de M\u00e9xico.<br \/>\nEl programa estuvo compuesto, adem\u00e1s de Bolero, por una decena de coreograf\u00edas: Sonata, de Uwe Scholz; Faun(e), de David Dawson; Romeo y Julieta, de Mikhail Lavrovsky; Borealia, de Edwaard Liang; \u201cEl cisne negro\u201d (pas de deux), de Marius Petipa;<br \/>\nAll Long Dem Day, de Marco Goecke; Snow Storm, de Yuri Possokhov; These arms, de Nicholas Palmquist; La muerte del cisne, de Mikhail Fokine, y Don Quijote, \u201cPas de deux\u201d, de Petipa.<img decoding=\"async\" class=\"size-medium wp-image-366373 alignright\" src=\"https:\/\/dimensionturistica.com\/es\/wp-content\/uploads\/2022\/08\/DANZANTE6-300x200.jpg\" alt=\"\" width=\"300\" height=\"200\" srcset=\"https:\/\/dimensionturistica.com\/es\/wp-content\/uploads\/2022\/08\/DANZANTE6-300x200.jpg 300w, https:\/\/dimensionturistica.com\/es\/wp-content\/uploads\/2022\/08\/DANZANTE6.jpg 500w\" sizes=\"(max-width: 300px) 100vw, 300px\" \/><br \/>\nCierre con broche de oro Tras obtener los derechos de Bolero, la primera bailarina del Staatsballett Berlin tuvo que<br \/>\nviajar, en diversas ocasiones, a Lausana (Suiza), sede de la Fundaci\u00f3n Maurice B\u00e9jart. En ese pa\u00eds europeo, Carrillo trabaj\u00f3 directamente en la coreograf\u00eda, de la mano del director art\u00edstico del B\u00e9jart Ballet Lausanne, Gil Rom\u00e1n, y con su asistente art\u00edstica, Elisabet Ros.<br \/>\nEn M\u00e9xico supervis\u00f3 el montaje Piotr Nardelli, ex asistente coreogr\u00e1fico del propio B\u00e9jart, repositor de sus obras a nivel mundial y ballet master de Bolero, quien en cada ensayo dio instrucciones precisas a los bailarines para irse integrando a la danza, a medida que se<img decoding=\"async\" class=\"size-medium wp-image-366374 alignright\" src=\"https:\/\/dimensionturistica.com\/es\/wp-content\/uploads\/2022\/08\/DANZANTE7-300x200.jpg\" alt=\"\" width=\"300\" height=\"200\" srcset=\"https:\/\/dimensionturistica.com\/es\/wp-content\/uploads\/2022\/08\/DANZANTE7-300x200.jpg 300w, https:\/\/dimensionturistica.com\/es\/wp-content\/uploads\/2022\/08\/DANZANTE7.jpg 500w\" sizes=\"(max-width: 300px) 100vw, 300px\" \/> suman m\u00e1s instrumentos musicales.<br \/>\nB\u00e9jart (1927-2007), considerado un revolucionario de la danza del siglo XX, describ\u00eda la composici\u00f3n de Ravel como una m\u00fasica demasiado conocida y, sin embargo, fresca debido a su sencillez. Daba el rol protag\u00f3nico, La Melod\u00eda, a una bailarina y, otras, a un bailar\u00edn, mientras el ritmo era ejecutado por int\u00e9rpretes masculinos.<br \/>\nA diferencia de otros artistas que coreografiaron el Bolero antes que \u00e9l, el creador franc\u00e9s repudiaba lo pintoresco para expresar lo esencial, cita el B\u00e9jart Ballet Lausanne, compa\u00f1\u00eda que surgi\u00f3 en 1987.<br \/>\nB\u00e9jart fue bailar\u00edn, core\u00f3grafo y fundador de la compa\u00f1\u00eda Les Ballets de l\u2019Etoile. Se revel\u00f3 como un visionario<img decoding=\"async\" class=\"size-medium wp-image-366375 alignleft\" src=\"https:\/\/dimensionturistica.com\/es\/wp-content\/uploads\/2022\/08\/DANZANTE10-300x200.jpg\" alt=\"\" width=\"300\" height=\"200\" srcset=\"https:\/\/dimensionturistica.com\/es\/wp-content\/uploads\/2022\/08\/DANZANTE10-300x200.jpg 300w, https:\/\/dimensionturistica.com\/es\/wp-content\/uploads\/2022\/08\/DANZANTE10.jpg 500w\" sizes=\"(max-width: 300px) 100vw, 300px\" \/> con su obra\u00a0Sinfon\u00eda para un hombre solo\u00a0(1955) y con\u00a0La consagraci\u00f3n de la primavera\u00a0(1959). En 1960 lanz\u00f3 en Bruselas Le ballet du XXe Si\u00e8cle, compa\u00f1\u00eda que gir\u00f3 por el mundo con puestas como\u00a0Bolero\u00a0(1961),\u00a0Misa para el tiempo presente\u00a0(1967) y\u00a0El\u00a0p\u00e1jaro de fuego\u00a0(1970).<br \/>\nEn 1987 esta agrupaci\u00f3n se convirti\u00f3 en el B\u00e9jart Ballet Lausanne, donde cre\u00f3 gran cantidad de ballets, algunos para Rudolf Nureyev, Maya Plis\u00e9tskaya, Jorge Donn y V\u00edctor Ullate. Adem\u00e1s, dirigi\u00f3 a int\u00e9rpretes como Mikhail Baryshnikov y Sylvie Guillem. Maurice B\u00e9jart muri\u00f3 en Lausana en 2007.<\/p>\n","protected":false},"excerpt":{"rendered":"<p>La quinta edici\u00f3n del Festival Internacional de la Danza. Danzatl\u00e1n culmin\u00f3 la noche del 1 de agosto con la Gala \u201cElisa y Amigos\u201d, en la que Elisa Carrillo debut\u00f3 como la primera mexicana en bailar el papel principal de Bolero -obra maestra del core\u00f3grafo franc\u00e9s Maurice B\u00e9jart- y con la presentaci\u00f3n de medio centenar de [&hellip;]<\/p>\n","protected":false},"author":1,"featured_media":366379,"comment_status":"open","ping_status":"closed","sticky":false,"template":"","format":"standard","meta":{"om_disable_all_campaigns":false,"jnews-multi-image_gallery":[],"jnews_single_post":{"source_name":"","source_url":"","via_name":"","via_url":"","override_template":"0","override":[{"template":"1","single_blog_custom":"","parallax":"1","fullscreen":"1","layout":"right-sidebar","sidebar":"default-sidebar","second_sidebar":"default-sidebar","sticky_sidebar":"1","share_position":"top","share_float_style":"share-monocrhome","show_share_counter":"1","show_view_counter":"1","show_featured":"1","show_post_meta":"1","show_post_author":"1","show_post_author_image":"1","show_post_date":"1","post_date_format":"default","post_date_format_custom":"Y\/m\/d","show_post_category":"1","show_post_reading_time":"0","post_reading_time_wpm":"300","show_zoom_button":"0","zoom_button_out_step":"2","zoom_button_in_step":"3","show_post_tag":"1","show_prev_next_post":"1","show_popup_post":"1","number_popup_post":"1","show_author_box":"0","show_post_related":"0","show_inline_post_related":"0"}],"override_image_size":"0","image_override":[{"single_post_thumbnail_size":"crop-500","single_post_gallery_size":"crop-500"}],"trending_post":"0","trending_post_position":"meta","trending_post_label":"Trending","sponsored_post":"0","sponsored_post_label":"Sponsored by","sponsored_post_name":"","sponsored_post_url":"","sponsored_post_logo_enable":"0","sponsored_post_logo":"","sponsored_post_desc":"","disable_ad":"0"},"jnews_primary_category":{"id":""},"jnews_social_meta":{"fb_title":"","fb_description":"","fb_image":"","twitter_title":"","twitter_description":"","twitter_image":""},"footnotes":""},"categories":[40],"tags":[],"class_list":["post-366352","post","type-post","status-publish","format-standard","has-post-thumbnail","hentry","category-industria"],"_links":{"self":[{"href":"https:\/\/dimensionturistica.com\/es\/wp-json\/wp\/v2\/posts\/366352","targetHints":{"allow":["GET"]}}],"collection":[{"href":"https:\/\/dimensionturistica.com\/es\/wp-json\/wp\/v2\/posts"}],"about":[{"href":"https:\/\/dimensionturistica.com\/es\/wp-json\/wp\/v2\/types\/post"}],"author":[{"embeddable":true,"href":"https:\/\/dimensionturistica.com\/es\/wp-json\/wp\/v2\/users\/1"}],"replies":[{"embeddable":true,"href":"https:\/\/dimensionturistica.com\/es\/wp-json\/wp\/v2\/comments?post=366352"}],"version-history":[{"count":0,"href":"https:\/\/dimensionturistica.com\/es\/wp-json\/wp\/v2\/posts\/366352\/revisions"}],"wp:featuredmedia":[{"embeddable":true,"href":"https:\/\/dimensionturistica.com\/es\/wp-json\/wp\/v2\/media\/366379"}],"wp:attachment":[{"href":"https:\/\/dimensionturistica.com\/es\/wp-json\/wp\/v2\/media?parent=366352"}],"wp:term":[{"taxonomy":"category","embeddable":true,"href":"https:\/\/dimensionturistica.com\/es\/wp-json\/wp\/v2\/categories?post=366352"},{"taxonomy":"post_tag","embeddable":true,"href":"https:\/\/dimensionturistica.com\/es\/wp-json\/wp\/v2\/tags?post=366352"}],"curies":[{"name":"wp","href":"https:\/\/api.w.org\/{rel}","templated":true}]}}