{"id":366292,"date":"2022-08-06T19:01:18","date_gmt":"2022-08-06T19:01:18","guid":{"rendered":"https:\/\/dimensionturistica.com\/es\/?p=366292"},"modified":"2022-08-06T19:01:18","modified_gmt":"2022-08-06T19:01:18","slug":"el-escenario-de-la-primera-pelicula-de-la-historia","status":"publish","type":"post","link":"https:\/\/dimensionturistica.com\/es\/el-escenario-de-la-primera-pelicula-de-la-historia\/","title":{"rendered":"El escenario de la primera pel\u00edcula de la historia"},"content":{"rendered":"<p> <br \/>\n<\/p>\n<div>\n<div id=\"involveds\" class=\"involveds wrap\">\n<div class=\"involved-authors only-author\">\n<div class=\"first-author\">\n<figure class=\"thumb col-xs-3\">&#13;<img loading=\"lazy\" decoding=\"async\" src=\"https:\/\/viajes.nationalgeographic.com.es\/medio\/2021\/12\/09\/foto-alex-newsletter_0d47dd82_600x600.jpg\" alt=\"Foto Alex Newsletter\" class=\"lazyload\" width=\"600\" height=\"600\" data-aspectratio=\"600\/600\"\/><noscript><img decoding=\"async\" src=\"https:\/\/viajes.nationalgeographic.com.es\/medio\/2021\/12\/09\/foto-alex-newsletter_0d47dd82_600x600.jpg\" alt=\"Foto Alex Newsletter\"\/><\/noscript>&#13;<\/figure>\n<\/div>\n<\/div>\n<\/div>\n<p class=\"date\"> <time itemprop=\"dateModified\" datetime=\"2022-08-06T07:00:00+02:00\" data-timestamp=\"1659769200\">&#13;06 de agosto de 2022 \u00b7 07:00<\/time>&#13;<\/p>\n<\/div>\n<div id=\"article-text\">\n<div class=\"txt\">\n<aside class=\"subscription-highlighted\">\n<div class=\"subscription-container\">\n<div class=\"non-subscribed\">\n<p class=\"description\">Somos de rutas, no de rutinas. Descubre Viajes Nationwide Geographic<\/p>\n<p><a rel=\"nofollow noopener\" target=\"_blank\" href=\"https:\/\/tienda.rbarevistas.com\/por-que-viajes-national-geographic.html?rba_source=viajes.nationalgeographic.com.es&amp;rba_medium=referral&amp;rba_campaign=NGMV&amp;rba_content=frase-articulo\" class=\"more-link\">SABER M\u00c1S<\/a><\/div>\n<\/div>\n<\/aside>\n<p style=\"display: none;\"><img decoding=\"async\" id=\"ctl01_ctl00_phMain_phMain_ctl00_ctl02_ctl17_ctl01_imgContent\" src=\"https:\/\/viajes.nationalgeographic.com.es\/medio\/2022\/08\/05\/hangar-lumiere_518d70c0_800x800.jpg\" alt=\"Hangar lumi\u00e8re\" style=\"border-width:0px;\"\/><\/p>\n<aside class=\"add300x250 publi-interior-top ad-container-r1 ad-inline\"\/>\n<p dir=\"ltr\"><span id=\"docs-internal-guid-cac5a78c-7fff-63c9-e2f2-31203a41c57f\">Ocurri\u00f3 hace 127 a\u00f1os, pero se puede seguir viendo porque qued\u00f3 grabado en 46 segundos. Se trata de un plano basic: los obreros y obreras de la f\u00e1brica Monplaisir salen tranquilos del hangar de la f\u00e1brica despu\u00e9s de un d\u00eda de trabajo. Unos van hacia la derecha y otros hacia la izquierda. Algunos hablan entre ellos. De pronto, sale un hombre que parece jugar con un perro. Luego salen algunos con sus bicicletas y, finalmente, se intuye que el \u00faltimo va a cerrar las puertas. <strong>Parece poca cosa, pero estos 46 segundos son el Large Bang del cine<\/strong>. El cortometraje con el que comenz\u00f3 todo parece un documental, pero ya desde el principio en el cine nada es lo que parece. La escena estuvo dirigida por los hermanos Lumi\u00e8re: nadie mira a c\u00e1mara y todos van bien vestidos.<\/span><\/p>\n<p><span id=\"docs-internal-guid-cac5a78c-7fff-63c9-e2f2-31203a41c57f\">Los estudiosos han fechado el d\u00eda de la grabaci\u00f3n el 26 de mayo de 1895 por las sombras que se ven, pero lo que hace importante a este cortometraje es en realidad que se proyectara en el Sal\u00f3n Indien du Grand Caf\u00e9 de Par\u00eds, un s\u00f3tano en el Boulevard des Capucines cerca de la Place de l&#8217;Op\u00e9ra, el 28 de diciembre de 1895 junto a otras nueve piezas. Aquella fue la primera proyecci\u00f3n de cine p\u00fablica de la historia. <\/span><\/p>\n<p><span id=\"docs-internal-guid-cac5a78c-7fff-63c9-e2f2-31203a41c57f\">El primer escenario cinematogr\u00e1fico permanece actualizado en <a rel=\"nofollow noopener\" target=\"_blank\" href=\"https:\/\/viajes.nationalgeographic.com.es\/a\/lyon-ciudad-saint-exupery_11667\">Lyon<\/a>. Para encontrarlo m\u00e1s f\u00e1cilmente, <strong>se puso a la calle el nombre de Rue du Premier Movie<\/strong>. Hoy el hangar<strong> <\/strong>es la sede del Instituto Lumi\u00e8re, un edificio moderno que estuvo a punto de ser borrado por un proyecto inmobiliario de principios de la d\u00e9cada de los 80 del siglo pasado, si no hubiera sido por la iniciativa privada de cin\u00e9filos franceses. Finalmente, fue declarado <\/span>junto a la casa de los Lumi\u00e8re (El Museo de la Luz) como<span> <strong>Monumento Hist\u00f3rico por el Ministerio de Cultura durante las celebraciones del Centenario del Cine en 1995<\/strong>. En la actualidad, como tributo a los pioneros del cine, el hangar se usa sala de proyecci\u00f3n del Institut Lumi\u00e8re. Quienes pasen a visitarlo podr\u00e1n identificar la antigua cubierta de la f\u00e1brica acquainted que se ve en el cortometraje: los cimientos y el techo de los or\u00edgenes del cine.<\/span><\/p>\n<aside class=\"add300x600 publi-interior-bot ad-inline ad-container-r2\"\/><\/div>\n<p><!-- START:toolbar --><!-- END:toolbar --><\/div>\n\n<p><em> &#8221; Fuentes viajes.nationalgeographic.com.es &#8221; <\/em><\/p>\n","protected":false},"excerpt":{"rendered":"<p>&#13;&#13; &#13;06 de agosto de 2022 \u00b7 07:00&#13; Somos de rutas, no de rutinas. Descubre Viajes Nationwide Geographic SABER M\u00c1S Ocurri\u00f3 hace 127 a\u00f1os, pero se puede seguir viendo porque qued\u00f3 grabado en 46 segundos. Se trata de un plano basic: los obreros y obreras de la f\u00e1brica Monplaisir salen tranquilos del hangar de la [&hellip;]<\/p>\n","protected":false},"author":4,"featured_media":334727,"comment_status":"open","ping_status":"closed","sticky":false,"template":"","format":"standard","meta":{"om_disable_all_campaigns":false,"jnews-multi-image_gallery":[],"jnews_single_post":[],"jnews_primary_category":[],"jnews_social_meta":[],"footnotes":""},"categories":[39],"tags":[47258,47257],"class_list":["post-366292","post","type-post","status-publish","format-standard","has-post-thumbnail","hentry","category-viajes","tag-cargado-desde-el-fichero-de-recursos","tag-keywords-por-defecto"],"_links":{"self":[{"href":"https:\/\/dimensionturistica.com\/es\/wp-json\/wp\/v2\/posts\/366292","targetHints":{"allow":["GET"]}}],"collection":[{"href":"https:\/\/dimensionturistica.com\/es\/wp-json\/wp\/v2\/posts"}],"about":[{"href":"https:\/\/dimensionturistica.com\/es\/wp-json\/wp\/v2\/types\/post"}],"author":[{"embeddable":true,"href":"https:\/\/dimensionturistica.com\/es\/wp-json\/wp\/v2\/users\/4"}],"replies":[{"embeddable":true,"href":"https:\/\/dimensionturistica.com\/es\/wp-json\/wp\/v2\/comments?post=366292"}],"version-history":[{"count":0,"href":"https:\/\/dimensionturistica.com\/es\/wp-json\/wp\/v2\/posts\/366292\/revisions"}],"wp:featuredmedia":[{"embeddable":true,"href":"https:\/\/dimensionturistica.com\/es\/wp-json\/wp\/v2\/media\/334727"}],"wp:attachment":[{"href":"https:\/\/dimensionturistica.com\/es\/wp-json\/wp\/v2\/media?parent=366292"}],"wp:term":[{"taxonomy":"category","embeddable":true,"href":"https:\/\/dimensionturistica.com\/es\/wp-json\/wp\/v2\/categories?post=366292"},{"taxonomy":"post_tag","embeddable":true,"href":"https:\/\/dimensionturistica.com\/es\/wp-json\/wp\/v2\/tags?post=366292"}],"curies":[{"name":"wp","href":"https:\/\/api.w.org\/{rel}","templated":true}]}}