{"id":366096,"date":"2022-08-06T04:21:02","date_gmt":"2022-08-06T04:21:02","guid":{"rendered":"https:\/\/dimensionturistica.com\/es\/?p=366096"},"modified":"2022-08-06T04:21:02","modified_gmt":"2022-08-06T04:21:02","slug":"como-moverse-gratis-en-tren-por-espana-a-partir-de-septiembre","status":"publish","type":"post","link":"https:\/\/dimensionturistica.com\/es\/como-moverse-gratis-en-tren-por-espana-a-partir-de-septiembre\/","title":{"rendered":"C\u00f3mo moverse gratis en tren por Espa\u00f1a a partir de septiembre"},"content":{"rendered":"<p> <br \/>\n<\/p>\n<div>\n<div id=\"involveds\" class=\"involveds wrap\">\n<div class=\"involved-authors only-author\">\n<div class=\"first-author\">\n<figure class=\"thumb col-xs-3\">&#13;<img loading=\"lazy\" decoding=\"async\" src=\"https:\/\/viajes.nationalgeographic.com.es\/medio\/2021\/12\/15\/xell_b48658f1_600x600.png\" alt=\"Xell\" class=\"lazyload\" width=\"600\" height=\"600\" data-aspectratio=\"600\/600\"\/><noscript><img decoding=\"async\" src=\"https:\/\/viajes.nationalgeographic.com.es\/medio\/2021\/12\/15\/xell_b48658f1_600x600.png\" alt=\"Xell\"\/><\/noscript>&#13;<\/figure>\n<\/div>\n<\/div>\n<\/div>\n<p class=\"date\"> <time itemprop=\"dateModified\" datetime=\"2022-08-05T09:55:00+02:00\" data-timestamp=\"1659693300\">&#13;05 de agosto de 2022 \u00b7 09:55<\/time>&#13;<\/p>\n<\/div>\n<div id=\"article-sumary\">\n<div class=\"article-txt ad-mobile-top\">\n<p>Los servicios ferroviarios de <strong>Cercan\u00edas, Rodalies y Media Distancia\u00a0ser\u00e1n gratuitos entre el 1 de septiembre y\u00a0el 31 de diciembre <\/strong>de este a\u00f1o. As\u00ed lo anunci\u00f3 Pedro S\u00e1nchez el pasado martes durante\u00a0el debate sobre el estado de la Naci\u00f3n en el Congreso de los Diputados. Con esta medida aumenta\u00a0la bonificaci\u00f3n del 50% aprobada por el Consejo de Ministros el pasado 25 de junio dentro del \u00faltimo decreto ley para mitigar el impacto econ\u00f3mico y social de la guerra en Ucrania, que tambi\u00e9n contempla\u00a0<strong>una bonificaci\u00f3n del 30% para los abonos del resto de transporte urbano y metropolitano, <\/strong>que las comunidades aut\u00f3nomas pueden completar hasta el 50% o el 60%.<\/p>\n<\/div>\n<\/div>\n<div id=\"article-text\">\n<div class=\"txt\">\n<aside class=\"subscription-highlighted\">\n<div class=\"subscription-container\">\n<div class=\"non-subscribed\">\n<p class=\"description\">Somos de rutas, no de rutinas. Descubre Viajes Nationwide Geographic<\/p>\n<p><a rel=\"nofollow noopener\" target=\"_blank\" href=\"https:\/\/tienda.rbarevistas.com\/por-que-viajes-national-geographic.html?rba_source=viajes.nationalgeographic.com.es&amp;rba_medium=referral&amp;rba_campaign=NGMV&amp;rba_content=frase-articulo\" class=\"more-link\">SABER M\u00c1S<\/a><\/div>\n<\/div>\n<\/aside>\n<p style=\"display: none;\"><img decoding=\"async\" id=\"ctl01_ctl00_phMain_phMain_ctl00_ctl02_ctl17_ctl01_imgContent\" src=\"https:\/\/viajes.nationalgeographic.com.es\/medio\/2022\/08\/05\/renfe-ok_8d9cb66e_800x800.jpg\" alt=\"Renfe OK\" style=\"border-width:0px;\"\/><\/p>\n<aside class=\"add300x250 publi-interior-top ad-container-r1 ad-inline\"\/>\n<h3>\u00bfA qu\u00e9 trenes afecta?<\/h3>\n<p>La medida afectar\u00e1 a <strong>los abonos mensuales y t\u00edtulos multiviaje de los servicios de Cercan\u00edas, Rodalies y Media Distancia. <\/strong>Por lo tanto, quienes viajen en alguno de estos trenes operados por Renfe y lo hagan con un abono mensual o de varios viajes (m\u00e1s de dos), podr\u00e1n hacerlo de forma gratuita el \u00faltimo trimestre del a\u00f1o.<\/p>\n<h3>\u00bfQu\u00e9 es un tren de Media Distancia?<\/h3>\n<p>Seg\u00fan Renfe, su servicio de media distancia cubre rutas regionales entre las provincias de una misma comunidad aut\u00f3noma o de una comunidad aut\u00f3noma contigua. Son<strong> trenes en los que el recorrido supera los 60 kil\u00f3metros y no excede los 300 kil\u00f3metros. <\/strong>Actualmente existen algunas excepciones, ya que algunos trayectos m\u00e1s largos, como los que unen Madrid con Cantabria, Valencia o Andaluc\u00eda, tambi\u00e9n est\u00e1n considerados media distancia.<\/p>\n<p>Existen cinco tipos de trenes que realizan servicios de media distancia: <strong>Avant, Regional, Regional Expr\u00e9s, Media Distancia <\/strong>-llamado igual que la categor\u00eda general- <strong>e Intercity<\/strong>. Dentro de los servicios de Media Distancia, se incluyen el Bono 10 Regional, la Tarjeta 10 Sencilla, la Tarjeta 10 Libre, el Abono Mensual Regional, la Tarjeta Mensual 40 Sencilla y la Tarjeta Mensual 40 Libre. Por lo que respecta al servicio Avant, incluye la Tarjeta Plus, Tarjeta Plus 10, Tarjeta Plus 10-45 y Tarjeta Plus 10 Estudiante.<\/p>\n<figure class=\"thumb zoom\"><img loading=\"lazy\" decoding=\"async\" sizes=\"auto, 100vw\" srcset=\"https:\/\/viajes.nationalgeographic.com.es\/medio\/2022\/07\/13\/renfe_00b7bbdb_720x480.jpg 720w,https:\/\/viajes.nationalgeographic.com.es\/medio\/2022\/07\/13\/renfe_72edbd00_1200x800.jpg 1200w\" src=\"https:\/\/viajes.nationalgeographic.com.es\/medio\/2022\/07\/13\/renfe_72edbd00_1200x800.jpg\" alt=\"Renfe\" class=\"lazyload\" width=\"1200\" height=\"800\" data-aspectratio=\"1200\/800\"\/><noscript><img decoding=\"async\" src=\"https:\/\/viajes.nationalgeographic.com.es\/medio\/2022\/07\/13\/renfe_72edbd00_1200x800.jpg\" alt=\"Renfe\"\/><\/noscript><\/p>\n<p>&#13;<figcaption class=\"by\">&#13;Foto: iStock<\/figcaption>&#13;<\/p>\n<\/figure>\n<h3>\u00bfCu\u00e1les est\u00e1n excluidos?<\/h3>\n<p>Quedan excluidos los billetes individuales, los de ida y vuelta y los trenes AVE y los operados por otras compa\u00f1\u00edas. De este modo, no incluye los abonos de los consorcios de transporte como el de la comunidad de Madrid que a\u00fana Renfe, Metro y EMT. En <strong>Catalu\u00f1a<\/strong>, los billetes integrados que combinan servicios de Renfe y de la Autoridad del Transporte Metropolitano (ATM), como es el caso del Metro, bus y Ferrocarrils de la Generalitat (FGC) tampoco est\u00e1n incluidos, ya que no se contemplan las tarjetas multiviaje T-casual, T-usual, T-grup, T-familiar o T-dia, en las que<strong> el descuento ser\u00e1 parcial del 50%.<\/strong><\/p>\n<h3>\u00bfQu\u00e9 otras medidas se aplican?<\/h3>\n<p>En este sentido, la medida anunciada este martes <strong>se une a la rebaja del 30% que se hab\u00eda anunciado para los t\u00edtulos multiviaje de transporte urbano y metropolitano. <\/strong>Estos abonos son competencia de las comunidades aut\u00f3nomas, que podr\u00e1n aplicar o ampliar hasta el 50% o 60%.<\/p>\n<h3>\u00bfQui\u00e9nes podr\u00e1n beneficiarse de esta medida?<\/h3>\n<p>Todas las personas que adquieran los abonos mencionados para viajar en el periodo comprendido entre el 1 de septiembre y 31 de diciembre de 2022. De momento, no se ha anunciado a partir de cu\u00e1ndo se podr\u00e1n adquirir. La medida, que se financiar\u00e1 a trav\u00e9s de un cr\u00e9dito extraordinario, pretende impulsar el uso del transporte p\u00fablico en el marco de un conjunto de medidas para combatir los efectos de la inflaci\u00f3n.<\/p>\n<p>\u00bfC\u00f3mo se puede acceder a dichos bonos?<\/p>\n<p>A partir del <strong>pr\u00f3ximo ocho de agosto, <\/strong>Renfe habilitar\u00e1 un apartado en su p\u00e1gina internet para poder solicitar estas bonificaciones. Eso s\u00ed, la principal operadora y empresa ferroviaria de Cercan\u00edas y Media Distancia de Espa\u00f1a asegura que hasta el d\u00eda <strong>24 de agosto<\/strong> ning\u00fan viajero recibir\u00e1 los <strong>t\u00edtulos multiviaje. <\/strong><\/p>\n<aside class=\"add300x600 publi-interior-bot ad-inline ad-container-r2\"\/><\/div>\n<p><!-- START: tags-rel  --><!-- END: tags-rel   --><br \/>\n<!-- START:toolbar --><!-- END:toolbar --><\/div>\n\n<p><em> &#8221; Fuentes viajes.nationalgeographic.com.es &#8221; <\/em><\/p>\n","protected":false},"excerpt":{"rendered":"<p>&#13;&#13; &#13;05 de agosto de 2022 \u00b7 09:55&#13; Los servicios ferroviarios de Cercan\u00edas, Rodalies y Media Distancia\u00a0ser\u00e1n gratuitos entre el 1 de septiembre y\u00a0el 31 de diciembre de este a\u00f1o. As\u00ed lo anunci\u00f3 Pedro S\u00e1nchez el pasado martes durante\u00a0el debate sobre el estado de la Naci\u00f3n en el Congreso de los Diputados. Con esta medida [&hellip;]<\/p>\n","protected":false},"author":4,"featured_media":358657,"comment_status":"open","ping_status":"closed","sticky":false,"template":"","format":"standard","meta":{"om_disable_all_campaigns":false,"jnews-multi-image_gallery":[],"jnews_single_post":[],"jnews_primary_category":[],"jnews_social_meta":[],"footnotes":""},"categories":[39],"tags":[47258,47257],"class_list":["post-366096","post","type-post","status-publish","format-standard","has-post-thumbnail","hentry","category-viajes","tag-cargado-desde-el-fichero-de-recursos","tag-keywords-por-defecto"],"_links":{"self":[{"href":"https:\/\/dimensionturistica.com\/es\/wp-json\/wp\/v2\/posts\/366096","targetHints":{"allow":["GET"]}}],"collection":[{"href":"https:\/\/dimensionturistica.com\/es\/wp-json\/wp\/v2\/posts"}],"about":[{"href":"https:\/\/dimensionturistica.com\/es\/wp-json\/wp\/v2\/types\/post"}],"author":[{"embeddable":true,"href":"https:\/\/dimensionturistica.com\/es\/wp-json\/wp\/v2\/users\/4"}],"replies":[{"embeddable":true,"href":"https:\/\/dimensionturistica.com\/es\/wp-json\/wp\/v2\/comments?post=366096"}],"version-history":[{"count":0,"href":"https:\/\/dimensionturistica.com\/es\/wp-json\/wp\/v2\/posts\/366096\/revisions"}],"wp:featuredmedia":[{"embeddable":true,"href":"https:\/\/dimensionturistica.com\/es\/wp-json\/wp\/v2\/media\/358657"}],"wp:attachment":[{"href":"https:\/\/dimensionturistica.com\/es\/wp-json\/wp\/v2\/media?parent=366096"}],"wp:term":[{"taxonomy":"category","embeddable":true,"href":"https:\/\/dimensionturistica.com\/es\/wp-json\/wp\/v2\/categories?post=366096"},{"taxonomy":"post_tag","embeddable":true,"href":"https:\/\/dimensionturistica.com\/es\/wp-json\/wp\/v2\/tags?post=366096"}],"curies":[{"name":"wp","href":"https:\/\/api.w.org\/{rel}","templated":true}]}}