{"id":366032,"date":"2022-08-06T00:26:03","date_gmt":"2022-08-06T00:26:03","guid":{"rendered":"https:\/\/dimensionturistica.com\/es\/?p=366032"},"modified":"2022-08-06T00:26:03","modified_gmt":"2022-08-06T00:26:03","slug":"las-reservas-de-airbnb-alcanzan-un-record-a-medida-que-los-viajes-se-recuperan","status":"publish","type":"post","link":"https:\/\/dimensionturistica.com\/es\/las-reservas-de-airbnb-alcanzan-un-record-a-medida-que-los-viajes-se-recuperan\/","title":{"rendered":"Las reservas de Airbnb alcanzan un r\u00e9cord a medida que los viajes se recuperan"},"content":{"rendered":"<p> <br \/>\n<\/p>\n<div>\n<p>Pero los viajes internacionales y urbanos, que se hab\u00edan rezagado, tambi\u00e9n se han recuperado.<\/p>\n<p>La compa\u00f1\u00eda dijo que ahora estaba en medio de su temporada alta de viajes de verano m\u00e1s fuerte hasta el momento, y asegur\u00f3 a los inversores que estaba bien preparada para lo que sea que pueda afectar a la econom\u00eda.<\/p>\n<p>De hecho, una desaceleraci\u00f3n podr\u00eda ayudar a la empresa, dijeron los ejecutivos.<\/p>\n<p>&#8220;Airbnb se fund\u00f3 durante la recesi\u00f3n&#8221;, dijo el presidente ejecutivo Brian Chesky en una conferencia telef\u00f3nica con analistas para discutir los resultados de la compa\u00f1\u00eda.<\/p>\n<p>En el caso de otra desaceleraci\u00f3n, dijo, &#8220;creemos que mucha gente podr\u00eda volver a recurrir al alojamiento, por lo que esta es una gran oportunidad para nosotros&#8221;.<\/p>\n<p>En common, las reservas en el per\u00edodo abril-junio aumentaron un 25% con respecto al a\u00f1o pasado a 103.7 millones y un 24% m\u00e1s que en 2019.<\/p>\n<p>Los precios m\u00e1s altos ayudaron a elevar los ingresos de la empresa, que aumentaron un 58% con respecto al a\u00f1o pasado a 2,100 millones de d\u00f3lares.<\/p>\n<p>Casi la mitad de las reservas de la compa\u00f1\u00eda son para una semana o m\u00e1s, dijo la compa\u00f1\u00eda.<\/p>\n<p>La demanda de viajes sigue siendo m\u00e1s fuerte en Am\u00e9rica del Norte, donde las reservas aumentaron un 37% en comparaci\u00f3n con 2019.<\/p>\n<p>El crecimiento en Europa, aunque los viajes se han recuperado de la pandemia, se est\u00e1 quedando atr\u00e1s, afectado por factores como la debilidad de la libra esterlina.<\/p>\n<p>La compa\u00f1\u00eda, que anunci\u00f3 en mayo que se retirar\u00eda de China, dijo que la demanda se mantuvo por debajo de los niveles previos a la pandemia en la regi\u00f3n de Asia Pac\u00edfico, ya que las restricciones de COVID mantienen a los turistas chinos en casa.<\/p>\n<p>A pesar de la eliminaci\u00f3n de los listados de China en julio, Airbnb todav\u00eda tiene m\u00e1s de 6 millones de listados activos en la plataforma.<\/p>\n<\/p><\/div>\n<p><script>\n    window.fbAsyncInit = function() {\n        FB.init({\n                appId : '777317472403233',\n            cookie     : true,\n            xfbml      : true,\n            version    : 'v8.0'\n        });\n        FB.AppEvents.logPageView();\n    };\n    (function(d, s, id){\n        var js, fjs = d.getElementsByTagName(s)[0];\n        if (d.getElementById(id)) {return;}\n        js = d.createElement(s); js.id = id;\n        js.src = \"https:\/\/connect.facebook.net\/en_US\/sdk.js\";\n        fjs.parentNode.insertBefore(js, fjs);\n    }(document, 'script', 'facebook-jssdk'));\n<\/script><br \/>\n<br \/><\/p>\n<p><em> &#8221; Fuentes expansion.mx &#8221; <\/em><\/p>\n","protected":false},"excerpt":{"rendered":"<p>Pero los viajes internacionales y urbanos, que se hab\u00edan rezagado, tambi\u00e9n se han recuperado. La compa\u00f1\u00eda dijo que ahora estaba en medio de su temporada alta de viajes de verano m\u00e1s fuerte hasta el momento, y asegur\u00f3 a los inversores que estaba bien preparada para lo que sea que pueda afectar a la econom\u00eda. De [&hellip;]<\/p>\n","protected":false},"author":4,"featured_media":366033,"comment_status":"open","ping_status":"closed","sticky":false,"template":"","format":"standard","meta":{"om_disable_all_campaigns":false,"jnews-multi-image_gallery":[],"jnews_single_post":[],"jnews_primary_category":[],"jnews_social_meta":[],"footnotes":""},"categories":[39],"tags":[50946,50947,50948,634,50949],"class_list":["post-366032","post","type-post","status-publish","format-standard","has-post-thumbnail","hentry","category-viajes","tag-airbnb-alcanza-record-en-reservas","tag-airbnb-nuevo-record-en-reservas","tag-crecimiento-airbnb","tag-empresas","tag-reservas-airbnb"],"_links":{"self":[{"href":"https:\/\/dimensionturistica.com\/es\/wp-json\/wp\/v2\/posts\/366032","targetHints":{"allow":["GET"]}}],"collection":[{"href":"https:\/\/dimensionturistica.com\/es\/wp-json\/wp\/v2\/posts"}],"about":[{"href":"https:\/\/dimensionturistica.com\/es\/wp-json\/wp\/v2\/types\/post"}],"author":[{"embeddable":true,"href":"https:\/\/dimensionturistica.com\/es\/wp-json\/wp\/v2\/users\/4"}],"replies":[{"embeddable":true,"href":"https:\/\/dimensionturistica.com\/es\/wp-json\/wp\/v2\/comments?post=366032"}],"version-history":[{"count":0,"href":"https:\/\/dimensionturistica.com\/es\/wp-json\/wp\/v2\/posts\/366032\/revisions"}],"wp:featuredmedia":[{"embeddable":true,"href":"https:\/\/dimensionturistica.com\/es\/wp-json\/wp\/v2\/media\/366033"}],"wp:attachment":[{"href":"https:\/\/dimensionturistica.com\/es\/wp-json\/wp\/v2\/media?parent=366032"}],"wp:term":[{"taxonomy":"category","embeddable":true,"href":"https:\/\/dimensionturistica.com\/es\/wp-json\/wp\/v2\/categories?post=366032"},{"taxonomy":"post_tag","embeddable":true,"href":"https:\/\/dimensionturistica.com\/es\/wp-json\/wp\/v2\/tags?post=366032"}],"curies":[{"name":"wp","href":"https:\/\/api.w.org\/{rel}","templated":true}]}}