{"id":366029,"date":"2022-08-06T00:13:45","date_gmt":"2022-08-06T00:13:45","guid":{"rendered":"https:\/\/dimensionturistica.com\/es\/?p=366029"},"modified":"2022-08-06T00:13:45","modified_gmt":"2022-08-06T00:13:45","slug":"chefs-colombianos-que-han-llevado-la-gastronomia-colombiana-al-mundo","status":"publish","type":"post","link":"https:\/\/dimensionturistica.com\/es\/chefs-colombianos-que-han-llevado-la-gastronomia-colombiana-al-mundo\/","title":{"rendered":"Chefs colombianos que han llevado la gastronom\u00eda colombiana al mundo"},"content":{"rendered":"<p> <br \/>\n<\/p>\n<div id=\"\">\n<p class=\"section sp-8\">M\u00e1s conocida como \u2018Leo\u2019, el mismo nombre de su restaurante \u2013que reluce entre la lista de The World\u2019s 50 Finest Eating places y tambi\u00e9n en la categor\u00eda de mejor chef femenina en el mundo\u2013, <a target=\"_blank\" href=\"https:\/\/www.semana.com\/cocina\/historias\/articulo\/la-chef-colombiana-leonor-espinosa-fue-reconocida-con-la-medalla-al-merito-turistico\/202222\/\" rel=\"noopener\">Leonor es una enciclopedia viva de la gastronom\u00eda colombiana<\/a>. Su inter\u00e9s por la \u2018cocina\u2019, entendida como arte, va mucho m\u00e1s all\u00e1 de la \u2018cocina\u2019, entendida como espacio. Tal vez se deba a su formaci\u00f3n en otras disciplinas (estudi\u00f3 bellas artes y econom\u00eda) o simplemente parte de esa curiosidad que la ha llevado a recorrer un pa\u00eds del que no ha dejado de maravillarse.<\/p>\n<p class=\"section sp-8\">\u2018Leo\u2019 \u2013que naci\u00f3 en Cartago, Valle; se crio en Cartagena, y ahora vive en Bogot\u00e1\u2013 ha vivido en primera persona la diversidad que tanto caracteriza al \u201c<i>pa\u00eds de las mil cocinas<\/i>\u201d, descripci\u00f3n que cube tomar prestada de un amigo antrop\u00f3logo (al que bien podr\u00eda referirse como \u2018colega\u2019). Es consciente de la riqueza de la gastronom\u00eda colombiana, de todo lo que hay detr\u00e1s de cada regi\u00f3n, aquello que diferencia a un territorio de otro: <b>desde las caracter\u00edsticas biol\u00f3gicas de un ecosistema espec\u00edfico hasta la cultura, la historia y las condiciones sociales que han dado como resultado esas \u201c<\/b><i><b>mil cocina<\/b><\/i><b>s\u201d<\/b>, de las que a\u00fan permanecen varias por ser descubiertas. De esa Colombia oculta culinaria afirma que \u201c<i>es bonito que sea tan virgen, porque nos va a permitir much\u00edsimas posibilidades<\/i>\u201d.<\/p>\n<div class=\"section sp-10 mb-24\"><picture class=\"container-picture\"><source srcset=\"https:\/\/www.semana.com\/resizer\/d6KBfFV-maCJK2Ap7J1e1QwWgqo=\/370x208\/filters:format(jpg):quality(50)\/cloudfront-us-east-1.images.arcpublishing.com\/semana\/TDAW6WAFPVAW7IG5D5P6BSHPAY.jpg\" media=\"(max-width: 370px)\"\/><source srcset=\"https:\/\/www.semana.com\/resizer\/bAqLufLRlWU6kjAUzzEPCQOvAx0=\/768x432\/filters:format(jpg):quality(50)\/cloudfront-us-east-1.images.arcpublishing.com\/semana\/TDAW6WAFPVAW7IG5D5P6BSHPAY.jpg\" media=\"(max-width: 768px)\"\/><source srcset=\"https:\/\/www.semana.com\/resizer\/Hik6pDZsX9eieLWM-yTtSb69H8c=\/960x540\/filters:format(jpg):quality(50)\/cloudfront-us-east-1.images.arcpublishing.com\/semana\/TDAW6WAFPVAW7IG5D5P6BSHPAY.jpg\" media=\"(max-width: 960px)\"\/><source srcset=\"https:\/\/www.semana.com\/resizer\/Hik6pDZsX9eieLWM-yTtSb69H8c=\/960x540\/filters:format(jpg):quality(50)\/cloudfront-us-east-1.images.arcpublishing.com\/semana\/TDAW6WAFPVAW7IG5D5P6BSHPAY.jpg\" media=\"(max-width: 1200px)\"\/><img decoding=\"async\" aria-label=\"NO USAR, USO EXCLUSIVO MEJOR COLOMBIA, Especial Mejor Colombia, Gastronom&#xED;a Colombiana\" alt=\"NO USAR, USO EXCLUSIVO MEJOR COLOMBIA, Especial Mejor Colombia, Gastronom&#xED;a Colombiana\" class=\"img-responsive\" type=\"image\/jpg\" src=\"https:\/\/www.semana.com\/resizer\/KEb_wz2MemglVRv86kntEpnoBAs=\/1200x675\/filters:format(jpg):quality(50)\/\/cloudfront-us-east-1.images.arcpublishing.com\/semana\/TDAW6WAFPVAW7IG5D5P6BSHPAY.jpg\" height=\"1080\" width=\"1920\"\/><figcaption class=\"\">Atollado de longaniza de gallina ahumada y pollo. &#8211; <span>Foto: Javier la Rotta<\/span><\/figcaption><\/picture><\/div>\n<p class=\"section sp-8\"><b>Y aunque no cesa de exaltar el car\u00e1cter heterog\u00e9neo del pa\u00eds,<\/b> reconoce que existe una preparaci\u00f3n capaz de unir todo el territorio colombiano: \u201c<i>el guiso, el sofrito, el refrito, el hogao<\/i>\u201d. Menciona cada uno de los t\u00e9rminos para dar cuenta de que, en todo caso, se trata de recetas diferentes.<\/p>\n<p><h2 class=\"\"><span>Alejandro Guti\u00e9rrez: fuera del lugar com\u00fan<\/span><\/h2>\n<\/p>\n<p class=\"section sp-8\">Naci\u00f3 en Manizales, por lo que a Salvo Patria, el restaurante del que es chef, ha llegado una fuerte influencia del Eje Cafetero (muy bien representada por los chorizos que se hacen en su cocina); sin embargo, all\u00ed mismo se desdibujan los l\u00edmites entre regiones. \u201c<i>Trato de pensar como algo m\u00e1s amplio esa idea del lugar de origen<\/i>\u201d, explic\u00f3 Alejandro para dar cuenta de que <b>concibe su despensa como algo tan amplio como el territorio nacional.<\/b><\/p>\n<div class=\"section sp-10 mb-24\"><picture class=\"container-picture\"><source srcset=\"https:\/\/www.semana.com\/resizer\/NXp1h2aT4iHtj8vECC4__QxNIF8=\/370x208\/filters:format(jpg):quality(50)\/cloudfront-us-east-1.images.arcpublishing.com\/semana\/KQBIGDHZLVATTJF26CAOHXFAE4.jpg\" media=\"(max-width: 370px)\"\/><source srcset=\"https:\/\/www.semana.com\/resizer\/Ly-Q6GYZf5iWWvTPv3TasRUQdBo=\/768x432\/filters:format(jpg):quality(50)\/cloudfront-us-east-1.images.arcpublishing.com\/semana\/KQBIGDHZLVATTJF26CAOHXFAE4.jpg\" media=\"(max-width: 768px)\"\/><source srcset=\"https:\/\/www.semana.com\/resizer\/e070MuAgvw1aZjMLrWr6oC-10cs=\/960x540\/filters:format(jpg):quality(50)\/cloudfront-us-east-1.images.arcpublishing.com\/semana\/KQBIGDHZLVATTJF26CAOHXFAE4.jpg\" media=\"(max-width: 960px)\"\/><source srcset=\"https:\/\/www.semana.com\/resizer\/e070MuAgvw1aZjMLrWr6oC-10cs=\/960x540\/filters:format(jpg):quality(50)\/cloudfront-us-east-1.images.arcpublishing.com\/semana\/KQBIGDHZLVATTJF26CAOHXFAE4.jpg\" media=\"(max-width: 1200px)\"\/><img decoding=\"async\" aria-label=\"NO USAR, USO EXCLUSIVO MEJOR COLOMBIA, Especial Mejor Colombia, Gastronom&#xED;a Colombiana\" alt=\"NO USAR, USO EXCLUSIVO MEJOR COLOMBIA, Especial Mejor Colombia, Gastronom&#xED;a Colombiana\" class=\"img-responsive\" type=\"image\/jpg\" src=\"https:\/\/www.semana.com\/resizer\/1wRGL9lyy6OEoeDZAifEkRWNUhY=\/1200x675\/filters:format(jpg):quality(50)\/\/cloudfront-us-east-1.images.arcpublishing.com\/semana\/KQBIGDHZLVATTJF26CAOHXFAE4.jpg\" height=\"1080\" width=\"1920\"\/><figcaption class=\"\">Salvo Patria, restaurante del chef Alejandro Guti\u00e9rrez, tiene un gran influencia de la cocina del Eje Cafetero  &#8211; <span>Foto: Archivo Explicit<\/span><\/figcaption><\/picture><\/div>\n<p class=\"section sp-8\">Esa visi\u00f3n es la que le ha permitido confeccionar una carta que cambia con frecuencia, debido a su intenci\u00f3n por hacer de cada plato algo tan memorable como inesperado: \u201c<i>Me encanta que las personas encuentren ingredientes nuevos e invitarlas a despertar un poco la curiosidad para explorar y arriesgarse mucho m\u00e1s a consumir ingredientes y platos de la gastronom\u00eda nacional<\/i>\u201d.<\/p>\n<p class=\"section sp-8\">M\u00e1s all\u00e1 de la curiosidad, <b>hay una clara intenci\u00f3n de representar una cocina que le haga justicia a la variedad que caracteriza al pa\u00eds <\/b>y que no necesariamente corresponde a aquellas preparaciones que se han convertido en una suerte de lugar com\u00fan. Al respecto, hace un llamado de atenci\u00f3n: \u201c<i>Deber\u00edamos salirnos un poco de esa idea tan facilista de proponer siempre como \u2018gastronom\u00eda nacional\u2019 los mismos tres platos<\/i>\u201d.<\/p>\n<p><h2 class=\"\"><span>Carlos P\u00e1jaro: entre Cartagena y Lyon<\/span><\/h2>\n<\/p>\n<p class=\"section sp-8\">Entre la cocina de su casa de infancia en Cartagena \u2013al comando de su madre y de su abuela, a quienes atribuye el amor por su oficio\u2013 y el Instituto Paul Bocuse, en Lyon (Francia) \u2013al que asisti\u00f3 becado despu\u00e9s de haber estudiado en la Escuela de Gastronom\u00eda Mariano Moreno\u2013, la carrera de Carlos no solo ha combinado dos tradiciones, sino que ha perfeccionado <b>una t\u00e9cnica que hoy lo ha convertido en l\u00edder del equipo representante de Colombia en el Bocuse d\u2019Or<\/b>, una de las competencias gastron\u00f3micas m\u00e1s importantes del mundo.<\/p>\n<div class=\"section sp-10 mb-24\"><picture class=\"container-picture\"><source srcset=\"https:\/\/www.semana.com\/resizer\/FZAy3IITv200oLICnYcWTHV8628=\/370x208\/filters:format(jpg):quality(50)\/cloudfront-us-east-1.images.arcpublishing.com\/semana\/KSTSITPUKZHG3MTMJUP447PFHI.jpg\" media=\"(max-width: 370px)\"\/><source srcset=\"https:\/\/www.semana.com\/resizer\/3ciuYubT9ff44V2W9qMcbD5plpI=\/768x432\/filters:format(jpg):quality(50)\/cloudfront-us-east-1.images.arcpublishing.com\/semana\/KSTSITPUKZHG3MTMJUP447PFHI.jpg\" media=\"(max-width: 768px)\"\/><source srcset=\"https:\/\/www.semana.com\/resizer\/VzN5Qpe1Xe_MRjZSR5a_wtvX6oI=\/960x540\/filters:format(jpg):quality(50)\/cloudfront-us-east-1.images.arcpublishing.com\/semana\/KSTSITPUKZHG3MTMJUP447PFHI.jpg\" media=\"(max-width: 960px)\"\/><source srcset=\"https:\/\/www.semana.com\/resizer\/VzN5Qpe1Xe_MRjZSR5a_wtvX6oI=\/960x540\/filters:format(jpg):quality(50)\/cloudfront-us-east-1.images.arcpublishing.com\/semana\/KSTSITPUKZHG3MTMJUP447PFHI.jpg\" media=\"(max-width: 1200px)\"\/><img decoding=\"async\" aria-label=\"NO USAR, USO EXCLUSIVO MEJOR COLOMBIA, Especial Mejor Colombia, Gastronom&#xED;a Colombiana\" alt=\"NO USAR, USO EXCLUSIVO MEJOR COLOMBIA, Especial Mejor Colombia, Gastronom&#xED;a Colombiana\" class=\"img-responsive\" type=\"image\/jpg\" src=\"https:\/\/www.semana.com\/resizer\/MJ1ItvQObqno1d7W240yoKSknIE=\/1200x675\/filters:format(jpg):quality(50)\/\/cloudfront-us-east-1.images.arcpublishing.com\/semana\/KSTSITPUKZHG3MTMJUP447PFHI.jpg\" height=\"1080\" width=\"1920\"\/><figcaption class=\"\">Carlos P\u00e1jaro hoy es l\u00edder del equipo representante de Colombia en el Bocuse d\u2019Or, una de las competencias gastron\u00f3micas m\u00e1s importantes del mundo. &#8211; <span>Foto: Archivo Explicit<\/span><\/figcaption><\/picture><\/div>\n<p class=\"section sp-8\">Su formaci\u00f3n profesional no ha hecho m\u00e1s que ahondar su admiraci\u00f3n por la cocina tradicional. Por m\u00e1s sofisticados que sean los platos que deba elaborar ante<b> un jurado conformado por expertos de talla mundial<\/b>, es la cocina cartagenera la que sigue siendo su principal inspiraci\u00f3n.<\/p>\n<p class=\"section sp-8\">Cube que su objetivo es mantener los ojos del mundo en la cocina de Colombia, para que su pa\u00eds pueda posicionarse como potencia gastron\u00f3mica. Un objetivo que puede darse por cumplido cada vez que su equipo es anunciado como ganador. Luego de haber asegurado el lugar de Colombia en la ultimate de Bocuse d\u2019Or, <b>Carlos se prepara para viajar el pr\u00f3ximo a\u00f1o una vez m\u00e1s a Franci<\/b>a, sede del evento. Volver\u00e1 con la misma emoci\u00f3n con la que siempre regresa a Cartagena.<\/p>\n<p><h2 class=\"\"><span>Juan Manuel Barrientos: un pa\u00eds con varios cielos<\/span><\/h2>\n<\/p>\n<p class=\"section sp-8\">La creatividad es un rasgo distintivo en el men\u00fa de El Cielo, y no es incidental. \u201c<i>Es un pa\u00eds que tuvo muchas migraciones, es un pa\u00eds de muchas alturas<\/i>\u201d, comenta <b>Juan Manuel sobre la influencia de la diversidad de Colombia en su cocina<\/b> \u2013o mejor, cocinas, pues<b> su restaurante cuenta con sedes en Medell\u00edn, Bogot\u00e1, Miami y Washington\u2013.<\/b><\/p>\n<p class=\"section sp-8\">Desde que el primer \u2018Cielo\u2019 abri\u00f3 sus puertas en Medell\u00edn, en 2007, <b>su propuesta capt\u00f3 la atenci\u00f3n de un pa\u00eds en el que los men\u00fas de degustaci\u00f3n eran una novedad. <\/b>Adem\u00e1s, su cocina cre\u00f3 un espacio para que soldados retirados y exguerrilleros tuvieran una oportunidad laboral como cocineros.<\/p>\n<div class=\"section sp-10 mb-24\"><picture class=\"container-picture\"><source srcset=\"https:\/\/www.semana.com\/resizer\/tU3byjAnjgNakKi1Sf4PuXiCWSs=\/370x208\/filters:format(jpg):quality(50)\/cloudfront-us-east-1.images.arcpublishing.com\/semana\/SIR7E53KVBEHBNW4HSJ5G7H6TA.jpg\" media=\"(max-width: 370px)\"\/><source srcset=\"https:\/\/www.semana.com\/resizer\/-cuJT8yZ3prQx1FhkrjvZR9AgIE=\/768x432\/filters:format(jpg):quality(50)\/cloudfront-us-east-1.images.arcpublishing.com\/semana\/SIR7E53KVBEHBNW4HSJ5G7H6TA.jpg\" media=\"(max-width: 768px)\"\/><source srcset=\"https:\/\/www.semana.com\/resizer\/1JEuiB6v7GQ-oAqyLZ2pnyzVDX8=\/960x540\/filters:format(jpg):quality(50)\/cloudfront-us-east-1.images.arcpublishing.com\/semana\/SIR7E53KVBEHBNW4HSJ5G7H6TA.jpg\" media=\"(max-width: 960px)\"\/><source srcset=\"https:\/\/www.semana.com\/resizer\/1JEuiB6v7GQ-oAqyLZ2pnyzVDX8=\/960x540\/filters:format(jpg):quality(50)\/cloudfront-us-east-1.images.arcpublishing.com\/semana\/SIR7E53KVBEHBNW4HSJ5G7H6TA.jpg\" media=\"(max-width: 1200px)\"\/><img decoding=\"async\" aria-label=\"NO USAR, USO EXCLUSIVO MEJOR COLOMBIA, Especial Mejor Colombia, Gastronom&#xED;a Colombiana\" alt=\"NO USAR, USO EXCLUSIVO MEJOR COLOMBIA, Especial Mejor Colombia, Gastronom&#xED;a Colombiana\" class=\"img-responsive\" type=\"image\/jpg\" src=\"https:\/\/www.semana.com\/resizer\/u_h0cCclONUxqN9KSDeC8lGnFGA=\/1200x675\/filters:format(jpg):quality(50)\/\/cloudfront-us-east-1.images.arcpublishing.com\/semana\/SIR7E53KVBEHBNW4HSJ5G7H6TA.jpg\" height=\"1080\" width=\"1920\"\/><figcaption class=\"\">Las sedes de El Cielo en Miami y Washington, del chef Juan Manuel Barrientos, cuentan cada una con una estrella Michel\u00edn &#8211; <span>Foto: Mario Alzate<\/span><\/figcaption><\/picture><\/div>\n<p class=\"section sp-8\">Cada ingrediente de cada plato sorprende por las reinterpretaciones que suele hacer Juan Manuel. Y aclara que no por eso deja de ser cocina colombiana: \u201c<i>Lo que pasa es que es cocina moderna<\/i>\u201d. <b>Este chef se toma muy en serio su rol como embajador gastron\u00f3mico del pa\u00eds<\/b>, pues considera que una de sus misiones, principalmente con las sedes de Miami y Washington <a target=\"_blank\" href=\"https:\/\/www.semana.com\/economia\/empresas\/articulo\/se-le-otorgo-la-segunda-estrella-michelin-a-restaurante-colombiano-el-cielo-en-miami\/202229\/\" rel=\"noopener\">(cada una con una estrella Michel\u00edn)<\/a>, \u201c<i>es enamorar a personas de otros pa\u00edses para que visiten Colombia<\/i>\u201d.<\/p>\n<p class=\"section sp-8\"><b>Lea tambi\u00e9n:\u00a0<\/b><a target=\"_blank\" href=\"https:\/\/www.semana.com\/mejor-colombia\/articulo\/los-platos-imperdibles-de-la-cocina-cartagenera-segun-uno-de-los-jurados-de-masterchef\/202206\/\" rel=\"noopener\">Cuatro emprendimientos que aportan su granito de arena a la construcci\u00f3n de paz en Colombia<\/a><\/p>\n<p class=\"section sp-8\"><b>Le puede interesar:\u00a0<\/b><a target=\"_blank\" href=\"https:\/\/www.semana.com\/mejor-colombia\/articulo\/el-movistar-arena-quiere-ser-el-centro-de-eventos-mas-sostenible-de-america-latina-como-espera-lograrlo\/202200\/\" rel=\"noopener\">El Movistar Arena quiere ser el centro de eventos m\u00e1s sostenible de Am\u00e9rica Latina, \u00bfc\u00f3mo espera lograrlo?<\/a><\/p>\n<\/div>\n<p><script type=\"text\/javascript\">!function(f,b,e,v,n,t,s)\n    {if(f.fbq)return;n=f.fbq=function(){n.callMethod?\n    n.callMethod.apply(n,arguments):n.queue.push(arguments)};\n    if(!f._fbq)f._fbq=n;n.push=n;n.loaded=!0;n.version='2.0';\n    n.queue=[];t=b.createElement(e);t.async=!0;\n    t.src=v;s=b.getElementsByTagName(e)[0];\n    s.parentNode.insertBefore(t,s)}(window, document,'script',\n    'https:\/\/connect.facebook.net\/en_US\/fbevents.js');\n    fbq('init', '2212776525671673');<\/script><br \/>\n<br \/><\/p>\n<p><em> \u2018 The preceding article may include information circulated by third parties \u2019 <\/em><\/p>\n<p><em> \u2018 Some details of this article were extracted from the following source www.semana.com \u2019 <\/em><\/p>\n","protected":false},"excerpt":{"rendered":"<p>M\u00e1s conocida como \u2018Leo\u2019, el mismo nombre de su restaurante \u2013que reluce entre la lista de The World\u2019s 50 Finest Eating places y tambi\u00e9n en la categor\u00eda de mejor chef femenina en el mundo\u2013, Leonor es una enciclopedia viva de la gastronom\u00eda colombiana. Su inter\u00e9s por la \u2018cocina\u2019, entendida como arte, va mucho m\u00e1s all\u00e1 [&hellip;]<\/p>\n","protected":false},"author":2,"featured_media":366030,"comment_status":"open","ping_status":"closed","sticky":false,"template":"","format":"standard","meta":{"om_disable_all_campaigns":false,"jnews-multi-image_gallery":[],"jnews_single_post":[],"jnews_primary_category":[],"jnews_social_meta":[],"footnotes":""},"categories":[43],"tags":[],"class_list":["post-366029","post","type-post","status-publish","format-standard","has-post-thumbnail","hentry","category-gourmet"],"_links":{"self":[{"href":"https:\/\/dimensionturistica.com\/es\/wp-json\/wp\/v2\/posts\/366029","targetHints":{"allow":["GET"]}}],"collection":[{"href":"https:\/\/dimensionturistica.com\/es\/wp-json\/wp\/v2\/posts"}],"about":[{"href":"https:\/\/dimensionturistica.com\/es\/wp-json\/wp\/v2\/types\/post"}],"author":[{"embeddable":true,"href":"https:\/\/dimensionturistica.com\/es\/wp-json\/wp\/v2\/users\/2"}],"replies":[{"embeddable":true,"href":"https:\/\/dimensionturistica.com\/es\/wp-json\/wp\/v2\/comments?post=366029"}],"version-history":[{"count":0,"href":"https:\/\/dimensionturistica.com\/es\/wp-json\/wp\/v2\/posts\/366029\/revisions"}],"wp:featuredmedia":[{"embeddable":true,"href":"https:\/\/dimensionturistica.com\/es\/wp-json\/wp\/v2\/media\/366030"}],"wp:attachment":[{"href":"https:\/\/dimensionturistica.com\/es\/wp-json\/wp\/v2\/media?parent=366029"}],"wp:term":[{"taxonomy":"category","embeddable":true,"href":"https:\/\/dimensionturistica.com\/es\/wp-json\/wp\/v2\/categories?post=366029"},{"taxonomy":"post_tag","embeddable":true,"href":"https:\/\/dimensionturistica.com\/es\/wp-json\/wp\/v2\/tags?post=366029"}],"curies":[{"name":"wp","href":"https:\/\/api.w.org\/{rel}","templated":true}]}}