{"id":365999,"date":"2022-08-05T23:36:55","date_gmt":"2022-08-05T23:36:55","guid":{"rendered":"https:\/\/dimensionturistica.com\/es\/?p=365999"},"modified":"2022-08-05T23:40:59","modified_gmt":"2022-08-05T23:40:59","slug":"mexicanos-se-unen-en-un-movimiento-sin-precedentes-en-el-pais","status":"publish","type":"post","link":"https:\/\/dimensionturistica.com\/es\/mexicanos-se-unen-en-un-movimiento-sin-precedentes-en-el-pais\/","title":{"rendered":"Mexicanos se unen en un movimiento sin precedentes en el pa\u00eds."},"content":{"rendered":"<p><img decoding=\"async\" class=\" wp-image-366016 alignright\" src=\"https:\/\/dimensionturistica.com\/es\/wp-content\/uploads\/2022\/08\/I-300x216.jpg\" alt=\"\" width=\"201\" height=\"145\" srcset=\"https:\/\/dimensionturistica.com\/es\/wp-content\/uploads\/2022\/08\/I-300x216.jpg 300w, https:\/\/dimensionturistica.com\/es\/wp-content\/uploads\/2022\/08\/I-120x86.jpg 120w, https:\/\/dimensionturistica.com\/es\/wp-content\/uploads\/2022\/08\/I-350x250.jpg 350w, https:\/\/dimensionturistica.com\/es\/wp-content\/uploads\/2022\/08\/I.jpg 400w\" sizes=\"(max-width: 201px) 100vw, 201px\" \/>Del 1 al 3 de septiembre se celebrar\u00e1 en el Auditorio Metropolitano de Puebla la primera edici\u00f3n de \u201cCreadores M\u00e9xico: Despierta tu yo del futuro\u201d, un foro que enaltece el talento mexicano y que tiene como objetivo impactar de una manera sin precedentes a esta y a las\u00a0siguientes generaciones.<br \/>\n\u201cEste evento busca convertirse en un movimiento que re\u00fana a las<img decoding=\"async\" class=\" wp-image-366019 alignright\" src=\"https:\/\/dimensionturistica.com\/es\/wp-content\/uploads\/2022\/08\/5-300x167.jpg\" alt=\"\" width=\"232\" height=\"129\" srcset=\"https:\/\/dimensionturistica.com\/es\/wp-content\/uploads\/2022\/08\/5-300x167.jpg 300w, https:\/\/dimensionturistica.com\/es\/wp-content\/uploads\/2022\/08\/5.jpg 400w\" sizes=\"(max-width: 232px) 100vw, 232px\" \/> mentes m\u00e1s creativas y talentosas de nuestro pa\u00eds, en donde expertos en diferentes temas compartan su experiencia a j\u00f3venes, profesionistas y empresarios, y as\u00ed demostrar que, juntos creamos m\u00e1s.\u201d -Luis Enrique Mena, presidente del consejo de Creadores M\u00e9xico.<br \/>\nUna de las necesidades actuales son fomentar la educaci\u00f3n, el ecosistema emprendedor y las causas sociales, por esa raz\u00f3n, un grupo de empresarios no dud\u00f3 en llevar a cabo este evento que indudablemente generar\u00e1 un cambio positivo en los m\u00e1s de cinco mil asistentes que se esperan.<img decoding=\"async\" class=\"wp-image-366020 alignright\" src=\"https:\/\/dimensionturistica.com\/es\/wp-content\/uploads\/2022\/08\/8-300x215.jpg\" alt=\"\" width=\"225\" height=\"162\" srcset=\"https:\/\/dimensionturistica.com\/es\/wp-content\/uploads\/2022\/08\/8-300x215.jpg 300w, https:\/\/dimensionturistica.com\/es\/wp-content\/uploads\/2022\/08\/8-120x86.jpg 120w, https:\/\/dimensionturistica.com\/es\/wp-content\/uploads\/2022\/08\/8-350x250.jpg 350w, https:\/\/dimensionturistica.com\/es\/wp-content\/uploads\/2022\/08\/8.jpg 400w\" sizes=\"(max-width: 225px) 100vw, 225px\" \/><br \/>\nDurante la conferencia de prensa para dar a conocer los detalles del evento, Sof\u00eda Alva, facilitadora de Sanaci\u00f3n hol\u00edstica y espiritual y Gerardo del Villar, documentalista sub acu\u00e1tico, coincidieron en que \u201cCreadores M\u00e9xico: Despierta tu yo del futuro\u201d s\u00f3lo ser\u00e1 el punto de partida de una serie de actividades para enaltecer el talento mexicano, y generar un cambio positivo en la gente.<br \/>\nPara ello, se tienen previsto que, durante todo el a\u00f1o, haya m\u00e1s acciones en pro de nuestra sociedad.<br \/>\nSe inform\u00f3 que entre las grandes personalidades que participar\u00e1n en este magno evento, destacan como conferencistas magistrales: Luisito Comunica, youtuber y empresario; Marcus Dantus, multiempresario y CEO de Startup M\u00e9xico; Alex Montiel\/Escorpi\u00f3n Dorado, creador de contenido; Moris Dieck, consultor en Estrategia<img decoding=\"async\" class=\"alignnone wp-image-366021\" src=\"https:\/\/dimensionturistica.com\/es\/wp-content\/uploads\/2022\/08\/5-1-300x167.jpg\" alt=\"\" width=\"548\" height=\"305\" srcset=\"https:\/\/dimensionturistica.com\/es\/wp-content\/uploads\/2022\/08\/5-1-300x167.jpg 300w, https:\/\/dimensionturistica.com\/es\/wp-content\/uploads\/2022\/08\/5-1.jpg 400w\" sizes=\"(max-width: 548px) 100vw, 548px\" \/> de Negocios; Ana Victoria Garc\u00eda, emprendedora; el fabricante mexicano de autos superdeportivos \u00cdker Echeverr\u00eda; Gerardo del Villar; Sof\u00eda Alva, entre otros.<br \/>\nComo invitado internacional se contar\u00e1 con la asistencia de Juan Lucas, psic\u00f3logo cl\u00ednico, especializado en fobias, estr\u00e9s postraum\u00e1tico y trastornos de ansiedad. Cuenta con 16 a\u00f1os de experiencia en abordaje de t\u00e9cnicas, terapias de avanzada, t\u00e9cnicas de integraci\u00f3n cerebral y t\u00e9cnicas efectivas y r\u00e1pidas de psicolog\u00eda.<br \/>\nAlva y Del Villar, voceros de este foro, indicaron que el contenido de Creadores M\u00e9xico ha sido rigurosamente seleccionado con el objetivo de crear un futuro mejor. Y comentaron que entre los temas que se abordar\u00e1n, sobresalen:<br \/>\n*Educaci\u00f3n, arte y cultura<br \/>\n*Negocios y emprendimiento<br \/>\n*Nuevas tendencias<br \/>\n*Motivaci\u00f3n y resiliencia<br \/>\n*Tecnolog\u00eda<br \/>\nAsimismo, y como parte del esquema de apoyo sin fines de lucro, se ofrecer\u00e1 respaldo a diferentes causas educativas y sociales, entre ellas la fundaci\u00f3n Nueva Esperanza, una asociaci\u00f3n que apoya a ni\u00f1os con c\u00e1ncer y de escasos recursos; al ecosistema emprendedor con un programa de mentor\u00eda para estudiantes, profesionistas y empresas de edad temprana, entre otros.<br \/>\nEste foro, creado por mexicanos y para mexicanos, tendr\u00e1 un costo que va desde los $1,000 pesos hasta los $4,500 y la entrada al \u201chospitality\u201d tendr\u00e1 un costo de $20,000.<br \/>\nInformaci\u00f3n detallada en:<br \/>\nwww.creadoresmexico.com<br \/>\nhttps:\/\/boletos.blackticket.com.mx\/tickets\/es\/evento?idEvento=524<\/p>\n","protected":false},"excerpt":{"rendered":"<p>Del 1 al 3 de septiembre se celebrar\u00e1 en el Auditorio Metropolitano de Puebla la primera edici\u00f3n de \u201cCreadores M\u00e9xico: Despierta tu yo del futuro\u201d, un foro que enaltece el talento mexicano y que tiene como objetivo impactar de una manera sin precedentes a esta y a las\u00a0siguientes generaciones. \u201cEste evento busca convertirse en un [&hellip;]<\/p>\n","protected":false},"author":1,"featured_media":366017,"comment_status":"open","ping_status":"closed","sticky":false,"template":"","format":"standard","meta":{"om_disable_all_campaigns":false,"jnews-multi-image_gallery":[],"jnews_single_post":{"source_name":"","source_url":"","via_name":"","via_url":"","override_template":"0","override":[{"template":"1","single_blog_custom":"","parallax":"1","fullscreen":"1","layout":"right-sidebar","sidebar":"default-sidebar","second_sidebar":"default-sidebar","sticky_sidebar":"1","share_position":"top","share_float_style":"share-monocrhome","show_share_counter":"1","show_view_counter":"1","show_featured":"1","show_post_meta":"1","show_post_author":"1","show_post_author_image":"1","show_post_date":"1","post_date_format":"default","post_date_format_custom":"Y\/m\/d","show_post_category":"1","show_post_reading_time":"0","post_reading_time_wpm":"300","show_zoom_button":"0","zoom_button_out_step":"2","zoom_button_in_step":"3","show_post_tag":"1","show_prev_next_post":"1","show_popup_post":"1","number_popup_post":"1","show_author_box":"0","show_post_related":"0","show_inline_post_related":"0"}],"override_image_size":"0","image_override":[{"single_post_thumbnail_size":"crop-500","single_post_gallery_size":"crop-500"}],"trending_post":"0","trending_post_position":"meta","trending_post_label":"Trending","sponsored_post":"0","sponsored_post_label":"Sponsored by","sponsored_post_name":"","sponsored_post_url":"","sponsored_post_logo_enable":"0","sponsored_post_logo":"","sponsored_post_desc":"","disable_ad":"0"},"jnews_primary_category":{"id":""},"jnews_social_meta":{"fb_title":"","fb_description":"","fb_image":"","twitter_title":"","twitter_description":"","twitter_image":""},"footnotes":""},"categories":[40],"tags":[],"class_list":["post-365999","post","type-post","status-publish","format-standard","has-post-thumbnail","hentry","category-industria"],"_links":{"self":[{"href":"https:\/\/dimensionturistica.com\/es\/wp-json\/wp\/v2\/posts\/365999","targetHints":{"allow":["GET"]}}],"collection":[{"href":"https:\/\/dimensionturistica.com\/es\/wp-json\/wp\/v2\/posts"}],"about":[{"href":"https:\/\/dimensionturistica.com\/es\/wp-json\/wp\/v2\/types\/post"}],"author":[{"embeddable":true,"href":"https:\/\/dimensionturistica.com\/es\/wp-json\/wp\/v2\/users\/1"}],"replies":[{"embeddable":true,"href":"https:\/\/dimensionturistica.com\/es\/wp-json\/wp\/v2\/comments?post=365999"}],"version-history":[{"count":0,"href":"https:\/\/dimensionturistica.com\/es\/wp-json\/wp\/v2\/posts\/365999\/revisions"}],"wp:featuredmedia":[{"embeddable":true,"href":"https:\/\/dimensionturistica.com\/es\/wp-json\/wp\/v2\/media\/366017"}],"wp:attachment":[{"href":"https:\/\/dimensionturistica.com\/es\/wp-json\/wp\/v2\/media?parent=365999"}],"wp:term":[{"taxonomy":"category","embeddable":true,"href":"https:\/\/dimensionturistica.com\/es\/wp-json\/wp\/v2\/categories?post=365999"},{"taxonomy":"post_tag","embeddable":true,"href":"https:\/\/dimensionturistica.com\/es\/wp-json\/wp\/v2\/tags?post=365999"}],"curies":[{"name":"wp","href":"https:\/\/api.w.org\/{rel}","templated":true}]}}