{"id":365937,"date":"2022-08-05T21:37:40","date_gmt":"2022-08-05T21:37:40","guid":{"rendered":"https:\/\/dimensionturistica.com\/es\/?p=365937"},"modified":"2022-08-05T21:37:40","modified_gmt":"2022-08-05T21:37:40","slug":"palapas-pacifico-la-invitacion-de-cerveza-pacifico-a-relajarse-y-celebrar-los-momentos-de-disfrute-que-le-dan-sentido-a-la-vida","status":"publish","type":"post","link":"https:\/\/dimensionturistica.com\/es\/palapas-pacifico-la-invitacion-de-cerveza-pacifico-a-relajarse-y-celebrar-los-momentos-de-disfrute-que-le-dan-sentido-a-la-vida\/","title":{"rendered":"\u2018Palapas Pacifico\u2019 La invitaci\u00f3n de Cerveza Pac\u00edfico a relajarse y celebrar los momentos de disfrute que le dan sentido a la vida"},"content":{"rendered":"<p>cuando Cerveza Pac\u00edfico comenz\u00f3 a apoderarse de los momentos de relajaci\u00f3n en distintos puntos de M\u00e9xico, llevando el #ModoPac\u00edfico a las principales playas y zonas de escape del pa\u00eds a trav\u00e9s de experiencias memorables mediante su plataforma \u2018Palapas Pac\u00edfico\u2019.<br \/>\nEste a\u00f1o, la cerveza \u00edcono del Pac\u00edfico busca seguir adue\u00f1\u00e1ndose de<img decoding=\"async\" class=\"size-medium wp-image-365945 alignright\" src=\"https:\/\/dimensionturistica.com\/es\/wp-content\/uploads\/2022\/08\/2PACIFICO2-300x200.jpg\" alt=\"\" width=\"300\" height=\"200\" srcset=\"https:\/\/dimensionturistica.com\/es\/wp-content\/uploads\/2022\/08\/2PACIFICO2-300x200.jpg 300w, https:\/\/dimensionturistica.com\/es\/wp-content\/uploads\/2022\/08\/2PACIFICO2.jpg 500w\" sizes=\"(max-width: 300px) 100vw, 300px\" \/> esos momentos de disfrute en la playa, amplificando el abanico de experiencias de \u2018Palapas Pac\u00edfico\u2019 durante los meses de julio, agosto y septiembre.<br \/>\nCon el sol en su esplendor y la arena en un estado de perfeccio\u00b4n, la Ruta Suave de Cerveza Pac\u00edfico llevar\u00e1 a la costa un espacio para convivir sin poses, mismo que se convertir\u00e1 en el sitio perfecto donde la gente podr\u00e1 conectar con sus amigos, relajarse y #PasarlaSuave.<br \/>\nInstalada al pie de la playa, las personas podr\u00e1n disfrutar del di\u00b4a en la emblem\u00e1tica palapa de Cerveza Pac\u00edfico mientras degustan un par de salseados en el camastro tomando el sol o bien, compartiendo juegos de mesa con sus amigues, para finalmente, al atardecer, disfrutar de una experiencia musical.<br \/>\nPor su parte, la Laguna Dorada de Pac\u00edfico llega para conquistar las albercas de los hoteles, activando el #ModoPac\u00edfico en el lugar con beats tropicales y un mood de fiesta que invitar\u00e1 a los asistentes a refrescarse, bailar y desconectarse del rush de la ciudad.<br \/>\nComo parte de esta plataforma, a trav\u00e9s de din\u00e1micas digitales, Cerveza Pac\u00edfico seleccionar\u00e1 a un ganador para que disfrute junto a 5 amigues del Bungalow Pacifico, spot que vivira\u00b4 en una de las<img decoding=\"async\" class=\"size-medium wp-image-365946 alignright\" src=\"https:\/\/dimensionturistica.com\/es\/wp-content\/uploads\/2022\/08\/3PACIFICO3-300x200.jpg\" alt=\"\" width=\"300\" height=\"200\" srcset=\"https:\/\/dimensionturistica.com\/es\/wp-content\/uploads\/2022\/08\/3PACIFICO3-300x200.jpg 300w, https:\/\/dimensionturistica.com\/es\/wp-content\/uploads\/2022\/08\/3PACIFICO3.jpg 500w\" sizes=\"(max-width: 300px) 100vw, 300px\" \/> habitaciones del mismo hotel donde se encontrar\u00e1 la Laguna Dorada y que ser\u00e1 el lugar ideal para disfrutar sin prisas del sol, la arena y el mar.<br \/>\nSumado a estas experiencias, la cerveza que naci\u00f3 a orillas del mar llevar\u00e1 la esencia de Mazatla\u00b4n y del Paci\u00b4fico a otras playas de la Repu\u00b4blica a trav\u00e9s de su Pacifick-up, una camioneta convertida en barra mo\u00b4vil donde la gente podr\u00e1 disfrutar de una Pac\u00edfico bien helada en cualquiera de sus dos versiones, Clara o Suave.<br \/>\nTodo esto sin olvidar su ya cl\u00e1sico Carrito de Salseados que ofrecer\u00e1 nuevas recetas inspiradas en cada una de las regiones del pa\u00eds, esto con la intencio\u00b4n de facilitar su preparacio\u00b4n proponiendo insumos locales.<br \/>\nTe invitamos a visitar las redes sociales de Cerveza Pac\u00edfico para conocer la agenda de experiencias de \u2018Palapas Pac\u00edfico\u2019 este verano y #PasarlaSuave.<br \/>\nInstagram: @cervezapacificomx<br \/>\nFacebook: @CervezaPac\u00edfico<br \/>\nwww.cervezadelpacifico.com<\/p>\n","protected":false},"excerpt":{"rendered":"<p>cuando Cerveza Pac\u00edfico comenz\u00f3 a apoderarse de los momentos de relajaci\u00f3n en distintos puntos de M\u00e9xico, llevando el #ModoPac\u00edfico a las principales playas y zonas de escape del pa\u00eds a trav\u00e9s de experiencias memorables mediante su plataforma \u2018Palapas Pac\u00edfico\u2019. Este a\u00f1o, la cerveza \u00edcono del Pac\u00edfico busca seguir adue\u00f1\u00e1ndose de esos momentos de disfrute en [&hellip;]<\/p>\n","protected":false},"author":1,"featured_media":365944,"comment_status":"open","ping_status":"closed","sticky":false,"template":"","format":"standard","meta":{"om_disable_all_campaigns":false,"jnews-multi-image_gallery":[],"jnews_single_post":{"source_name":"","source_url":"","via_name":"","via_url":"","override_template":"0","override":[{"template":"1","single_blog_custom":"","parallax":"1","fullscreen":"1","layout":"right-sidebar","sidebar":"default-sidebar","second_sidebar":"default-sidebar","sticky_sidebar":"1","share_position":"top","share_float_style":"share-monocrhome","show_share_counter":"1","show_view_counter":"1","show_featured":"1","show_post_meta":"1","show_post_author":"1","show_post_author_image":"1","show_post_date":"1","post_date_format":"default","post_date_format_custom":"Y\/m\/d","show_post_category":"1","show_post_reading_time":"0","post_reading_time_wpm":"300","show_zoom_button":"0","zoom_button_out_step":"2","zoom_button_in_step":"3","show_post_tag":"1","show_prev_next_post":"1","show_popup_post":"1","number_popup_post":"1","show_author_box":"0","show_post_related":"0","show_inline_post_related":"0"}],"override_image_size":"0","image_override":[{"single_post_thumbnail_size":"crop-500","single_post_gallery_size":"crop-500"}],"trending_post":"0","trending_post_position":"meta","trending_post_label":"Trending","sponsored_post":"0","sponsored_post_label":"Sponsored by","sponsored_post_name":"","sponsored_post_url":"","sponsored_post_logo_enable":"0","sponsored_post_logo":"","sponsored_post_desc":"","disable_ad":"0"},"jnews_primary_category":{"id":""},"jnews_social_meta":{"fb_title":"","fb_description":"","fb_image":"","twitter_title":"","twitter_description":"","twitter_image":""},"footnotes":""},"categories":[39],"tags":[],"class_list":["post-365937","post","type-post","status-publish","format-standard","has-post-thumbnail","hentry","category-viajes"],"_links":{"self":[{"href":"https:\/\/dimensionturistica.com\/es\/wp-json\/wp\/v2\/posts\/365937","targetHints":{"allow":["GET"]}}],"collection":[{"href":"https:\/\/dimensionturistica.com\/es\/wp-json\/wp\/v2\/posts"}],"about":[{"href":"https:\/\/dimensionturistica.com\/es\/wp-json\/wp\/v2\/types\/post"}],"author":[{"embeddable":true,"href":"https:\/\/dimensionturistica.com\/es\/wp-json\/wp\/v2\/users\/1"}],"replies":[{"embeddable":true,"href":"https:\/\/dimensionturistica.com\/es\/wp-json\/wp\/v2\/comments?post=365937"}],"version-history":[{"count":0,"href":"https:\/\/dimensionturistica.com\/es\/wp-json\/wp\/v2\/posts\/365937\/revisions"}],"wp:featuredmedia":[{"embeddable":true,"href":"https:\/\/dimensionturistica.com\/es\/wp-json\/wp\/v2\/media\/365944"}],"wp:attachment":[{"href":"https:\/\/dimensionturistica.com\/es\/wp-json\/wp\/v2\/media?parent=365937"}],"wp:term":[{"taxonomy":"category","embeddable":true,"href":"https:\/\/dimensionturistica.com\/es\/wp-json\/wp\/v2\/categories?post=365937"},{"taxonomy":"post_tag","embeddable":true,"href":"https:\/\/dimensionturistica.com\/es\/wp-json\/wp\/v2\/tags?post=365937"}],"curies":[{"name":"wp","href":"https:\/\/api.w.org\/{rel}","templated":true}]}}