{"id":365914,"date":"2022-08-05T20:53:00","date_gmt":"2022-08-05T20:53:00","guid":{"rendered":"https:\/\/dimensionturistica.com\/es\/?p=365914"},"modified":"2022-08-05T20:53:00","modified_gmt":"2022-08-05T20:53:00","slug":"miguel-torruco-entrega-certificados-de-calidad-turistica-a-300-prestadores-de-servicios-de-veracruz-2","status":"publish","type":"post","link":"https:\/\/dimensionturistica.com\/es\/miguel-torruco-entrega-certificados-de-calidad-turistica-a-300-prestadores-de-servicios-de-veracruz-2\/","title":{"rendered":"Miguel Torruco entrega certificados de calidad tur\u00edstica a 300 prestadores de servicios de Veracruz"},"content":{"rendered":"<p><img decoding=\"async\" class=\"size-medium wp-image-365915 alignright\" src=\"https:\/\/dimensionturistica.com\/es\/wp-content\/uploads\/2022\/08\/VERACRUZ4-300x200.jpg\" alt=\"\" width=\"300\" height=\"200\" srcset=\"https:\/\/dimensionturistica.com\/es\/wp-content\/uploads\/2022\/08\/VERACRUZ4-300x200.jpg 300w, https:\/\/dimensionturistica.com\/es\/wp-content\/uploads\/2022\/08\/VERACRUZ4.jpg 500w\" sizes=\"(max-width: 300px) 100vw, 300px\" \/>El secretario de Turismo, Miguel Torruco Marqu\u00e9s, y el secretario de Turismo y Cultura de Veracruz, Iv\u00e1n Mart\u00ednez Olvera, firmaron un Convenio de Coordinaci\u00f3n que permite a Sectur Veracruz llevar a cabo las verificaciones de los prestadores de servicios tur\u00edsticos.<br \/>\nTorruco Marqu\u00e9s reiter\u00f3 la importancia de impulsar la competitividad de las empresas mediante un programa integral de desarrollo que les permita consolidar su crecimiento.<br \/>\nMart\u00ednez Olvera destac\u00f3 que Veracruz ocupa el 1.er lugar nacional en Sellos Cerca de China, el 2\u00ba en Sellos Punto Limpio, y el 2\u00ba en Distintivos Moderniza.<br \/>\nAcompa\u00f1ado del secretario de Turismo y Cultura de Veracruz, Iv\u00e1n Mart\u00ednez Olvera, el titular de la Secretar\u00eda de Turismo (Sectur) destac\u00f3 la importancia de impulsar la competitividad de las empresas mediante un programa integral de desarrollo que les permita consolidar su crecimiento y ofrecer al turista, de manera permanente, un valor agregado.<br \/>\n\u201cEn este contexto, en Sectur trabajamos en la conformaci\u00f3n de un programa integral de certificaci\u00f3n que incluye: el Registro Nacional de Turismo (RNT), est\u00e1ndares de calidad con Distintivos y Sellos como Punto Limpio, Moderniza B\u00e1sico, Moderniza Ecotur\u00edstico, Distintivo \u201cH\u201d, \u201cCerca de China\u201d, as\u00ed como acreditaciones de gu\u00edas de turistas y Clasificaci\u00f3n Hotelera\u201d, se\u00f1al\u00f3 el secretario ante autoridades y representantes de las siete regiones tur\u00edsticas de Veracruz, as\u00ed como de la Comisi\u00f3n de Turismo del Congreso del Estado, y presidentes de asociaciones y c\u00e1maras empresariales que acudieron al evento.<br \/>\nAgreg\u00f3 que de enero a junio del presente a\u00f1o, se han emitido a nivel nacional un total de 3 mil 858 distintivos y sellos de los diferentes est\u00e1ndares de calidad, as\u00ed como mil 94 acreditaciones de gu\u00edas de turistas.<br \/>\nDe los 300 certificados entregados a los prestadores de servicios tur\u00edsticos de Veracruz, 194 correspondieron al Registro Nacional de Turismo (RNT), 41 al Distintivo Punto Limpio, 28 al Sistema de Clasificaci\u00f3n Hotelera, 19 credenciales de gu\u00edas de turistas, 8 Distintivos Moderniza Ecotur\u00edstico, 6 Sellos \u201cCerca de China\u201d y 4 Moderniza B\u00e1sico.<br \/>\nSectur y el Gobierno de Veracruz firmaron un Convenio de<img decoding=\"async\" class=\"size-medium wp-image-365916 alignright\" src=\"https:\/\/dimensionturistica.com\/es\/wp-content\/uploads\/2022\/08\/VERACRUZ2-300x200.jpg\" alt=\"\" width=\"300\" height=\"200\" srcset=\"https:\/\/dimensionturistica.com\/es\/wp-content\/uploads\/2022\/08\/VERACRUZ2-300x200.jpg 300w, https:\/\/dimensionturistica.com\/es\/wp-content\/uploads\/2022\/08\/VERACRUZ2.jpg 500w\" sizes=\"(max-width: 300px) 100vw, 300px\" \/> Coordinaci\u00f3n, mediante el cual se faculta a la Sectur estatal para llevar a cabo las verificaciones a los prestadores de servicios tur\u00edsticos, siendo \u00e9sta la segunda entidad en la que se celebra este acuerdo, despu\u00e9s de Hidalgo, en donde se firm\u00f3 el fin de semana pasado.<br \/>\nEl titular de Sectur enfatiz\u00f3 que gracias a la pol\u00edticas implementadas por el presidente Andr\u00e9s Manuel L\u00f3pez Obrador, de no restringir vuelos, ser el primer pa\u00eds de Latinoam\u00e9rica en aplicar los protocolos biosanitarios, que se elaboraron en coordinaci\u00f3n con la Secretar\u00eda de Salud y en estrecha colaboraci\u00f3n con el sector privado, y el Plan Nacional de Vacunaci\u00f3n, el sector tur\u00edstico en M\u00e9xico solo tuvo una ca\u00edda de 46% en 2020, cuando el promedio mundial fue de 73%, y las grandes potencias descendieron entre 84% y 92%.<br \/>\nSe\u00f1al\u00f3 tambi\u00e9n que M\u00e9xico fue el \u00fanico pa\u00eds que no cancel\u00f3 su feria tur\u00edstica, al innovar con el Tianguis Tur\u00edstico Digital, adem\u00e1s, se mantuvo un estrecho contacto con los principales pa\u00edses emisores de turistas a M\u00e9xico, todas estas medidas sin que representaran endeudamiento.<br \/>\nAl destacar la recuperaci\u00f3n del sector tur\u00edstico en nuestro pa\u00eds, Torruco Marqu\u00e9s indic\u00f3 que para el presente a\u00f1o se estima la llegada de 42 millones 124 mil turistas internacionales, 32.1% superior al 2021, y solo 6.4% por debajo del 2019; adem\u00e1s habr\u00e1 una derrama econ\u00f3mica de 25 mil 370 millones de d\u00f3lares, 28.2% m\u00e1s que en 2021 y rebasar\u00e1 en 3.2% lo alcanzado en 2019.<br \/>\nPara el caso de Veracruz, se\u00f1al\u00f3 que tambi\u00e9n muestra signos de recuperaci\u00f3n, pues en 2021 llegaron al estado m\u00e1s de 5 millones de turistas hospedados en hotel, solo 5.5% menos que en 2019. La actividad a\u00e9rea, de enero a junio del 2022, registr\u00f3 la llegada de 3 mil 78 vuelos, casi 6% m\u00e1s que en el mismo periodo del 2021, y 317 mil 439 pasajeros,<br \/>\n24.4% superior al lapso del a\u00f1o pasado.<img decoding=\"async\" class=\"size-medium wp-image-365921 alignright\" src=\"https:\/\/dimensionturistica.com\/es\/wp-content\/uploads\/2022\/08\/PRMIOS7-300x200.jpg\" alt=\"\" width=\"300\" height=\"200\" srcset=\"https:\/\/dimensionturistica.com\/es\/wp-content\/uploads\/2022\/08\/PRMIOS7-300x200.jpg 300w, https:\/\/dimensionturistica.com\/es\/wp-content\/uploads\/2022\/08\/PRMIOS7-1024x683.jpg 1024w, https:\/\/dimensionturistica.com\/es\/wp-content\/uploads\/2022\/08\/PRMIOS7-768x512.jpg 768w, https:\/\/dimensionturistica.com\/es\/wp-content\/uploads\/2022\/08\/PRMIOS7-750x500.jpg 750w, https:\/\/dimensionturistica.com\/es\/wp-content\/uploads\/2022\/08\/PRMIOS7-1140x760.jpg 1140w, https:\/\/dimensionturistica.com\/es\/wp-content\/uploads\/2022\/08\/PRMIOS7.jpg 1200w\" sizes=\"(max-width: 300px) 100vw, 300px\" \/><br \/>\nTorruco Marqu\u00e9s subray\u00f3 la riqueza tur\u00edstica de Veracruz, distribuida en sus siete regiones.<br \/>\nEn este sentido, puntualiz\u00f3 que Orizaba es la cuna de la hoteler\u00eda en M\u00e9xico, raz\u00f3n por la cual aqu\u00ed se encuentra el Museo de la Hoteler\u00eda como producto ancla de este destino.<br \/>\nPor su parte, el secretario de Turismo y Cultura de Veracruz, Iv\u00e1n Mart\u00ednez Olvera, dijo que entre las certificaciones entregadas destacan las de gu\u00edas de turistas especializados en buceo y Certificados Moderniza Ecotur\u00edstico para mujeres ind\u00edgenas que han sabido capitalizar el turismo comunitario.<br \/>\nAgreg\u00f3 que, gracias al trabajo coordinado entre los tres \u00f3rdenes de gobierno, Veracruz ocupa el primer lugar nacional en Sellos \u201cCerca de China\u201d, el segundo en Sellos Punto Limpio, el segundo en Distintivos Moderniza, y cuenta ya con 159 constancias del Sistema de Clasificaci\u00f3n Hotelera.<br \/>\nReconoci\u00f3 el trabajo de Miguel Torruco Marqu\u00e9s, al se\u00f1alar que \u201cha transformado el turismo en M\u00e9xico, y por eso, desde el gobierno del estado de Veracruz, le mencionamos que tambi\u00e9n aqu\u00ed hacemos compromisos y los sabemos cumplir, como es el incremento en un 120% de la credencializaci\u00f3n de gu\u00edas de turistas, extender m\u00e1s de 250 certificaciones a prestadores de servicios tur\u00edsticos, certificar a 35 nuevos gu\u00edas de turistas, e impartir el diplomado de la NOM 08 destinado espec\u00edficamente para nuestros Pueblos M\u00e1gicos\u201d.<br \/>\nDurante la gira de trabajo, las autoridades y los representantes del sector empresarial realizaron un recorrido por el nuevo Aquarium del Puerto de Veracruz, luego de que el pasado mes de mayo el Acuario de Veracruz fue recuperado en su totalidad por el Gobierno de Veracruz, quien relanza este recinto con este nuevo nombre.<br \/>\nEl Aquarium del Puerto de Veracruz, importante producto tur\u00edstico ancla del destino, ser\u00e1 operado a trav\u00e9s de la Procuradur\u00eda del Medio Ambiente, y llevar\u00e1 a cabo un plan de relanzamiento y promoci\u00f3n tur\u00edstica a trav\u00e9s de la Secretar\u00eda de Turismo y Cultura del Estado.<br \/>\nTodo esto contando con el respaldo de un comit\u00e9 integrado por estas dependencias junto con otras secretar\u00edas del estado, as\u00ed como los ayuntamientos de la zona conurbada de Veracruz y Boca del R\u00edo, y la iniciativa privada.<br \/>\nEl titular de la Secretar\u00eda de Turismo sostuvo un encuentro con los presidentes de las c\u00e1maras empresariales, asociaciones y<img decoding=\"async\" class=\"size-medium wp-image-365922 alignright\" src=\"https:\/\/dimensionturistica.com\/es\/wp-content\/uploads\/2022\/08\/PREMIOS9-300x199.jpg\" alt=\"\" width=\"300\" height=\"199\" srcset=\"https:\/\/dimensionturistica.com\/es\/wp-content\/uploads\/2022\/08\/PREMIOS9-300x199.jpg 300w, https:\/\/dimensionturistica.com\/es\/wp-content\/uploads\/2022\/08\/PREMIOS9.jpg 474w\" sizes=\"(max-width: 300px) 100vw, 300px\" \/> representantes del sector tur\u00edstico, con quienes dialog\u00f3 sobre las diferentes \u00e1reas de oportunidad que tiene el estado para impulsar la llegada de visitantes nacionales e internacionales.<br \/>\nEn la gira de trabajo estuvieron presentes, H\u00e9ctor Aguilera Lira, subsecretario de Promoci\u00f3n Tur\u00edstica de Veracruz; Griselda Ram\u00f3n Cruz presidenta de la Asociaci\u00f3n Mexicana de Agencias de Viaje (AMAV Veracruz); Marcel Van Eyck, presidente de la C\u00e1mara Nacional de la Industria de Restaurantes y Alimentos Condimentados (CANIRAC Veracruz); Jorge Galv\u00e1n Lassard, director general del Grand Fiesta Americana Veracruz; Fernando Ortiz, vicepresidente de la Asociaci\u00f3n Mexicana de Hoteles y Moteles de Veracruz; Guillermo Salinas Cedillo, representante de la regi\u00f3n Tur\u00edstica Totonaca; Carlos Manuel Rodr\u00edguez Mouri\u00f1o, representante de la regi\u00f3n Tur\u00edstica de Los Tuxtlas; Carlos Mesa, presidente de la Uni\u00f3n de Hoteleros de Xalapa; y Edi Alberto Mart\u00ednez Tejeda, de la C\u00e1mara Nacional de Comercio, Servicios y Turismo (CANACO Veracruz).<\/p>\n<p>&nbsp;<\/p>\n","protected":false},"excerpt":{"rendered":"<p>El secretario de Turismo, Miguel Torruco Marqu\u00e9s, y el secretario de Turismo y Cultura de Veracruz, Iv\u00e1n Mart\u00ednez Olvera, firmaron un Convenio de Coordinaci\u00f3n que permite a Sectur Veracruz llevar a cabo las verificaciones de los prestadores de servicios tur\u00edsticos. Torruco Marqu\u00e9s reiter\u00f3 la importancia de impulsar la competitividad de las empresas mediante un programa [&hellip;]<\/p>\n","protected":false},"author":1,"featured_media":365920,"comment_status":"open","ping_status":"closed","sticky":false,"template":"","format":"standard","meta":{"om_disable_all_campaigns":false,"jnews-multi-image_gallery":[],"jnews_single_post":{"source_name":"","source_url":"","via_name":"","via_url":"","override_template":"0","override":[{"template":"1","single_blog_custom":"","parallax":"1","fullscreen":"1","layout":"right-sidebar","sidebar":"default-sidebar","second_sidebar":"default-sidebar","sticky_sidebar":"1","share_position":"top","share_float_style":"share-monocrhome","show_share_counter":"1","show_view_counter":"1","show_featured":"1","show_post_meta":"1","show_post_author":"1","show_post_author_image":"1","show_post_date":"1","post_date_format":"default","post_date_format_custom":"Y\/m\/d","show_post_category":"1","show_post_reading_time":"0","post_reading_time_wpm":"300","show_zoom_button":"0","zoom_button_out_step":"2","zoom_button_in_step":"3","show_post_tag":"1","show_prev_next_post":"1","show_popup_post":"1","number_popup_post":"1","show_author_box":"0","show_post_related":"0","show_inline_post_related":"0"}],"override_image_size":"0","image_override":[{"single_post_thumbnail_size":"crop-500","single_post_gallery_size":"crop-500"}],"trending_post":"0","trending_post_position":"meta","trending_post_label":"Trending","sponsored_post":"0","sponsored_post_label":"Sponsored by","sponsored_post_name":"","sponsored_post_url":"","sponsored_post_logo_enable":"0","sponsored_post_logo":"","sponsored_post_desc":"","disable_ad":"0"},"jnews_primary_category":{"id":""},"jnews_social_meta":{"fb_title":"","fb_description":"","fb_image":"","twitter_title":"","twitter_description":"","twitter_image":""},"footnotes":""},"categories":[39],"tags":[],"class_list":["post-365914","post","type-post","status-publish","format-standard","has-post-thumbnail","hentry","category-viajes"],"_links":{"self":[{"href":"https:\/\/dimensionturistica.com\/es\/wp-json\/wp\/v2\/posts\/365914","targetHints":{"allow":["GET"]}}],"collection":[{"href":"https:\/\/dimensionturistica.com\/es\/wp-json\/wp\/v2\/posts"}],"about":[{"href":"https:\/\/dimensionturistica.com\/es\/wp-json\/wp\/v2\/types\/post"}],"author":[{"embeddable":true,"href":"https:\/\/dimensionturistica.com\/es\/wp-json\/wp\/v2\/users\/1"}],"replies":[{"embeddable":true,"href":"https:\/\/dimensionturistica.com\/es\/wp-json\/wp\/v2\/comments?post=365914"}],"version-history":[{"count":0,"href":"https:\/\/dimensionturistica.com\/es\/wp-json\/wp\/v2\/posts\/365914\/revisions"}],"wp:featuredmedia":[{"embeddable":true,"href":"https:\/\/dimensionturistica.com\/es\/wp-json\/wp\/v2\/media\/365920"}],"wp:attachment":[{"href":"https:\/\/dimensionturistica.com\/es\/wp-json\/wp\/v2\/media?parent=365914"}],"wp:term":[{"taxonomy":"category","embeddable":true,"href":"https:\/\/dimensionturistica.com\/es\/wp-json\/wp\/v2\/categories?post=365914"},{"taxonomy":"post_tag","embeddable":true,"href":"https:\/\/dimensionturistica.com\/es\/wp-json\/wp\/v2\/tags?post=365914"}],"curies":[{"name":"wp","href":"https:\/\/api.w.org\/{rel}","templated":true}]}}