{"id":365884,"date":"2022-08-05T20:10:45","date_gmt":"2022-08-05T20:10:45","guid":{"rendered":"https:\/\/dimensionturistica.com\/es\/?p=365884"},"modified":"2022-08-05T20:10:45","modified_gmt":"2022-08-05T20:10:45","slug":"al-buen-entendedor-6","status":"publish","type":"post","link":"https:\/\/dimensionturistica.com\/es\/al-buen-entendedor-6\/","title":{"rendered":"Al Buen Entendedor\u2026"},"content":{"rendered":"<p>El t\u00edtulo deber\u00eda decir no solo anunciados, sino iniciados. Por supuesto me refiero a esas tres grandes obras tan esperadas; la rehabilitaci\u00f3n del Blvd. Colosio (que no deber\u00eda llamarse as\u00ed), el<img decoding=\"async\" class=\"size-medium wp-image-365885 alignright\" src=\"https:\/\/dimensionturistica.com\/es\/wp-content\/uploads\/2022\/08\/d251a54e-9b0b-4bec-b5c3-e14154c47cdf-240x300.jpg\" alt=\"\" width=\"240\" height=\"300\" srcset=\"https:\/\/dimensionturistica.com\/es\/wp-content\/uploads\/2022\/08\/d251a54e-9b0b-4bec-b5c3-e14154c47cdf-240x300.jpg 240w, https:\/\/dimensionturistica.com\/es\/wp-content\/uploads\/2022\/08\/d251a54e-9b0b-4bec-b5c3-e14154c47cdf-768x961.jpg 768w, https:\/\/dimensionturistica.com\/es\/wp-content\/uploads\/2022\/08\/d251a54e-9b0b-4bec-b5c3-e14154c47cdf-750x939.jpg 750w, https:\/\/dimensionturistica.com\/es\/wp-content\/uploads\/2022\/08\/d251a54e-9b0b-4bec-b5c3-e14154c47cdf.jpg 818w\" sizes=\"(max-width: 240px) 100vw, 240px\" \/> distribuidor vial del aeropuerto, mejor conocido como \u201cel puente del aeropuerto\u201d y el puente sobre la laguna Nichupt\u00e9, que conecte la zona urbana de Canc\u00fan con la zona hotelera.<br \/>\nLos tres anhelados, los tres muy esperados desde hace a\u00f1os, los tres indiscutiblemente muy necesarios para Canc\u00fan, su movilidad y su competitividad.<img decoding=\"async\" class=\" wp-image-365886 alignleft\" src=\"https:\/\/dimensionturistica.com\/es\/wp-content\/uploads\/2022\/08\/SERGIO-GONZALEZ-280x300.jpg\" alt=\"\" width=\"184\" height=\"197\" srcset=\"https:\/\/dimensionturistica.com\/es\/wp-content\/uploads\/2022\/08\/SERGIO-GONZALEZ-280x300.jpg 280w, https:\/\/dimensionturistica.com\/es\/wp-content\/uploads\/2022\/08\/SERGIO-GONZALEZ-768x823.jpg 768w, https:\/\/dimensionturistica.com\/es\/wp-content\/uploads\/2022\/08\/SERGIO-GONZALEZ-750x804.jpg 750w, https:\/\/dimensionturistica.com\/es\/wp-content\/uploads\/2022\/08\/SERGIO-GONZALEZ.jpg 819w\" sizes=\"(max-width: 184px) 100vw, 184px\" \/><br \/>\nPor supuesto que se reciben con aquiescencia, luego de casi veinte a\u00f1os sin obra p\u00fablica de relevancia en el Estado.<br \/>\nLo Pol\u00edtico.<br \/>\nDesde luego que nunca sabe bien, que se guarden los grandes proyectos, sobretodo los necesarios, para anunciarse y emprenderse cuando mejor conviene al escenario<img decoding=\"async\" class=\"size-medium wp-image-365887 alignright\" src=\"https:\/\/dimensionturistica.com\/es\/wp-content\/uploads\/2022\/08\/7655cd25-6706-4b3d-bdd9-81783e8a6bea-240x300.jpg\" alt=\"\" width=\"240\" height=\"300\" srcset=\"https:\/\/dimensionturistica.com\/es\/wp-content\/uploads\/2022\/08\/7655cd25-6706-4b3d-bdd9-81783e8a6bea-240x300.jpg 240w, https:\/\/dimensionturistica.com\/es\/wp-content\/uploads\/2022\/08\/7655cd25-6706-4b3d-bdd9-81783e8a6bea-768x960.jpg 768w, https:\/\/dimensionturistica.com\/es\/wp-content\/uploads\/2022\/08\/7655cd25-6706-4b3d-bdd9-81783e8a6bea-750x938.jpg 750w, https:\/\/dimensionturistica.com\/es\/wp-content\/uploads\/2022\/08\/7655cd25-6706-4b3d-bdd9-81783e8a6bea.jpg 819w\" sizes=\"(max-width: 240px) 100vw, 240px\" \/> y el entorno pol\u00edtico. La rehabilitaci\u00f3n del mal llamado Boulevard Colosio, o su remodelaci\u00f3n,<br \/>\ncomo se le quiera llamar es algo que los cancunenses hemos reclamado por a\u00f1os, que no se llevaba a cabo por falta de voluntad, por mezquindad pol\u00edtica, por falta de visi\u00f3n y adem\u00e1s por falta de compromiso con la ciudad, de tantas y tantas administraciones municipales. Mal har\u00edamos ahora en quejarnos por las obras, cuando al fin \u201cnos hacen caso\u201d, aunque nos quede claro que tenga tintes y oportunismos pol\u00edticos. Pareciera inoportuno el momento, ante la impresionante temporada alta que vivimos y lo inconveniente de las obras, pero es, al fin y al cabo, infraestructura para la ciudad y para el estado, que sin duda se agradece y es bienvenida, aunque tenga un alto ingrediente pol\u00edtico.<br \/>\nLo positivo para Canc\u00fan.<br \/>\nSin duda, algo que Canc\u00fan ha explotado bien siempre, es el hecho de su constante evoluci\u00f3n. Las obras viales que se han emprendido son y ser\u00e1n sin duda motivo para presumir ante los mercados emisores y ventaja competitiva frente a otros destinos del<img decoding=\"async\" class=\"size-medium wp-image-365888 alignright\" src=\"https:\/\/dimensionturistica.com\/es\/wp-content\/uploads\/2022\/08\/05dff44c-3379-478e-a27a-b3803330c949-240x300.jpg\" alt=\"\" width=\"240\" height=\"300\" srcset=\"https:\/\/dimensionturistica.com\/es\/wp-content\/uploads\/2022\/08\/05dff44c-3379-478e-a27a-b3803330c949-240x300.jpg 240w, https:\/\/dimensionturistica.com\/es\/wp-content\/uploads\/2022\/08\/05dff44c-3379-478e-a27a-b3803330c949-819x1024.jpg 819w, https:\/\/dimensionturistica.com\/es\/wp-content\/uploads\/2022\/08\/05dff44c-3379-478e-a27a-b3803330c949-768x960.jpg 768w, https:\/\/dimensionturistica.com\/es\/wp-content\/uploads\/2022\/08\/05dff44c-3379-478e-a27a-b3803330c949-750x938.jpg 750w, https:\/\/dimensionturistica.com\/es\/wp-content\/uploads\/2022\/08\/05dff44c-3379-478e-a27a-b3803330c949.jpg 1024w\" sizes=\"(max-width: 240px) 100vw, 240px\" \/> caribe\u00a0internacional. La inversi\u00f3n, infraestructura, la mejora y el embellecimiento son sin duda argumentos no solo de promoci\u00f3n, sino de mejora en la calidad de vida para la poblaci\u00f3n, aunque por hoy tenga que soportar las tremendas incomodidades que las obras implicar\u00e1n.<br \/>\nLa parte operativa.<br \/>\nEn lo operativo es preciso que el Gobierno en sus tres niveles, opere adecuadamente en la implementaci\u00f3n de medidas que aminoren las cargas vehiculares, que instrumente v\u00edas y medidas alternativas y que comunique en tiempo y forma.<br \/>\nDe la sociedad se espera, que a\u00fan en medio de las molestias y el caos, sea receptiva, emp\u00e1tica, comprensiva y cooperativa.<br \/>\nEn cuanto al turismo, es menester que hoteles, tiempos compartidos, agencias de viajes y todos los actores instrumenten operativos en los que se privilegie la anticipaci\u00f3n en tiempos y horarios para evitar en lo posible demoras, retrasos e inconvenientes mayores.<br \/>\nSer\u00e1 esta una nueva realidad por m\u00e1s de 15 meses.<br \/>\nLa Comunicaci\u00f3n.<br \/>\nUna sociedad bien informada, si bien sufrir\u00e1 los inconvenientes, podr\u00e1 entender, que al final redundar\u00e1 en su beneficio. Es imperativo que el Gobierno utilice todos los medios a su alcance y disposici\u00f3n para comunicar debidamente al ciudadano, no s\u00f3lo los beneficios, sino las implicaciones, los alcances y las alternativas que tenga en materia de movilidad, durante el periodo que impliquen las obras.<br \/>\nDe cara al turismo es imprescindible una campa\u00f1a de marketing dirigida tanto a los mercados emisores, como a los turistas en casa, que explique con claridad que estos son proyectos de mejora para el destino, que informe de los alcances, de los impactos y de los beneficios, en idiomas, con toda oportunidad y continuidad.<br \/>\nLos proyectos no deber\u00e1n ser una sorpresa desagradable, sino un anuncio oportuno de que Canc\u00fan est\u00e1 mejorando siempre.<br \/>\nAl Buen Entendedor\u2026<br \/>\nsgrubiera@acticonsultores.com<\/p>\n","protected":false},"excerpt":{"rendered":"<p>El t\u00edtulo deber\u00eda decir no solo anunciados, sino iniciados. Por supuesto me refiero a esas tres grandes obras tan esperadas; la rehabilitaci\u00f3n del Blvd. Colosio (que no deber\u00eda llamarse as\u00ed), el distribuidor vial del aeropuerto, mejor conocido como \u201cel puente del aeropuerto\u201d y el puente sobre la laguna Nichupt\u00e9, que conecte la zona urbana de [&hellip;]<\/p>\n","protected":false},"author":1,"featured_media":365894,"comment_status":"open","ping_status":"closed","sticky":false,"template":"","format":"standard","meta":{"om_disable_all_campaigns":false,"jnews-multi-image_gallery":[],"jnews_single_post":{"source_name":"","source_url":"","via_name":"","via_url":"","override_template":"0","override":[{"template":"1","single_blog_custom":"","parallax":"1","fullscreen":"1","layout":"right-sidebar","sidebar":"default-sidebar","second_sidebar":"default-sidebar","sticky_sidebar":"1","share_position":"top","share_float_style":"share-monocrhome","show_share_counter":"1","show_view_counter":"1","show_featured":"1","show_post_meta":"1","show_post_author":"1","show_post_author_image":"1","show_post_date":"1","post_date_format":"default","post_date_format_custom":"Y\/m\/d","show_post_category":"1","show_post_reading_time":"0","post_reading_time_wpm":"300","show_zoom_button":"0","zoom_button_out_step":"2","zoom_button_in_step":"3","show_post_tag":"1","show_prev_next_post":"1","show_popup_post":"1","number_popup_post":"1","show_author_box":"0","show_post_related":"0","show_inline_post_related":"0"}],"override_image_size":"0","image_override":[{"single_post_thumbnail_size":"crop-500","single_post_gallery_size":"crop-500"}],"trending_post":"0","trending_post_position":"meta","trending_post_label":"Trending","sponsored_post":"0","sponsored_post_label":"Sponsored by","sponsored_post_name":"","sponsored_post_url":"","sponsored_post_logo_enable":"0","sponsored_post_logo":"","sponsored_post_desc":"","disable_ad":"0"},"jnews_primary_category":{"id":""},"jnews_social_meta":{"fb_title":"","fb_description":"","fb_image":"","twitter_title":"","twitter_description":"","twitter_image":""},"footnotes":""},"categories":[40],"tags":[],"class_list":["post-365884","post","type-post","status-publish","format-standard","has-post-thumbnail","hentry","category-industria"],"_links":{"self":[{"href":"https:\/\/dimensionturistica.com\/es\/wp-json\/wp\/v2\/posts\/365884","targetHints":{"allow":["GET"]}}],"collection":[{"href":"https:\/\/dimensionturistica.com\/es\/wp-json\/wp\/v2\/posts"}],"about":[{"href":"https:\/\/dimensionturistica.com\/es\/wp-json\/wp\/v2\/types\/post"}],"author":[{"embeddable":true,"href":"https:\/\/dimensionturistica.com\/es\/wp-json\/wp\/v2\/users\/1"}],"replies":[{"embeddable":true,"href":"https:\/\/dimensionturistica.com\/es\/wp-json\/wp\/v2\/comments?post=365884"}],"version-history":[{"count":0,"href":"https:\/\/dimensionturistica.com\/es\/wp-json\/wp\/v2\/posts\/365884\/revisions"}],"wp:featuredmedia":[{"embeddable":true,"href":"https:\/\/dimensionturistica.com\/es\/wp-json\/wp\/v2\/media\/365894"}],"wp:attachment":[{"href":"https:\/\/dimensionturistica.com\/es\/wp-json\/wp\/v2\/media?parent=365884"}],"wp:term":[{"taxonomy":"category","embeddable":true,"href":"https:\/\/dimensionturistica.com\/es\/wp-json\/wp\/v2\/categories?post=365884"},{"taxonomy":"post_tag","embeddable":true,"href":"https:\/\/dimensionturistica.com\/es\/wp-json\/wp\/v2\/tags?post=365884"}],"curies":[{"name":"wp","href":"https:\/\/api.w.org\/{rel}","templated":true}]}}