{"id":365825,"date":"2022-08-05T18:56:55","date_gmt":"2022-08-05T18:56:55","guid":{"rendered":"https:\/\/dimensionturistica.com\/es\/?p=365825"},"modified":"2022-08-05T18:56:55","modified_gmt":"2022-08-05T18:56:55","slug":"air-france-presenta-nuevos-menus-con-estrellas-en-las-cabinas-business-y-la-premiere","status":"publish","type":"post","link":"https:\/\/dimensionturistica.com\/es\/air-france-presenta-nuevos-menus-con-estrellas-en-las-cabinas-business-y-la-premiere\/","title":{"rendered":"Air France presenta nuevos men\u00fas con estrellas en las cabinas Business y La Premi\u00e8re"},"content":{"rendered":"<p style=\"text-align: left;\"><img decoding=\"async\" class=\"size-medium wp-image-365835 alignright\" src=\"https:\/\/dimensionturistica.com\/es\/wp-content\/uploads\/2022\/08\/AIRFRANCE2-300x300.jpg\" alt=\"\" width=\"300\" height=\"300\" srcset=\"https:\/\/dimensionturistica.com\/es\/wp-content\/uploads\/2022\/08\/AIRFRANCE2-300x300.jpg 300w, https:\/\/dimensionturistica.com\/es\/wp-content\/uploads\/2022\/08\/AIRFRANCE2-150x150.jpg 150w, https:\/\/dimensionturistica.com\/es\/wp-content\/uploads\/2022\/08\/AIRFRANCE2-75x75.jpg 75w, https:\/\/dimensionturistica.com\/es\/wp-content\/uploads\/2022\/08\/AIRFRANCE2-350x350.jpg 350w, https:\/\/dimensionturistica.com\/es\/wp-content\/uploads\/2022\/08\/AIRFRANCE2.jpg 512w\" sizes=\"(max-width: 300px) 100vw, 300px\" \/>Desde el mes julio al mes de octubre de 2022, Air France presentar\u00e1 nuevos men\u00fas con estrellas, dise\u00f1ados por los mejores chefs franceses Michel Roth y Anne-Sophie Pic en sus cabinas de largo recorrido La Premi\u00e8re y Business.<br \/>\nTrabajando con productos de temporada cuidadosamente seleccionados, composiciones vegetarianas, carnes rojas, blancas y pescado, los chefs han creado platos refinados para que los clientes de la aerol\u00ednea los descubran en los pr\u00f3ximos meses. De este modo, Air France pretende seguir ofreciendo a sus clientes una gastronom\u00eda francesa excepcional, m\u00e1s sostenible y responsable.<br \/>\nMichel Roth en la cabina de La Premi\u00e8re<br \/>\nPara los clientes viajando en la cabina La Premi\u00e8re, Michel Roth, chef con estrella, y reconocimientos Bocuse d&amp;#39;Or y Meilleur Ouvrier de France, ha creado una nueva serie de platos franceses, gourmet y<img decoding=\"async\" class=\"size-medium wp-image-365833 alignright\" src=\"https:\/\/dimensionturistica.com\/es\/wp-content\/uploads\/2022\/08\/AIFRANCE5-300x300.jpg\" alt=\"\" width=\"300\" height=\"300\" srcset=\"https:\/\/dimensionturistica.com\/es\/wp-content\/uploads\/2022\/08\/AIFRANCE5-300x300.jpg 300w, https:\/\/dimensionturistica.com\/es\/wp-content\/uploads\/2022\/08\/AIFRANCE5-150x150.jpg 150w, https:\/\/dimensionturistica.com\/es\/wp-content\/uploads\/2022\/08\/AIFRANCE5-75x75.jpg 75w, https:\/\/dimensionturistica.com\/es\/wp-content\/uploads\/2022\/08\/AIFRANCE5-350x350.jpg 350w, https:\/\/dimensionturistica.com\/es\/wp-content\/uploads\/2022\/08\/AIFRANCE5.jpg 512w\" sizes=\"(max-width: 300px) 100vw, 300px\" \/> refinados. El chef ha compuesto un aperitivo, una entrada y ocho platos que se ir\u00e1n presentando progresivamente en el men\u00fa de la cabina m\u00e1s exclusiva de la aerol\u00ednea:<br \/>\n&#8211; Caviar Sturia acompa\u00f1ado de crepa con crema de pescado ahumado (aperitivo)<br \/>\n&#8211; Langosta y esp\u00e1rragos verdes, vinagreta de frambuesa (entrada)<br \/>\n&#8211; Fondant de ternera, foie gras frito, salsa de trufa, esp\u00e1rragos, ceps<br \/>\n&#8211; Ternera cocida a fuego lento con verbena, fricas\u00e9 de verduras y colmenillas<br \/>\n&#8211; Aves de corral con romero, tarta de pimientos dulces y flor de calabac\u00edn rellena<br \/>\n&#8211; Suprema de pollo con aceitunas y trufas negras, alcachofas y macarrones gratinados<br \/>\n&#8211; Qu\u00ednoa con lim\u00f3n confitado, verduras al sol y crema de albahaca<br \/>\n&#8211; Polenta con trufas, verduras verdes, coulis de guisantes y menta, zumo de zanahoria<br \/>\n&#8211; Filete de r\u00e9mol y su jugo de marisco servido con verduras verdes guisadas y mejillones<br \/>\n&#8211; Camarones, salsa de langosta al estrag\u00f3n, espinacas baby, arroz<img decoding=\"async\" class=\"size-medium wp-image-365834 alignright\" src=\"https:\/\/dimensionturistica.com\/es\/wp-content\/uploads\/2022\/08\/AIRFRANCE1-300x300.jpg\" alt=\"\" width=\"300\" height=\"300\" srcset=\"https:\/\/dimensionturistica.com\/es\/wp-content\/uploads\/2022\/08\/AIRFRANCE1-300x300.jpg 300w, https:\/\/dimensionturistica.com\/es\/wp-content\/uploads\/2022\/08\/AIRFRANCE1-150x150.jpg 150w, https:\/\/dimensionturistica.com\/es\/wp-content\/uploads\/2022\/08\/AIRFRANCE1-75x75.jpg 75w, https:\/\/dimensionturistica.com\/es\/wp-content\/uploads\/2022\/08\/AIRFRANCE1-350x350.jpg 350w, https:\/\/dimensionturistica.com\/es\/wp-content\/uploads\/2022\/08\/AIRFRANCE1.jpg 512w\" sizes=\"(max-width: 300px) 100vw, 300px\" \/> rojo.<br \/>\nEstos platillos estar\u00e1n disponibles en La Premi\u00e8re este verano en vuelos seleccionados a Los \u00c1ngeles, Miami, Nueva York-JFK, San Francisco, Washington-DC (EE.UU.), Ciudad de M\u00e9xico (M\u00e9xico), Abiy\u00e1n (Costa de Marfil), Johannesburgo (Sud\u00e1frica), Dubai (Emiratos \u00c1rabes Unidos) y Sao Paulo (Brasil).<br \/>\nA la carta por Anne-Sophie Pic en la cabina Business Air France contin\u00faa su colaboraci\u00f3n con la chef de tres estrellas Anne-Sophie Pic, que esta temporada crea men\u00fas de alto vuelo en la cabina Business de largo recorrido. La chef ha creado ocho deliciosos platos para los preciosos momentos en el cielo:<br \/>\n&#8211; Carrillera de ternera estofada, mousseline de patata, chutney de quetsch y pan rallado de estrag\u00f3n<br \/>\n&#8211; Aves asadas, risotto de espelta peque\u00f1o, calabac\u00edn con cardamomo verde<br \/>\n&#8211; Carbonero con algas, salsa de lev\u00edstico, arroz rojo de Camargo,<img decoding=\"async\" class=\"size-medium wp-image-365836 alignright\" src=\"https:\/\/dimensionturistica.com\/es\/wp-content\/uploads\/2022\/08\/AIRFRANCE4-300x300.jpg\" alt=\"\" width=\"300\" height=\"300\" srcset=\"https:\/\/dimensionturistica.com\/es\/wp-content\/uploads\/2022\/08\/AIRFRANCE4-300x300.jpg 300w, https:\/\/dimensionturistica.com\/es\/wp-content\/uploads\/2022\/08\/AIRFRANCE4-150x150.jpg 150w, https:\/\/dimensionturistica.com\/es\/wp-content\/uploads\/2022\/08\/AIRFRANCE4-75x75.jpg 75w, https:\/\/dimensionturistica.com\/es\/wp-content\/uploads\/2022\/08\/AIRFRANCE4-350x350.jpg 350w, https:\/\/dimensionturistica.com\/es\/wp-content\/uploads\/2022\/08\/AIRFRANCE4.jpg 512w\" sizes=\"(max-width: 300px) 100vw, 300px\" \/> compota de espinacas e hinojo<br \/>\n&#8211; Barigoule de alcachofa, polenta cremosa, coulant de Buratta de vainilla ahumada, coulis de tomate \u00e1cido<br \/>\n&#8211; Carbonero escalfado con salsa de curry y leche de coco, arroz negro<br \/>\n&#8211; Carrillera de ternera guisada con caf\u00e9 y consom\u00e9 de cebolla dulce<br \/>\n&#8211; Aves de corral con salsa de alubias tonka, polenta cremosa con setas<br \/>\n&#8211; Pasta conchiglie, coulis de acelgas y lim\u00f3n, cremoso de queso de cabra ligeramente ahumado y semillas de calabaza tostadas.<br \/>\nUna gastronom\u00eda cada vez m\u00e1s responsable corporate.airfrance.com &#8211; @AFnewsroom &#8211; news.klm.com &#8211; @KLM_press<br \/>\nPara finales de 2022, Air France se compromete a ofrecer carne, productos l\u00e1cteos y huevos 100% franceses, as\u00ed como pescado capturado de forma sostenible, en todos los vuelos que salgan de Par\u00eds, en todas las cabinas. Tambi\u00e9n se ofrecer\u00e1 sistem\u00e1ticamente un plato vegetariano y todas las comidas se preparar\u00e1n \u00edntegramente en Francia. La empresa favorece los productos locales, respetando la estacionalidad y fomentando las pr\u00e1cticas agr\u00edcolas sostenibles. Los men\u00fas para ni\u00f1os y beb\u00e9s se elaborar\u00e1n exclusivamente con productos de cultivo ecol\u00f3gico.<br \/>\nEn el marco de la lucha contra el deshecho de alimentos, Air France ofrece este a\u00f1o la posibilidad de preseleccionar una comida caliente en la cabina Business antes de la salida. Este servicio combina la<img decoding=\"async\" class=\"size-medium wp-image-365837 alignright\" src=\"https:\/\/dimensionturistica.com\/es\/wp-content\/uploads\/2022\/08\/AIRFRANCE32-300x300.jpg\" alt=\"\" width=\"300\" height=\"300\" srcset=\"https:\/\/dimensionturistica.com\/es\/wp-content\/uploads\/2022\/08\/AIRFRANCE32-300x300.jpg 300w, https:\/\/dimensionturistica.com\/es\/wp-content\/uploads\/2022\/08\/AIRFRANCE32-150x150.jpg 150w, https:\/\/dimensionturistica.com\/es\/wp-content\/uploads\/2022\/08\/AIRFRANCE32-75x75.jpg 75w, https:\/\/dimensionturistica.com\/es\/wp-content\/uploads\/2022\/08\/AIRFRANCE32-350x350.jpg 350w, https:\/\/dimensionturistica.com\/es\/wp-content\/uploads\/2022\/08\/AIRFRANCE32.jpg 512w\" sizes=\"(max-width: 300px) 100vw, 300px\" \/> garant\u00eda de disponibilidad de la elecci\u00f3n del cliente con un consumo m\u00e1s justo. La aerol\u00ednea tambi\u00e9n se ha comprometido a reciclar y eliminar el 90% del pl\u00e1stico de un solo uso a bordo de sus aviones para principios de 2023. Por \u00faltimo, cuando algunos art\u00edculos ya no se pueden llevar a bordo, se donan a organizaciones ben\u00e9ficas.<br \/>\nLa restauraci\u00f3n sostenible forma parte de la hoja de ruta de Air France para un viaje m\u00e1s responsable. La aerol\u00ednea ha desarrollado sus iniciativas bajo la etiqueta Air France ACT. Todas estas acciones se pueden encontrar en airfranceact.airfrance.com.<\/p>\n","protected":false},"excerpt":{"rendered":"<p>Desde el mes julio al mes de octubre de 2022, Air France presentar\u00e1 nuevos men\u00fas con estrellas, dise\u00f1ados por los mejores chefs franceses Michel Roth y Anne-Sophie Pic en sus cabinas de largo recorrido La Premi\u00e8re y Business. Trabajando con productos de temporada cuidadosamente seleccionados, composiciones vegetarianas, carnes rojas, blancas y pescado, los chefs han [&hellip;]<\/p>\n","protected":false},"author":1,"featured_media":365841,"comment_status":"open","ping_status":"closed","sticky":false,"template":"","format":"standard","meta":{"om_disable_all_campaigns":false,"jnews-multi-image_gallery":[],"jnews_single_post":{"source_name":"","source_url":"","via_name":"","via_url":"","override_template":"0","override":[{"template":"1","single_blog_custom":"","parallax":"1","fullscreen":"1","layout":"right-sidebar","sidebar":"default-sidebar","second_sidebar":"default-sidebar","sticky_sidebar":"1","share_position":"top","share_float_style":"share-monocrhome","show_share_counter":"1","show_view_counter":"1","show_featured":"1","show_post_meta":"1","show_post_author":"1","show_post_author_image":"1","show_post_date":"1","post_date_format":"default","post_date_format_custom":"Y\/m\/d","show_post_category":"1","show_post_reading_time":"0","post_reading_time_wpm":"300","show_zoom_button":"0","zoom_button_out_step":"2","zoom_button_in_step":"3","show_post_tag":"1","show_prev_next_post":"1","show_popup_post":"1","number_popup_post":"1","show_author_box":"0","show_post_related":"0","show_inline_post_related":"0"}],"override_image_size":"0","image_override":[{"single_post_thumbnail_size":"crop-500","single_post_gallery_size":"crop-500"}],"trending_post":"0","trending_post_position":"meta","trending_post_label":"Trending","sponsored_post":"0","sponsored_post_label":"Sponsored by","sponsored_post_name":"","sponsored_post_url":"","sponsored_post_logo_enable":"0","sponsored_post_logo":"","sponsored_post_desc":"","disable_ad":"0"},"jnews_primary_category":{"id":""},"jnews_social_meta":{"fb_title":"","fb_description":"","fb_image":"","twitter_title":"","twitter_description":"","twitter_image":""},"footnotes":""},"categories":[43],"tags":[],"class_list":["post-365825","post","type-post","status-publish","format-standard","has-post-thumbnail","hentry","category-gourmet"],"_links":{"self":[{"href":"https:\/\/dimensionturistica.com\/es\/wp-json\/wp\/v2\/posts\/365825","targetHints":{"allow":["GET"]}}],"collection":[{"href":"https:\/\/dimensionturistica.com\/es\/wp-json\/wp\/v2\/posts"}],"about":[{"href":"https:\/\/dimensionturistica.com\/es\/wp-json\/wp\/v2\/types\/post"}],"author":[{"embeddable":true,"href":"https:\/\/dimensionturistica.com\/es\/wp-json\/wp\/v2\/users\/1"}],"replies":[{"embeddable":true,"href":"https:\/\/dimensionturistica.com\/es\/wp-json\/wp\/v2\/comments?post=365825"}],"version-history":[{"count":0,"href":"https:\/\/dimensionturistica.com\/es\/wp-json\/wp\/v2\/posts\/365825\/revisions"}],"wp:featuredmedia":[{"embeddable":true,"href":"https:\/\/dimensionturistica.com\/es\/wp-json\/wp\/v2\/media\/365841"}],"wp:attachment":[{"href":"https:\/\/dimensionturistica.com\/es\/wp-json\/wp\/v2\/media?parent=365825"}],"wp:term":[{"taxonomy":"category","embeddable":true,"href":"https:\/\/dimensionturistica.com\/es\/wp-json\/wp\/v2\/categories?post=365825"},{"taxonomy":"post_tag","embeddable":true,"href":"https:\/\/dimensionturistica.com\/es\/wp-json\/wp\/v2\/tags?post=365825"}],"curies":[{"name":"wp","href":"https:\/\/api.w.org\/{rel}","templated":true}]}}