{"id":365029,"date":"2022-08-04T09:44:44","date_gmt":"2022-08-04T09:44:44","guid":{"rendered":"https:\/\/dimensionturistica.com\/es\/?p=365029"},"modified":"2022-08-04T09:44:44","modified_gmt":"2022-08-04T09:44:44","slug":"las-ciudades-mas-infravaloradas-de-europa","status":"publish","type":"post","link":"https:\/\/dimensionturistica.com\/es\/las-ciudades-mas-infravaloradas-de-europa\/","title":{"rendered":"Las ciudades m\u00e1s infravaloradas de Europa"},"content":{"rendered":"<p> <br \/>\n<\/p>\n<div>\n<p>&#8220;La capital de <a rel=\"nofollow noopener\" target=\"_blank\" href=\"https:\/\/www.traveler.es\/articulos\/piet-mondrian-exposicion-suiza\"><strong>Suiza<\/strong><\/a> no recibe mucha atenci\u00f3n pese a su tama\u00f1o manejable. Es ideal para hacer excursiones breves y para estancias m\u00e1s largas, adem\u00e1s de ser la base de operaciones perfecta para acercarse a regiones como las <strong>monta\u00f1as de Jungfrau.<\/strong><\/p>\n<p>Aunque no tenga aeropuerto internacional como <a rel=\"nofollow noopener\" target=\"_blank\" href=\"https:\/\/www.traveler.es\/experiencias\/galerias\/ginebra-en-diez-experiencias-que-querras-vivir\/3133\"><strong>Ginebra<\/strong><\/a> o <a rel=\"nofollow noopener\" target=\"_blank\" href=\"https:\/\/www.traveler.es\/viajeros\/articulos\/guia-de-zurich-con-priya-ragu\/21722\"><strong>Z\u00farich<\/strong><\/a>, s\u00ed que tiene muchas conexiones ferroviarias. <strong>La Ciudad Vieja, Patrimonio de la Humanidad de la Unesco,<\/strong> es un conjunto de <strong>callejuelas medievales<\/strong> llenas de fuentes y columnatas, tiendas de curiosidades y boutiques, atelieres, restaurantes, bares y cafeter\u00edas con agradables terrazas en los meses m\u00e1s c\u00e1lidos. El ambiente universitario tambi\u00e9n se hace notar, y el <strong>car\u00e1cter joven y activo<\/strong> contrasta con la seriedad austera de otras ciudades.<\/p>\n<p>Sin duda, la mejor actividad disponible en <a rel=\"nofollow noopener\" target=\"_blank\" href=\"https:\/\/www.traveler.es\/articulos\/viaberna-nueva-ruta-senderismo-suiza\"><strong>Berna<\/strong><\/a> en verano es <strong>flotar en el r\u00edo Aar,<\/strong> que rodea la ciudad por tres lados. El agua, limpia, fresca y revitalizante, tiene un precioso color esmeralda. Por las tardes, sus orillas se llenan de locales y turistas por igual, que se ponen el ba\u00f1ador y suben desde uno de los <strong>clubs de ba\u00f1o p\u00fablicos<\/strong> para despu\u00e9s dejarse llevar r\u00edo abajo hasta su punto de partida. Lo m\u00e1s curioso es que <strong>\u00a1mucha gente vuelve del trabajo aprovechando la corriente!<\/strong> No es raro ver a alguien salir de la oficina, meter la ropa en una bolsa impermeable y dejarse llevar a casa por el agua.<\/p>\n<p>Berna es, sobre todo, una <strong>ciudad peque\u00f1a y manejable,<\/strong> de gente amable, abierta y cercana, en la que pasar el rato, disfrutando del agua y de su <strong>ambiente tan at\u00edpico en Suiza.<\/strong> La experiencia de sentarse en una cafeter\u00eda en medio de una plaza medieval tras un relajante ba\u00f1o en el r\u00edo, al pie del <strong>Oberland bern\u00e9s<\/strong>, es \u00fanica y perfecta&#8221;. \u2014<em>Jack Shaw, fundador y director de<\/em> <a rel=\"nofollow noopener\" target=\"_blank\" href=\"https:\/\/www.epiceurope.com\/\"><em>Epic Europe<\/em><\/a><\/p>\n<\/div>\n\n<p><em> &#8221; Fuentes www.traveler.es &#8221; <\/em><\/p>\n","protected":false},"excerpt":{"rendered":"<p>&#8220;La capital de Suiza no recibe mucha atenci\u00f3n pese a su tama\u00f1o manejable. Es ideal para hacer excursiones breves y para estancias m\u00e1s largas, adem\u00e1s de ser la base de operaciones perfecta para acercarse a regiones como las monta\u00f1as de Jungfrau. Aunque no tenga aeropuerto internacional como Ginebra o Z\u00farich, s\u00ed que tiene muchas conexiones [&hellip;]<\/p>\n","protected":false},"author":4,"featured_media":365030,"comment_status":"open","ping_status":"closed","sticky":false,"template":"","format":"standard","meta":{"om_disable_all_campaigns":false,"jnews-multi-image_gallery":[],"jnews_single_post":[],"jnews_primary_category":[],"jnews_social_meta":[],"footnotes":""},"categories":[39],"tags":[3637,1653,20607],"class_list":["post-365029","post","type-post","status-publish","format-standard","has-post-thumbnail","hentry","category-viajes","tag-escapada","tag-europa","tag-inspiracion"],"_links":{"self":[{"href":"https:\/\/dimensionturistica.com\/es\/wp-json\/wp\/v2\/posts\/365029","targetHints":{"allow":["GET"]}}],"collection":[{"href":"https:\/\/dimensionturistica.com\/es\/wp-json\/wp\/v2\/posts"}],"about":[{"href":"https:\/\/dimensionturistica.com\/es\/wp-json\/wp\/v2\/types\/post"}],"author":[{"embeddable":true,"href":"https:\/\/dimensionturistica.com\/es\/wp-json\/wp\/v2\/users\/4"}],"replies":[{"embeddable":true,"href":"https:\/\/dimensionturistica.com\/es\/wp-json\/wp\/v2\/comments?post=365029"}],"version-history":[{"count":0,"href":"https:\/\/dimensionturistica.com\/es\/wp-json\/wp\/v2\/posts\/365029\/revisions"}],"wp:featuredmedia":[{"embeddable":true,"href":"https:\/\/dimensionturistica.com\/es\/wp-json\/wp\/v2\/media\/365030"}],"wp:attachment":[{"href":"https:\/\/dimensionturistica.com\/es\/wp-json\/wp\/v2\/media?parent=365029"}],"wp:term":[{"taxonomy":"category","embeddable":true,"href":"https:\/\/dimensionturistica.com\/es\/wp-json\/wp\/v2\/categories?post=365029"},{"taxonomy":"post_tag","embeddable":true,"href":"https:\/\/dimensionturistica.com\/es\/wp-json\/wp\/v2\/tags?post=365029"}],"curies":[{"name":"wp","href":"https:\/\/api.w.org\/{rel}","templated":true}]}}