{"id":364910,"date":"2022-08-04T02:39:50","date_gmt":"2022-08-04T02:39:50","guid":{"rendered":"https:\/\/dimensionturistica.com\/es\/?p=364910"},"modified":"2022-08-04T02:39:50","modified_gmt":"2022-08-04T02:39:50","slug":"la-nacion-vendedora-de-yuyos-estudio-panaderia-durante-la-pandemia-y-ahora-esta-a-punto-de-abrir-su-propio-local","status":"publish","type":"post","link":"https:\/\/dimensionturistica.com\/es\/la-nacion-vendedora-de-yuyos-estudio-panaderia-durante-la-pandemia-y-ahora-esta-a-punto-de-abrir-su-propio-local\/","title":{"rendered":"La Naci\u00f3n \/ Vendedora de yuyos estudi\u00f3 panader\u00eda durante la pandemia y ahora est\u00e1 a punto de abrir su propio local"},"content":{"rendered":"<p> <br \/>\n<\/p>\n<div>\n<p class=\"paragraph\">Do\u00f1a Zulema Calpe vende remedios refrescantes en el predio de la Municipalidad de Encarnaci\u00f3n y gracias al comercio de estos productos logr\u00f3 capacitarse y emprender exitosamente en el sector gastron\u00f3mico. Su sue\u00f1o es abrir su propio native frente a su casa y de esa manera seguir siendo el sost\u00e9n de sus siete hijos.<\/p>\n<p class=\"paragraph\">Por las ma\u00f1anas se dedica a vender yuyos para el mate y terer\u00e9, mientras que sus tardes las dedica a elaborar todo tipo de panificados dulces o salados. \u201cMi sue\u00f1o es hacerme una piecita y tener mis cosas separadas de mi cocina porque en estos momentos estoy organizando dentro de mi cocina familiar\u201d, coment\u00f3 la emprendedora en comunicaci\u00f3n con La Naci\u00f3n.<\/p>\n<p class=\"paragraph\">Expres\u00f3 que durante la pandemia se capacit\u00f3 en cursos de panader\u00eda y confiter\u00eda para lograr generar mayores ingresos, lo cual le est\u00e1 resultando muy rentable. \u201cHace m\u00e1s de 20 a\u00f1os que yo trabajo en la venta de remedios, pero despu\u00e9s empec\u00e9 a estudiar en los cursos que se habilitaron en la pandemia, de 17:00 a 21:00, al salir de mi venta de yuyos\u201d, asegur\u00f3.<\/p>\n<p class=\"paragraph\"><a target=\"_blank\" href=\"https:\/\/www.lanacion.com.py\/negocios\/2022\/08\/03\/moodys-investor-service-ratifico-calificacion-de-la-afd-y-mejoro-su-perspectiva\/\" rel=\"noopener\"><b>Lea tambi\u00e9n: Moody\u2019s Investor Service ratific\u00f3 calificaci\u00f3n de la AFD y mejor\u00f3 su perspectiva<\/b><\/a><\/p>\n<figure class=\"image\" style=\"max-width:1016px\">\n<figure class=\"ihwh\" style=\"padding-top:100%\"\/><figcaption class=\"caption\">Mediante la venta de yuyos do\u00f1a Zulema Calpe ha logrado emprender en el sector gastron\u00f3mico. Foto: Gentileza.<\/figcaption><\/figure>\n<p class=\"paragraph\"><a target=\"_blank\" href=\"https:\/\/www.lanacion.com.py\/negocios\/2022\/08\/03\/creditos-en-guaranies-siguen-encareciendose-en-el-sistema-financiero\/\" rel=\"noopener\"><b>Lea tambi\u00e9n: Cr\u00e9ditos en guaran\u00edes siguen encareci\u00e9ndose en el sistema financiero<\/b><\/a><\/p>\n<p class=\"paragraph\">Adem\u00e1s relat\u00f3 que para lograr estudiar debi\u00f3 caminar casi 40 cuadras de distancia. \u201cM\u00e1s de 10 cuadras llenas de monte y bald\u00edo caminaba ya sea con alguna compa\u00f1era o me llevaba mi hijo mayor\u201d, coment\u00f3. Asimismo, a la par de los cursos, ya iba elaborando las facturas y comenzando a concretar ventas de panificados o masas a trav\u00e9s de sus estados de WhatsApp, relat\u00f3.<\/p>\n<p class=\"paragraph\">Actualmente vende sobre pedido medialunas, bollos, pastafrolas, tambi\u00e9n budines de naranja, la conocida torta marmolada y hasta pan dulce en \u00e9poca navide\u00f1a. As\u00ed tambi\u00e9n, prepara panes como la galleta, rosquitas y panes con jam\u00f3n y queso. \u201cTengo mucha gente que me ayuda porque como les alimento a trav\u00e9s de esto a mis hijos, siempre me est\u00e1n alentando\u201d, dijo.<\/p>\n<p class=\"paragraph\">Su emprendimiento lleva el nombre de \u201cLa Victoria\u201d, puesto que logr\u00f3 sobrellevar todas las adversidades mediante su esfuerzo y dedicaci\u00f3n. Los interesados en adquirir los productos que son entregados por la misma propietaria pueden comunicarse al (0986) 124-722, quien agenda pedidos para las zonas de Barrero Guas\u00fa y alrededores.<\/p>\n<\/div>\n<p><script>!function(f,b,e,v,n,t,s)\n          {if(f.fbq)return;n=f.fbq=function(){n.callMethod?\n          n.callMethod.apply(n,arguments):n.queue.push(arguments)};\n          if(!f._fbq)f._fbq=n;n.push=n;n.loaded=!0;n.version='2.0';\n          n.queue=[];t=b.createElement(e);t.async=!0;\n          t.src=v;s=b.getElementsByTagName(e)[0];\n          s.parentNode.insertBefore(t,s)}(window, document,'script',\n          'https:\/\/connect.facebook.net\/en_US\/fbevents.js');\n          fbq('init', '291189108605310');\n          fbq('track', 'PageView');<\/script><br \/>\n<br \/><\/p>\n<p><em> \u2018 The preceding article may include information circulated by third parties \u2019 <\/em><\/p>\n<p><em> \u2018 Some details of this article were extracted from the following source www.lanacion.com.py \u2019 <\/em><\/p>\n","protected":false},"excerpt":{"rendered":"<p>Do\u00f1a Zulema Calpe vende remedios refrescantes en el predio de la Municipalidad de Encarnaci\u00f3n y gracias al comercio de estos productos logr\u00f3 capacitarse y emprender exitosamente en el sector gastron\u00f3mico. Su sue\u00f1o es abrir su propio native frente a su casa y de esa manera seguir siendo el sost\u00e9n de sus siete hijos. Por las [&hellip;]<\/p>\n","protected":false},"author":2,"featured_media":364911,"comment_status":"open","ping_status":"closed","sticky":false,"template":"","format":"standard","meta":{"om_disable_all_campaigns":false,"jnews-multi-image_gallery":[],"jnews_single_post":[],"jnews_primary_category":[],"jnews_social_meta":[],"footnotes":""},"categories":[43],"tags":[743,50837,50839,50840,50838],"class_list":["post-364910","post","type-post","status-publish","format-standard","has-post-thumbnail","hentry","category-gourmet","tag-gastronomia","tag-panaderia-y-confiteria","tag-venta-de-yuyos","tag-yuyeros","tag-zulema-calpe"],"_links":{"self":[{"href":"https:\/\/dimensionturistica.com\/es\/wp-json\/wp\/v2\/posts\/364910","targetHints":{"allow":["GET"]}}],"collection":[{"href":"https:\/\/dimensionturistica.com\/es\/wp-json\/wp\/v2\/posts"}],"about":[{"href":"https:\/\/dimensionturistica.com\/es\/wp-json\/wp\/v2\/types\/post"}],"author":[{"embeddable":true,"href":"https:\/\/dimensionturistica.com\/es\/wp-json\/wp\/v2\/users\/2"}],"replies":[{"embeddable":true,"href":"https:\/\/dimensionturistica.com\/es\/wp-json\/wp\/v2\/comments?post=364910"}],"version-history":[{"count":0,"href":"https:\/\/dimensionturistica.com\/es\/wp-json\/wp\/v2\/posts\/364910\/revisions"}],"wp:featuredmedia":[{"embeddable":true,"href":"https:\/\/dimensionturistica.com\/es\/wp-json\/wp\/v2\/media\/364911"}],"wp:attachment":[{"href":"https:\/\/dimensionturistica.com\/es\/wp-json\/wp\/v2\/media?parent=364910"}],"wp:term":[{"taxonomy":"category","embeddable":true,"href":"https:\/\/dimensionturistica.com\/es\/wp-json\/wp\/v2\/categories?post=364910"},{"taxonomy":"post_tag","embeddable":true,"href":"https:\/\/dimensionturistica.com\/es\/wp-json\/wp\/v2\/tags?post=364910"}],"curies":[{"name":"wp","href":"https:\/\/api.w.org\/{rel}","templated":true}]}}