{"id":364671,"date":"2022-08-03T18:27:57","date_gmt":"2022-08-03T18:27:57","guid":{"rendered":"https:\/\/dimensionturistica.com\/es\/?p=364671"},"modified":"2022-08-03T18:27:57","modified_gmt":"2022-08-03T18:27:57","slug":"vila-seca-activa-la-operacion-hamaca-para-evitar-las-reservas-en-primera-linea-de-mar","status":"publish","type":"post","link":"https:\/\/dimensionturistica.com\/es\/vila-seca-activa-la-operacion-hamaca-para-evitar-las-reservas-en-primera-linea-de-mar\/","title":{"rendered":"Vila-seca activa la \u2018operaci\u00f3n hamaca\u2019 para evitar las reservas en primera l\u00ednea de mar"},"content":{"rendered":"<p> <br \/>\n<\/p>\n<div>\n<div class=\"paragraph\">\n<p class=\"p_1\">El Plan de Usos de la playa de La Pineda, en Vila-seca, refleja en su articulado que est\u00e1 prohibido dejar en la enviornment elementos para reservar un espacio: sombrillas, sillas, toallas&#8230; Ante esta costumbre extendida de reservarse el mejor sitio en la enviornment, el Ayuntamiento ha iniciado esta semana una campa\u00f1a informativa para informar a los usuarios que dejan sus pertenencias en la enviornment (y vuelven m\u00e1s tarde) que aquello est\u00e1 prohibido.<\/p>\n<p class=\"p_2\">La Polic\u00eda Native, mediante sus agentes de playa son los encargados de dejar en estos enseres una hoja informativa alertando de la ilegalidad que cometen. La campa\u00f1a empez\u00f3 esta semana de agosto y durar\u00e1 unos d\u00edas con el fin de dar a conocer esta prohibici\u00f3n entre los ba\u00f1istas.<\/p>\n<p class=\"p_3\">Durante las pr\u00f3ximas semanas, si el uso irregular de estos usuarios continua dejando \u2018reserva\u2019 en la enviornment con sus pertenencias, la Polic\u00eda Native actuar\u00e1 como lo hizo otros veranos y confiscar\u00e1 las pertenencias.<\/p>\n<\/p><\/div>\n<div class=\"paragraph\">\n<p class=\"p_4\">En 2020 y 2021 se llevaron un m\u00ednimo de dos decomisos en la enviornment con decenas de utensilios recogidos por los agentes. Estos enseres (sombrillas, toallas, sillas&#8230;) quedaban almacenados provisionalmente en la zona del Pinar del Perruquet y cuando sus propietarios iban a reclamarlos, se les devolv\u00eda pero abriendo un expediente sancionador por la mala praxis realizada.<\/p>\n<p class=\"p_5\">Esta campa\u00f1a, que se lleva a cabo esta semana en horario de ma\u00f1ana, b\u00e1sicamente de las 8 a las 9 horas, pretende evitar los decomisos de objetos, que en los veranos anteriores han terminado surtiendo efecto.<\/p>\n<\/p><\/div><\/div>\n\n<p><em> &#8221; Fuentes www.diaridetarragona.com &#8221; <\/em><\/p>\n","protected":false},"excerpt":{"rendered":"<p>El Plan de Usos de la playa de La Pineda, en Vila-seca, refleja en su articulado que est\u00e1 prohibido dejar en la enviornment elementos para reservar un espacio: sombrillas, sillas, toallas&#8230; Ante esta costumbre extendida de reservarse el mejor sitio en la enviornment, el Ayuntamiento ha iniciado esta semana una campa\u00f1a informativa para informar a [&hellip;]<\/p>\n","protected":false},"author":4,"featured_media":364672,"comment_status":"open","ping_status":"closed","sticky":false,"template":"","format":"standard","meta":{"om_disable_all_campaigns":false,"jnews-multi-image_gallery":[],"jnews_single_post":[],"jnews_primary_category":[],"jnews_social_meta":[],"footnotes":""},"categories":[40],"tags":[603],"class_list":["post-364671","post","type-post","status-publish","format-standard","has-post-thumbnail","hentry","category-industria","tag-ayuntamiento"],"_links":{"self":[{"href":"https:\/\/dimensionturistica.com\/es\/wp-json\/wp\/v2\/posts\/364671","targetHints":{"allow":["GET"]}}],"collection":[{"href":"https:\/\/dimensionturistica.com\/es\/wp-json\/wp\/v2\/posts"}],"about":[{"href":"https:\/\/dimensionturistica.com\/es\/wp-json\/wp\/v2\/types\/post"}],"author":[{"embeddable":true,"href":"https:\/\/dimensionturistica.com\/es\/wp-json\/wp\/v2\/users\/4"}],"replies":[{"embeddable":true,"href":"https:\/\/dimensionturistica.com\/es\/wp-json\/wp\/v2\/comments?post=364671"}],"version-history":[{"count":0,"href":"https:\/\/dimensionturistica.com\/es\/wp-json\/wp\/v2\/posts\/364671\/revisions"}],"wp:featuredmedia":[{"embeddable":true,"href":"https:\/\/dimensionturistica.com\/es\/wp-json\/wp\/v2\/media\/364672"}],"wp:attachment":[{"href":"https:\/\/dimensionturistica.com\/es\/wp-json\/wp\/v2\/media?parent=364671"}],"wp:term":[{"taxonomy":"category","embeddable":true,"href":"https:\/\/dimensionturistica.com\/es\/wp-json\/wp\/v2\/categories?post=364671"},{"taxonomy":"post_tag","embeddable":true,"href":"https:\/\/dimensionturistica.com\/es\/wp-json\/wp\/v2\/tags?post=364671"}],"curies":[{"name":"wp","href":"https:\/\/api.w.org\/{rel}","templated":true}]}}