{"id":364585,"date":"2022-08-03T14:48:43","date_gmt":"2022-08-03T14:48:43","guid":{"rendered":"https:\/\/dimensionturistica.com\/es\/?p=364585"},"modified":"2022-08-03T14:48:43","modified_gmt":"2022-08-03T14:48:43","slug":"lobos-lmx-y-golden-foods-se-alian-con-ulm-por-el-deporte","status":"publish","type":"post","link":"https:\/\/dimensionturistica.com\/es\/lobos-lmx-y-golden-foods-se-alian-con-ulm-por-el-deporte\/","title":{"rendered":"Lobos LMx y Golden Foods se al\u00edan con ULM por el deporte"},"content":{"rendered":"<p> <br \/>\n<\/p>\n<div>\n<p class=\"has-text-align-center\"><em><strong>El rector de la Universidad Latina de M\u00e9xico agradeci\u00f3 que Lobos LMx y Golden Meals se unieran en apoyo de los j\u00f3venes deportistas <\/strong><\/em><\/p>\n<p><strong>Redacci\u00f3n<\/strong><\/p>\n<div class=\"code-block code-block-16\" style=\"margin: 8px auto; text-align: center; display: block; clear: both;\">\n<p><noscript><br \/>\n    <a target=\"_blank\" href=\"https:\/\/www9.smartadserver.com\/ac?jump=1&amp;nwid=3839&amp;siteid=367688&amp;pgname=paralax&amp;fmtid=93996&amp;visit=m&amp;tmstp=[timestamp]&amp;out=nonrich\" rel=\"noopener\"><br \/>\n        <img decoding=\"async\" src=\"https:\/\/www9.smartadserver.com\/ac?out=nonrich&amp;nwid=3839&amp;siteid=367688&amp;pgname=paralax&amp;fmtid=93996&amp;visit=m&amp;tmstp=[timestamp]\" border=\"0\" alt=\"\"\/><br \/>\n    <\/a><br \/>\n<\/noscript><\/div>\n<p><strong>Celaya.-<\/strong> La ma\u00f1ana del jueves se llev\u00f3 a cabo en las instalaciones de la Universidad Latina de M\u00e9xico (<a target=\"_blank\" href=\"http:\/\/www.ulm.edu.mx\/index.php?option=com_content&amp;task=category\u00a7ionid=12&amp;id=51&amp;Itemid=120\" rel=\"noreferrer noopener\"><strong>ULM<\/strong><\/a>) la alianza estrat\u00e9gica con deportistas y directivos de Lobos LMx y <a target=\"_blank\" href=\"https:\/\/goldenfoods.com.mx\/conocenos\/\" rel=\"noreferrer noopener\"><strong>Golden Foods<\/strong><\/a>.<\/p>\n<p>El rector de la Universidad, el Lic. Enrique Lemus Mu\u00f1iz Ledo junto con Rodrigo Quintero Gerente de Advertising de Golden Meals dieron la bienvenida al grupo de deportistas de futbol soccer y Americano. Ah\u00ed los alentaron a seguir adelante en ese deporte, ya que es parte integral y quehacer diario que transforma a la sociedad.<\/p>\n<p>Dentro del programa los directivos informaron la uni\u00f3n de dos grandes gigantes dando con esto un gran paso. Con esto hicieron realidad sue\u00f1os y generaron un gran compromiso por parte de la instituci\u00f3n en professional de la ciudad.<\/p>\n<p class=\"has-text-align-center\"><strong>Lee tambi\u00e9n: <a target=\"_blank\" href=\"https:\/\/periodicocorreo.com.mx\/toros-de-celaya-vencen-a-los-legendarios-y-se-posicionan-en-la-liga-proan\/\" rel=\"noreferrer noopener\">Toros de Celaya vencen a los Legendarios y se posicionan en la liga PROAN<\/a><\/strong><\/p>\n<h2 id=\"h-para-acercarse-a-los-jovenes-deportistas\">Para acercarse a los j\u00f3venes deportistas<\/h2>\n<figure class=\"wp-block-image size-large\"><img decoding=\"async\" width=\"1024\" height=\"538\" src=\"https:\/\/periodicocorreo.com.mx\/wp-content\/uploads\/2022\/08\/lobos-food2-1024x538.jpg\" alt=\"lobos food\" class=\"wp-image-261717\" srcset=\"https:\/\/periodicocorreo.com.mx\/wp-content\/uploads\/2022\/08\/lobos-food2-1024x538.jpg 1024w, https:\/\/periodicocorreo.com.mx\/wp-content\/uploads\/2022\/08\/lobos-food2-300x158.jpg 300w, https:\/\/periodicocorreo.com.mx\/wp-content\/uploads\/2022\/08\/lobos-food2-768x403.jpg 768w, https:\/\/periodicocorreo.com.mx\/wp-content\/uploads\/2022\/08\/lobos-food2-150x79.jpg 150w, https:\/\/periodicocorreo.com.mx\/wp-content\/uploads\/2022\/08\/lobos-food2-696x365.jpg 696w, https:\/\/periodicocorreo.com.mx\/wp-content\/uploads\/2022\/08\/lobos-food2-1068x561.jpg 1068w, https:\/\/periodicocorreo.com.mx\/wp-content\/uploads\/2022\/08\/lobos-food2.jpg 1200w\" sizes=\"(max-width: 1024px) 100vw, 1024px\"\/><figcaption>Fotos: Mart\u00edn Rodr\u00edguez<\/figcaption><\/figure>\n<p>El representante de la empresa alimentaria, Lic Rodrigo Quintero mencion\u00f3.<\/p>\n<p><em>\u201cEl motivo de este patrocinio por parte de la empresa, es con la finalidad de acercarnos a ustedes j\u00f3venes deportistas ya que la finalidad es apoyar el deporte m\u00e1s dentro de la ciudad de Celaya. Actualmente tambi\u00e9n tenemos patrocinio con tenistas de apellido Uzuma, otra personita que juega billar. Por supuesto, a ustedes que se suman a nuestra familia de apoyos por parte de Golden Meals.<\/em><\/p>\n<p><em>Nosotros como empresa nos estamos enfocando en los j\u00f3venes deportistas y estamos viendo con el equipo de nutrici\u00f3n qu\u00e9 otros productos podemos ofrecerles para su crecimiento dentro del ramo. Tambi\u00e9n los invitamos a que quien guste hacer pr\u00e1cticas durante sus estudios dentro de la empresa pueden acercarse a nosotros.<\/em><\/p>\n<p><em>Decidimos unirnos c\u00f3mo patrocinio a esta universidad ya que despu\u00e9s de dos a\u00f1os, luego de la pandemia, los j\u00f3venes necesitan ser motivados para seguir con sus estudios, que vean el entorno y su universidad como una distracci\u00f3n. El patrocinio se dio por un a\u00f1o y con un presupuesto de $325,000 pesos y algunos apoyos en especie para los equipos\u201d. <\/em>As\u00ed lo reiter\u00f3 el director administrativo de la empresa.<\/p>\n<h2>Y hacerlos crecer como estudiantes<\/h2>\n<p>El rector de la casa m\u00e1xima de estudios agradeci\u00f3 la uni\u00f3n y el apoyo de la empresa expresado tambi\u00e9n hacia los deportistas.<\/p>\n<p><em>\u201cCreemos en la formaci\u00f3n-integraci\u00f3n. Comentaba en la ma\u00f1ana que existen muchos programas al inside de la universidad para hacerlos crecer como estudiantes. Tambi\u00e9n creemos que el deporte va a impactar, porque queremos que el d\u00eda de ma\u00f1ana sean grandes deportistas y excelentes deportistas.<\/em><\/p>\n<p><em>Me da much\u00edsimo gusto hoy poder celebrar convenios con Golden Meals, quienes nos estar\u00e1n apoyando, porque creen tambi\u00e9n en la educaci\u00f3n deportiva y espec\u00edficamente en la integraci\u00f3n del ser humano. Ellos desde su trinchera basada en la rama de alimentos, ven por supuesto esa gran responsabilidad social es por eso que estamos celebrando este convenio de colaboraci\u00f3n rec\u00edproca\u201d<\/em><\/p>\n<p>As\u00ed finaliz\u00f3 el rector no sin antes agradecer a los directivos de la empresa y a los j\u00f3venes alent\u00e1ndolos a dar todo de s\u00ed, en professional de los equipos y la universidad.<\/p>\n<p><strong>Te puede interesar: <\/strong><\/p>\n<p>LC<\/p>\n<\/p><\/div>\n\n<p><em> \u2018 The preceding article may include information circulated by third parties \u2019 <\/em><\/p>\n<p><em> \u2018 Some details of this article were extracted from the following source periodicocorreo.com.mx \u2019 <\/em><\/p>\n","protected":false},"excerpt":{"rendered":"<p>El rector de la Universidad Latina de M\u00e9xico agradeci\u00f3 que Lobos LMx y Golden Meals se unieran en apoyo de los j\u00f3venes deportistas Redacci\u00f3n Celaya.- La ma\u00f1ana del jueves se llev\u00f3 a cabo en las instalaciones de la Universidad Latina de M\u00e9xico (ULM) la alianza estrat\u00e9gica con deportistas y directivos de Lobos LMx y Golden [&hellip;]<\/p>\n","protected":false},"author":2,"featured_media":0,"comment_status":"open","ping_status":"closed","sticky":false,"template":"","format":"standard","meta":{"om_disable_all_campaigns":false,"jnews-multi-image_gallery":[],"jnews_single_post":[],"jnews_primary_category":[],"jnews_social_meta":[],"footnotes":""},"categories":[43],"tags":[],"class_list":["post-364585","post","type-post","status-publish","format-standard","hentry","category-gourmet"],"_links":{"self":[{"href":"https:\/\/dimensionturistica.com\/es\/wp-json\/wp\/v2\/posts\/364585","targetHints":{"allow":["GET"]}}],"collection":[{"href":"https:\/\/dimensionturistica.com\/es\/wp-json\/wp\/v2\/posts"}],"about":[{"href":"https:\/\/dimensionturistica.com\/es\/wp-json\/wp\/v2\/types\/post"}],"author":[{"embeddable":true,"href":"https:\/\/dimensionturistica.com\/es\/wp-json\/wp\/v2\/users\/2"}],"replies":[{"embeddable":true,"href":"https:\/\/dimensionturistica.com\/es\/wp-json\/wp\/v2\/comments?post=364585"}],"version-history":[{"count":0,"href":"https:\/\/dimensionturistica.com\/es\/wp-json\/wp\/v2\/posts\/364585\/revisions"}],"wp:attachment":[{"href":"https:\/\/dimensionturistica.com\/es\/wp-json\/wp\/v2\/media?parent=364585"}],"wp:term":[{"taxonomy":"category","embeddable":true,"href":"https:\/\/dimensionturistica.com\/es\/wp-json\/wp\/v2\/categories?post=364585"},{"taxonomy":"post_tag","embeddable":true,"href":"https:\/\/dimensionturistica.com\/es\/wp-json\/wp\/v2\/tags?post=364585"}],"curies":[{"name":"wp","href":"https:\/\/api.w.org\/{rel}","templated":true}]}}