{"id":364421,"date":"2022-08-03T10:10:22","date_gmt":"2022-08-03T10:10:22","guid":{"rendered":"https:\/\/dimensionturistica.com\/es\/?p=364421"},"modified":"2022-08-03T10:10:22","modified_gmt":"2022-08-03T10:10:22","slug":"la-apuesta-de-accor-a-la-recuperacion-de-los-viajes-de-negocios","status":"publish","type":"post","link":"https:\/\/dimensionturistica.com\/es\/la-apuesta-de-accor-a-la-recuperacion-de-los-viajes-de-negocios\/","title":{"rendered":"la apuesta de Accor a la recuperaci\u00f3n de los viajes de negocios"},"content":{"rendered":"<p> <br \/>\n<\/p>\n<div>\n<p>\u201cEstamos muy satisfechos con el proyecto. Es un hotel de 22 pisos, con una excelente ubicaci\u00f3n en Insurgentes, donde pasa todo lo que tiene que pasar en la Ciudad de M\u00e9xico\u201d, explica Javier L\u00f3pez, vicepresidente de operaciones de la compa\u00f1\u00eda. \u201cEst\u00e1 frente al <b>World Trade Center<\/b>, en un lote de nueve metros cuadrados de ancho, lo que al momento de construir represent\u00f3 una cantidad de retos t\u00e9cnicos\u201d.<\/p>\n<p>El complejo estaba proyectado para abrir el a\u00f1o pasado, pero la pandemia retras\u00f3 su construcci\u00f3n ocho meses, por lo que su nueva fecha de apertura es el pr\u00f3ximo 15 de agosto.<\/p>\n<p>Con 106 habitaciones divididas en cuatro categor\u00edas (double bed room, King bed room, queen bed room y suites), el complejo prev\u00e9 arrancar con tarifas din\u00e1micas que oscilar\u00e1n entre 1,800 y 2,500 pesos por noche, y que se ajustar\u00e1n en funci\u00f3n de la estacionalidad, particularmente conforme a los eventos que haya en el World Commerce Middle y el <b>Pepsi Middle WTC<\/b>, un recinto ubicado a un costado donde toman lugares varios conciertos.<\/p>\n<p>Este ser\u00e1 el cuarto complejo en M\u00e9xico de la marca <b>Novotel<\/b>, una de las nueve que componen el portafolio de Accor en el pa\u00eds, que tambi\u00e9n opera en Santa Fe, en la Ciudad de M\u00e9xico; Toreo, en el Estado de M\u00e9xico, y en San Pedro Garza Garc\u00eda, en Monterrey.<\/p>\n<p>Accor prev\u00e9 que el nuevo lodge forme parte de una tendencia de ocupaciones que inici\u00f3 el a\u00f1o en alrededor de 40%, hasta escalar a un umbral de 50% a 55% para 2023. En la Ciudad de M\u00e9xico, la ocupaci\u00f3n hotelera promedio cerr\u00f3 junio en 56.7%, de acuerdo con datos de la Secretar\u00eda de Turismo (Sectur).<\/p>\n<p>\u201cTenemos un gran optimismo. Hay eventos confirmados, el calendario de eventos de varios foros est\u00e1 regresando, los centros de convenciones se est\u00e1n activando y las empresas muestran un importante inter\u00e9s de viajes\u201d, asegura el directivo.<\/p>\n<p>A corto plazo, la cadena hotelera tambi\u00e9n prepara la introducci\u00f3n de un complejo <b>Hyde <\/b>en Mazatl\u00e1n de 150 habitaciones firmado a finales de 2020, orientado al segmento de vida y estilo. Adem\u00e1s, a\u00fan tiene pendiente la apertura de un lodge <b>So <\/b>\u2013uno de los m\u00e1s exclusivos entre su portafolio\u2013 en Los Cabos, firmado a finales de 2018.<\/p>\n<\/p><\/div>\n<p><script>\n    window.fbAsyncInit = function() {\n        FB.init({\n                appId : '777317472403233',\n            cookie     : true,\n            xfbml      : true,\n            version    : 'v8.0'\n        });\n        FB.AppEvents.logPageView();\n    };\n    (function(d, s, id){\n        var js, fjs = d.getElementsByTagName(s)[0];\n        if (d.getElementById(id)) {return;}\n        js = d.createElement(s); js.id = id;\n        js.src = \"https:\/\/connect.facebook.net\/en_US\/sdk.js\";\n        fjs.parentNode.insertBefore(js, fjs);\n    }(document, 'script', 'facebook-jssdk'));\n<\/script><br \/>\n<br \/><\/p>\n<p><em> &#8221; Fuentes expansion.mx &#8221; <\/em><\/p>\n","protected":false},"excerpt":{"rendered":"<p>\u201cEstamos muy satisfechos con el proyecto. Es un hotel de 22 pisos, con una excelente ubicaci\u00f3n en Insurgentes, donde pasa todo lo que tiene que pasar en la Ciudad de M\u00e9xico\u201d, explica Javier L\u00f3pez, vicepresidente de operaciones de la compa\u00f1\u00eda. \u201cEst\u00e1 frente al World Trade Center, en un lote de nueve metros cuadrados de ancho, [&hellip;]<\/p>\n","protected":false},"author":4,"featured_media":364422,"comment_status":"open","ping_status":"closed","sticky":false,"template":"","format":"standard","meta":{"om_disable_all_campaigns":false,"jnews-multi-image_gallery":[],"jnews_single_post":[],"jnews_primary_category":[],"jnews_social_meta":[],"footnotes":""},"categories":[39],"tags":[50779,634,50780,50778,50781,50782],"class_list":["post-364421","post","type-post","status-publish","format-standard","has-post-thumbnail","hentry","category-viajes","tag-accor-novotel","tag-empresas","tag-hoteles-cdmx","tag-novotel-world-trade-center","tag-nuevos-hoteles-en-cdmx","tag-nuevos-hoteles-en-mexico"],"_links":{"self":[{"href":"https:\/\/dimensionturistica.com\/es\/wp-json\/wp\/v2\/posts\/364421","targetHints":{"allow":["GET"]}}],"collection":[{"href":"https:\/\/dimensionturistica.com\/es\/wp-json\/wp\/v2\/posts"}],"about":[{"href":"https:\/\/dimensionturistica.com\/es\/wp-json\/wp\/v2\/types\/post"}],"author":[{"embeddable":true,"href":"https:\/\/dimensionturistica.com\/es\/wp-json\/wp\/v2\/users\/4"}],"replies":[{"embeddable":true,"href":"https:\/\/dimensionturistica.com\/es\/wp-json\/wp\/v2\/comments?post=364421"}],"version-history":[{"count":0,"href":"https:\/\/dimensionturistica.com\/es\/wp-json\/wp\/v2\/posts\/364421\/revisions"}],"wp:featuredmedia":[{"embeddable":true,"href":"https:\/\/dimensionturistica.com\/es\/wp-json\/wp\/v2\/media\/364422"}],"wp:attachment":[{"href":"https:\/\/dimensionturistica.com\/es\/wp-json\/wp\/v2\/media?parent=364421"}],"wp:term":[{"taxonomy":"category","embeddable":true,"href":"https:\/\/dimensionturistica.com\/es\/wp-json\/wp\/v2\/categories?post=364421"},{"taxonomy":"post_tag","embeddable":true,"href":"https:\/\/dimensionturistica.com\/es\/wp-json\/wp\/v2\/tags?post=364421"}],"curies":[{"name":"wp","href":"https:\/\/api.w.org\/{rel}","templated":true}]}}