{"id":364399,"date":"2022-08-03T09:12:39","date_gmt":"2022-08-03T09:12:39","guid":{"rendered":"https:\/\/dimensionturistica.com\/es\/?p=364399"},"modified":"2022-08-03T09:12:39","modified_gmt":"2022-08-03T09:12:39","slug":"menorca-me-parece-el-paraiso-del-planeta-tierra-por-encima-de-bali-y-esas-cosas","status":"publish","type":"post","link":"https:\/\/dimensionturistica.com\/es\/menorca-me-parece-el-paraiso-del-planeta-tierra-por-encima-de-bali-y-esas-cosas\/","title":{"rendered":"&#8220;Menorca me parece el para\u00edso del planeta tierra, por encima de Bali y esas cosas&#8221;"},"content":{"rendered":"<p> <br \/>\n<\/p>\n<div>\n<aside class=\"subscription-highlighted\">\n<div class=\"subscription-container\">\n<div class=\"non-subscribed\">\n<p class=\"description\">Somos de rutas, no de rutinas. Descubre Viajes Nationwide Geographic<\/p>\n<p><a rel=\"nofollow noopener\" target=\"_blank\" href=\"https:\/\/tienda.rbarevistas.com\/por-que-viajes-national-geographic.html?rba_source=viajes.nationalgeographic.com.es&amp;rba_medium=referral&amp;rba_campaign=NGMV&amp;rba_content=frase-articulo\" class=\"more-link\">SABER M\u00c1S<\/a><\/div>\n<\/div>\n<\/aside>\n<p style=\"display: none;\"><img decoding=\"async\" id=\"ctl01_ctl00_phMain_phMain_ctl00_ctl02_ctl17_ctl01_imgContent\" src=\"https:\/\/viajes.nationalgeographic.com.es\/medio\/2022\/08\/03\/david-serrano_7c5b35e2_800x800.jpg\" alt=\"David Serrano\" style=\"border-width:0px;\"\/><\/p>\n<aside class=\"add300x250 publi-interior-top ad-container-r1 ad-inline\"\/>\n<p dir=\"ltr\"><strong><span id=\"docs-internal-guid-a90bed1c-7fff-792d-3f84-942952f09409\">Un musical con las grandes canciones de los Hombres G, que se escuchan, se cantan y se bailan en la pel\u00edcula. \u00bfC\u00f3mo surge la concept de contar esta historia?<\/span><\/strong><\/p>\n<p dir=\"ltr\">El proyecto surge como un encargo del productor Enrique L\u00f3pez Lavigne, con el que llevaba muchos a\u00f1os queriendo hacer un musical; pero se convierte en la pel\u00edcula m\u00e1s private que he hecho, porque paso a contar mi vida a los doce a\u00f1os y hablo de mi primer amor, que se llamaba Laila. En la pel\u00edcula aparecen mis amigos, como Luis, que ten\u00eda una pierna ortop\u00e9dica y nunca supimos por qu\u00e9, porque \u00e9l corr\u00eda, saltaba y jugaba al f\u00fatbol con nosotros como un bestia. Y como Fernando \u201cEl Cabra\u201d, un chico de 16 a\u00f1os que estaba en nuestra clase porque ten\u00eda muchos problemas de aprendizaje. Muchas de las cosas que aparecen en la pel\u00edcula son parte de mi vida. De la parte adulta, pr\u00e1cticamente nada, pero de la infantil\u2026 \u00a1hay much\u00edsimo!<\/p>\n<p dir=\"ltr\"><strong><span id=\"docs-internal-guid-a90bed1c-7fff-792d-3f84-942952f09409\"><em>Voy a pas\u00e1rmelo bien<\/em> es un viaje a los 80, al chaval que t\u00fa tambi\u00e9n fuiste. \u00bfHasta d\u00f3nde te ha llevado esta aventura emocionalmente?<\/span><\/strong><\/p>\n<p dir=\"ltr\"><span>Pues ha sido muy bonito, la verdad, todo el proceso de ir recordando cosas que, adem\u00e1s, crees que est\u00e1n olvidadas, pero que, cuando haces el esfuerzo de recordar, van reapareciendo. Y fue muy bonito cuando localic\u00e9 a Laila, despu\u00e9s de 34 a\u00f1os sin vernos, para hablar y compartir recuerdos. No tiene redes sociales y no hab\u00eda manera de encontrarla. S\u00ed que me acordaba de sus dos apellidos, porque en clase, en aquella \u00e9poca, siempre nos habl\u00e1bamos con los dos apellidos, as\u00ed que pude localizar a su hermana a trav\u00e9s de LinkedIn. Las dos conversaciones largas que tuve con ella fueron muy especiales, porque nuestra relaci\u00f3n termin\u00f3 medio rara, no de una manera tan bonita como en la pel\u00edcula. Me da un poco de pudor decir que esas conversaciones fueron sanadoras, pero estuvieron casi ah\u00ed, fue como darle un closing bonito a ese primer amor. Y as\u00ed se lo dije: \u201cQuiero darle a nuestro primer amor un final bonito con esta pel\u00edcula\u201d.<\/span><\/p>\n<p dir=\"ltr\"><strong><span id=\"docs-internal-guid-a90bed1c-7fff-792d-3f84-942952f09409\">La pel\u00edcula es una comedia rom\u00e1ntica en dos tiempos (1989 y 2022), un homenaje (y un reencuentro) al primer amor, pero tambi\u00e9n a la amistad, que pones en valor a trav\u00e9s de Los Pitus\u2026<\/span><\/strong><\/p>\n<p dir=\"ltr\"><span>Es que, a esas edades, lo m\u00e1s importante del mundo son tus amigos. De hecho, en mi vida actual, yo dej\u00e9 a Laila porque mis amigos me dijeron: \u201cTienes que elegir: ella o nosotros\u201d. Hay una frase muy bonita en la pel\u00edcula <\/span>Cuenta conmigo que cube: \u201cNunca tuve amigos como los que tuve a los doce a\u00f1os\u201d. Esta frase fue muy importante para m\u00ed a la hora de escribir el guion, porque es verdad, es que a los 12 a\u00f1os tu mundo son tus amigos. Y m\u00e1s en una ciudad de provincias, donde la vida se hac\u00eda mucho m\u00e1s en la calle de lo que se hac\u00eda en Madrid.<\/p>\n<blockquote>\n<p dir=\"ltr\">Esta se ha convertido en la pel\u00edcula m\u00e1s private que he hecho<\/p>\n<\/blockquote>\n<p><strong><span id=\"docs-internal-guid-a90bed1c-7fff-792d-3f84-942952f09409\">\u00bfNo te has criado en Madrid?<\/span><\/strong><\/p>\n<p dir=\"ltr\"><span>S\u00ed, pero desde los nueve hasta los trece a\u00f1os viv\u00ed en Albacete. Por eso tambi\u00e9n period importante que la pel\u00edcula no transcurriera en una gran ciudad, porque la vida all\u00ed period diferente, \u00e9ramos mucho m\u00e1s libres. Volver a Madrid fue un cambio brutal para m\u00ed, porque pas\u00e9 de vivir casi en libertad absoluta a tener una vida mucho m\u00e1s complicada y peligrosa. <\/span><\/p>\n<p dir=\"ltr\"><strong><span id=\"docs-internal-guid-a90bed1c-7fff-792d-3f84-942952f09409\">Al igual que Hombres G forma parte de nuestra memoria musical, los lugares donde verane\u00e1bamos de ni\u00f1os tambi\u00e9n se quedan para siempre. \u00bfCu\u00e1l period el tuyo?<\/span><\/strong><\/p>\n<p dir=\"ltr\"><span id=\"docs-internal-guid-a90bed1c-7fff-792d-3f84-942952f09409\">Gand\u00eda, donde estuve como tres o cuatro a\u00f1os seguidos yendo y ten\u00eda una pandilla de amigos. Verane\u00e9 all\u00ed como de los 11 a los 13 \u00f3 14 a\u00f1os, en la misma \u00e9poca que la de los personajes de la peli. <\/span><\/p>\n<p dir=\"ltr\"><span id=\"docs-internal-guid-a90bed1c-7fff-792d-3f84-942952f09409\"><strong>\u00bfRecuerdas tu primer viaje de juventud?<\/strong><\/span><\/p>\n<p dir=\"ltr\"><span id=\"docs-internal-guid-a90bed1c-7fff-792d-3f84-942952f09409\">S\u00ed, fue el t\u00edpico verano que te mandaban un mes a <\/span>Portsmouth (Inglaterra) con 15 a\u00f1os. Ibas con un grupo de 80 espa\u00f1oles, con lo cual al closing estabas solo con los espa\u00f1oles y no hablabas una mierda de ingl\u00e9s y, encima, compart\u00edas casa con otro espa\u00f1ol, con lo cual period absurdo.<\/p>\n<p dir=\"ltr\"><strong><span id=\"docs-internal-guid-a90bed1c-7fff-792d-3f84-942952f09409\">Ya de adulto, el cine y el teatro se instalaron en tu vida de manera profesional. \u00bfHay alg\u00fan lugar especial, que no olvidas, al que te haya llevado un estreno, un rodaje o una gira? <\/span><\/strong><\/p>\n<p dir=\"ltr\"><span id=\"docs-internal-guid-a90bed1c-7fff-792d-3f84-942952f09409\">\u00a1Avil\u00e9s! He estrenado siete obras de teatro all\u00ed. De hecho, creo que soy el director que m\u00e1s obras ha estrenado en el Teatro Palacio Vald\u00e9s de Avil\u00e9s. Es una ciudad que tengo absolutamente relacionada con mi actividad profesional. <\/span><\/p>\n<figure class=\"thumb zoom\"><img loading=\"lazy\" decoding=\"async\" sizes=\"auto, 100vw\" srcset=\"https:\/\/viajes.nationalgeographic.com.es\/medio\/2022\/08\/02\/broadway_944b75e7_720x480.jpg 720w,https:\/\/viajes.nationalgeographic.com.es\/medio\/2022\/08\/02\/broadway_260dcf6d_1200x800.jpg 1200w\" src=\"https:\/\/viajes.nationalgeographic.com.es\/medio\/2022\/08\/02\/broadway_260dcf6d_1200x800.jpg\" class=\"lazyload\" width=\"1200\" height=\"800\" data-aspectratio=\"1200\/800\"\/><noscript><img decoding=\"async\" src=\"https:\/\/viajes.nationalgeographic.com.es\/medio\/2022\/08\/02\/broadway_260dcf6d_1200x800.jpg\"\/><\/noscript><\/p>\n<div class=\"info\">\n<div class=\"credit\">\n<p>Un plan imprescindible para David Serrano en Nueva York es ir a ver musicales.<\/p>\n<\/div><figcaption class=\"by\">&#13;Foto: Istock<\/figcaption><\/div>\n<\/figure>\n<p dir=\"ltr\"><strong><span id=\"docs-internal-guid-a90bed1c-7fff-792d-3f84-942952f09409\">Cuando los compromisos te lo permiten, \u00bfcu\u00e1nto viajas por placer? <\/span><\/strong><\/p>\n<p dir=\"ltr\"><span id=\"docs-internal-guid-a90bed1c-7fff-792d-3f84-942952f09409\">No todo lo que me gustar\u00eda\u2026 S\u00ed que, durante muchos a\u00f1os, he estado viajando a Nueva York para ver teatro musical. Lo hac\u00eda con Dani S\u00e1nchez Ar\u00e9valo, pero ahora es m\u00e1s complicado porque \u00e9l tiene una ni\u00f1a de dos a\u00f1os y yo un beb\u00e9 de ocho meses. Pero nos \u00edbamos todos los a\u00f1os, pr\u00e1cticamente, una o dos veces.<\/span><\/p>\n<p><strong><span id=\"docs-internal-guid-a90bed1c-7fff-792d-3f84-942952f09409\">\u00bfCu\u00e1l es el viaje m\u00e1s inolvidable que has hecho en tu vida?<\/span><\/strong><\/p>\n<p><span id=\"docs-internal-guid-a90bed1c-7fff-792d-3f84-942952f09409\">No s\u00e9 si es el m\u00e1s inolvidable, pero, desde luego, es el m\u00e1s divertido. Fue uno que hice por placer a Brasil con Roberto \u00c1lamo y Alberto San Juan, justo antes del estreno de <\/span><em>D\u00edas de f\u00fatbol. <\/em>Somos tan distintos los tres que period como para haber hecho un documental del viaje [risas].<\/p>\n<p><strong><span id=\"docs-internal-guid-a90bed1c-7fff-792d-3f84-942952f09409\">\u00bfY ese que cada vez tienes m\u00e1s pendiente de hacer?<\/span><\/strong><\/p>\n<p><span id=\"docs-internal-guid-a90bed1c-7fff-792d-3f84-942952f09409\">\u00a1Muchos! Tengo tantas ganas de ir a Jap\u00f3n, a Canad\u00e1\u2026 \u00a1y m\u00e1s viajes! Me encantar\u00eda ir tambi\u00e9n a Perito Moreno, en Argentina. <\/span><\/p>\n<div class=\"cuadro-destacado\">\n<p class=\"overtitle\">Coordenadas viajeras<\/p>\n<h3 class=\"title\">David Serrano<\/h3>\n<ol class=\"destacado-list\">\n<li class=\"destacado-list-item\">\n<p class=\"list-item-title\"><span id=\"docs-internal-guid-59df0c74-7fff-19dd-370c-6b0c3e44b1c7\">\u00bfAd\u00f3nde nos llevas si vamos al norte?<\/span><\/p>\n<p class=\"list-item-text\"><span id=\"docs-internal-guid-5e7fb59b-7fff-48dd-70f7-31fbaa86a834\">A Londres, una ciudad que me vuelve loco. Es la m\u00e1s bonita de todas. Adem\u00e1s, cuando vamos, siempre nos quedamos en el centro y, en el \u00faltimo viaje, fui precisamente con Dani S\u00e1nchez Ar\u00e9valo, porque, como Nueva York ya nos pilla m\u00e1s complicado, nos dijimos: \u201cV\u00e1monos, aunque sea, tres d\u00edas a Londres\u201d. Nos dimos una caminata incre\u00edble hacia la Isla de los Perros, una zona que no conoc\u00eda y flip\u00e9 de repente. Londres es una ciudad llena de rincones que puedes estar descubriendo durante meses. Aparte de que tiene la mejor cartelera teatral del mundo.<\/span><\/p>\n<\/li>\n<li class=\"destacado-list-item\">\n<p class=\"list-item-title\"><span id=\"docs-internal-guid-040e6c1e-7fff-7ea9-f0d2-d88934667c3d\">\u00bfQu\u00e9 destino eliges mirando al sur?<\/span><\/p>\n<p dir=\"ltr\"><span id=\"docs-internal-guid-3f376044-7fff-a573-4382-3fe11daaa9dc\">Es un suroeste: Argentina. He viajado mucho, he trabajaba all\u00ed, mi mujer es argentina, mi hijo tiene tambi\u00e9n la nacionalidad argentina y tengo mucha relaci\u00f3n con Buenos Aires. Es una ciudad muy importante en mi vida<\/span><\/p>\n<\/li>\n<li class=\"destacado-list-item\">\n<p class=\"list-item-title\"><span id=\"docs-internal-guid-21ad6eb0-7fff-ec35-64d6-7bdbca9aa4b3\">\u00bfY si vamos al este?<\/span><\/p>\n<p class=\"list-item-text\"><span id=\"docs-internal-guid-23594f1e-7fff-160b-fea5-abb4e7f8deaf\">Menorca, un sitio para m\u00ed muy especial y creo que al que m\u00e1s he ido de vacaciones. Es la isla de las Baleares que me parece el para\u00edso del planeta tierra, por encima de Bali y esas cosas. He pasado muchos momentos importantes de mi vida en ella y me parece un aut\u00e9ntico para\u00edso.<\/span><\/p>\n<\/li>\n<li class=\"destacado-list-item\">\n<p class=\"list-item-title\"><span id=\"docs-internal-guid-bea7373d-7fff-441b-d372-aae8a8bea7bc\">Toca el oeste\u2026<\/span><\/p>\n<p class=\"list-item-text\"><span id=\"docs-internal-guid-2c741bd8-7fff-6d09-2d32-1336d2e41a74\">Nueva York, la ciudad donde me gustar\u00eda vivir durante una \u00e9poca de mi vida. He ido mucho para ver musicales o teatro, pero me queda pendiente vivir all\u00ed, aunque sea, tres o cuatro meses. \u00a1Ojal\u00e1 pueda hacerlo.<\/span><\/p>\n<\/li>\n<\/ol>\n<\/div>\n<div>\n<p dir=\"ltr\"><strong><span id=\"docs-internal-guid-f2fa071a-7fff-0e9c-6fbf-ed2c7b815912\">\u00bfQu\u00e9 no puede faltar en tu equipaje cuando viajas?<\/span><\/strong><\/p>\n<p dir=\"ltr\"><span>Voy a ser un poco m\u00e1s prosaico: Fortasec. Nunca debe faltar, sobre todo, si viajas a determinados pa\u00edses, porque, en cuanto tomas algo que han lavado con agua que no es a la que est\u00e1s acostumbrado, tienes problemas\u2026 Fortasec es el mejor compa\u00f1ero del viajero.<\/span><\/p>\n<p dir=\"ltr\">\n<figure class=\"thumb zoom\"><img loading=\"lazy\" decoding=\"async\" sizes=\"auto, 100vw\" srcset=\"https:\/\/viajes.nationalgeographic.com.es\/medio\/2022\/08\/02\/faro-caballeria-en-menorca_ab67cd23_720x478.jpg 720w,https:\/\/viajes.nationalgeographic.com.es\/medio\/2022\/08\/02\/faro-caballeria-en-menorca_39bed371_1200x797.jpg 1200w\" src=\"https:\/\/viajes.nationalgeographic.com.es\/medio\/2022\/08\/02\/faro-caballeria-en-menorca_39bed371_1200x797.jpg\" class=\"lazyload\" width=\"1200\" height=\"797\" data-aspectratio=\"1200\/797\"\/><noscript><img decoding=\"async\" src=\"https:\/\/viajes.nationalgeographic.com.es\/medio\/2022\/08\/02\/faro-caballeria-en-menorca_39bed371_1200x797.jpg\"\/><\/noscript><\/p>\n<div class=\"info\">\n<div class=\"credit\">\n<p>\u00bfIslas Baleares, el para\u00edso en la tierra? David Serrano no lo duda.<\/p>\n<\/div><figcaption class=\"by\">&#13;Foto: Istock<\/figcaption><\/div>\n<\/figure>\n<p>&#13;<\/p>\n<p dir=\"ltr\"><strong><span>\u00bfGastas alguna man\u00eda viajera?<\/span><\/strong><\/p>\n<p dir=\"ltr\"><span>Me gusta verlo todo. S\u00ed que soy obsesivo en eso. En ese sentido, no me relajo cuando viajo.<\/span><\/p>\n<p dir=\"ltr\"><strong><span>\u00bfEl memento m\u00e1s apreciado de cuantos tienes en casa?<\/span><\/strong><\/p>\n<p dir=\"ltr\"><span>Durante una \u00e9poca, ya se me ha pasado un poco, me obsesion\u00e9 con los pisapapeles de cristal. Siempre que me iba de viaje, compraba alguno y todav\u00eda lo hago si veo alguno bonito. Tengo uno que compr\u00e9 en Venecia al que guardo mucho cari\u00f1o. <\/span><\/p>\n<p dir=\"ltr\"><strong><span>Comer y viajar es todo uno. \u00bfUn plato que tengas grabado a fuego en el paladar?<\/span><\/strong><\/p>\n<p dir=\"ltr\"><span>En Per\u00fa, en Lima. Com\u00ed en Central, que creo que ocupa el segundo lugar en los <a rel=\"nofollow noopener\" target=\"_blank\" href=\"https:\/\/viajes.nationalgeographic.com.es\/gastronomia\/the-worlds-50-best-restaurants-premios-mas-alla-ranking_17336\">50 Mejores Restaurantes del Mundo<\/a>, y para m\u00ed fue la experiencia gastron\u00f3mica m\u00e1s alucinante que he tenido en mi vida. He comido en tres estrellas Michelin aqu\u00ed en Espa\u00f1a, pero lo de Central fue otro nivel. Tuve que viajar mucho a Lima por trabajo hace unos a\u00f1os y \u00a1c\u00f3mo se come! Es espectacular lo de Lima con la comida.<\/span><\/p>\n<p dir=\"ltr\"><strong><span>\u00bfQu\u00e9 ciudad merece un gran musical?<\/span><\/strong><\/p>\n<p dir=\"ltr\"><span>Madrid. No se ha hecho en cine todav\u00eda un musical que hable de ella y de La Movida, el momento de esplendor musical de Madrid y donde est\u00e1n las canciones m\u00e1s potentes para meter. Creo que falta el gran musical de La Movida madrile\u00f1a, porque <\/span>Hoy no me puedo levantar apelaba a ella, pero no se ha hecho en cine y se podr\u00eda hacer una gran pel\u00edcula o una miniserie.<\/p>\n<\/div>\n<aside class=\"add300x600 publi-interior-bot ad-inline ad-container-r2\"\/><\/div>\n\n<p><em> &#8221; Fuentes viajes.nationalgeographic.com.es &#8221; <\/em><\/p>\n","protected":false},"excerpt":{"rendered":"<p>Somos de rutas, no de rutinas. Descubre Viajes Nationwide Geographic SABER M\u00c1S Un musical con las grandes canciones de los Hombres G, que se escuchan, se cantan y se bailan en la pel\u00edcula. \u00bfC\u00f3mo surge la concept de contar esta historia? El proyecto surge como un encargo del productor Enrique L\u00f3pez Lavigne, con el que [&hellip;]<\/p>\n","protected":false},"author":4,"featured_media":364400,"comment_status":"open","ping_status":"closed","sticky":false,"template":"","format":"standard","meta":{"om_disable_all_campaigns":false,"jnews-multi-image_gallery":[],"jnews_single_post":[],"jnews_primary_category":[],"jnews_social_meta":[],"footnotes":""},"categories":[39],"tags":[47258,47257],"class_list":["post-364399","post","type-post","status-publish","format-standard","has-post-thumbnail","hentry","category-viajes","tag-cargado-desde-el-fichero-de-recursos","tag-keywords-por-defecto"],"_links":{"self":[{"href":"https:\/\/dimensionturistica.com\/es\/wp-json\/wp\/v2\/posts\/364399","targetHints":{"allow":["GET"]}}],"collection":[{"href":"https:\/\/dimensionturistica.com\/es\/wp-json\/wp\/v2\/posts"}],"about":[{"href":"https:\/\/dimensionturistica.com\/es\/wp-json\/wp\/v2\/types\/post"}],"author":[{"embeddable":true,"href":"https:\/\/dimensionturistica.com\/es\/wp-json\/wp\/v2\/users\/4"}],"replies":[{"embeddable":true,"href":"https:\/\/dimensionturistica.com\/es\/wp-json\/wp\/v2\/comments?post=364399"}],"version-history":[{"count":0,"href":"https:\/\/dimensionturistica.com\/es\/wp-json\/wp\/v2\/posts\/364399\/revisions"}],"wp:featuredmedia":[{"embeddable":true,"href":"https:\/\/dimensionturistica.com\/es\/wp-json\/wp\/v2\/media\/364400"}],"wp:attachment":[{"href":"https:\/\/dimensionturistica.com\/es\/wp-json\/wp\/v2\/media?parent=364399"}],"wp:term":[{"taxonomy":"category","embeddable":true,"href":"https:\/\/dimensionturistica.com\/es\/wp-json\/wp\/v2\/categories?post=364399"},{"taxonomy":"post_tag","embeddable":true,"href":"https:\/\/dimensionturistica.com\/es\/wp-json\/wp\/v2\/tags?post=364399"}],"curies":[{"name":"wp","href":"https:\/\/api.w.org\/{rel}","templated":true}]}}