{"id":364334,"date":"2022-08-03T06:33:08","date_gmt":"2022-08-03T06:33:08","guid":{"rendered":"https:\/\/dimensionturistica.com\/es\/?p=364334"},"modified":"2022-08-03T06:33:08","modified_gmt":"2022-08-03T06:33:08","slug":"comer-en-sao-paulo-8-recomendados-para-descubrir-la-capital-gastronomica-de-america-latina","status":"publish","type":"post","link":"https:\/\/dimensionturistica.com\/es\/comer-en-sao-paulo-8-recomendados-para-descubrir-la-capital-gastronomica-de-america-latina\/","title":{"rendered":"Comer en S\u00e3o Paulo. 8 recomendados para descubrir la capital gastron\u00f3mica de Am\u00e9rica Latina"},"content":{"rendered":"<p> <br \/>\n<\/p>\n<div data-fusion-lazy-id=\"f0ffaTcpJfA12QV\">\n<p class=\"com-paragraph  --capital --s\">Al igual que Buenos Aires, pero en mucha mayor medida, esta es una ciudad de inmigrantes. Los regionalismos son parte de su idiosincrasia, y as\u00ed puede conseguirse tanto un <mark class=\"hl_underline\"><em>bai\u00e3o de dois<\/em><\/mark> (t\u00edpico de Cear\u00e1, elaborado a base de arroz y porotos) o una <em>dobradinha<\/em> (mondongo), emblemas nordestinos, como un <mark class=\"hl_underline\"><em>a\u00e7a\u00ed<\/em> del Amazonas<\/mark> o el authentic <mark class=\"hl_underline\"><em>pato no tucupi<\/em><\/mark> (pato servido con una rara hierba native que provoca cierto adormecimiento en la lengua), de Par\u00e1, o un <em>quebra-torto<\/em> del Pantanal mato-grossense (la primera comida del d\u00eda, hecha con arroz, mandioca y huevos, entro otros ingredientes), un churrasco <em>ga\u00facho<\/em> o el consagrado <mark class=\"hl_underline\"><em>virado \u00e0 paulista<\/em><\/mark><em> <\/em>(un plato integral que es una especie de <em>feijoada<\/em> deconstruida en sus ingredientes: poroto, arroz, embutidos, panceta). \u00bfEl resto? <mark class=\"hl_underline\">Cooks con estrellas Michelin, <em>botecos<\/em> (barcitos) con onda, sitios secretos y barras donde probar <em>petiscos<\/em> (tentempi\u00e9s) in\u00e9ditos<\/mark>. Adem\u00e1s, cocina francesa, india, mexicana, peruana, rusa, polaca\u2026 es s\u00f3lo cuesti\u00f3n de elegir y buscar.<\/p>\n<p class=\"com-paragraph   --s\">Abri\u00f3 en 2015, en pleno centro, el establecimiento comandado por el chef <mark class=\"hl_underline\">Jefferson Rueda<\/mark>, que tiene como protagonista al cerdo. En el men\u00fa aparecen propuestas inusitadas como <mark class=\"hl_underline\">tartare de cerdo o sushi de papada<\/mark>, que le garantizaron el lugar <a target=\"_blank\" href=\"https:\/\/www.theworlds50best.com\/list\/1-50\" rel=\"nofollow noopener\" title=\"n\u00famero 7 en The World\u2019s 50 Best Restaurants 2022 (del mundo, no s\u00f3lo de Sudam\u00e9rica)\" class=\"com-link\" data-reactroot=\"\">n\u00famero 7 en <em>The World\u2019s 50 Best Restaurants 2022<\/em> (del mundo, no s\u00f3lo de Sudam\u00e9rica)<\/a>.<\/p>\n<div class=\"content-media\">\n<section role=\"button\" class=\"mod-media   \">\n<figure role=\"button\" class=\"mod-figure \">\n<div class=\"placeholder \"><img src=\"https:\/\/resizer.glanacion.com\/resizer\/ZEtMs_eNbJdxRrrARxKuscbkoN4=\/310x0\/filters:format(webp):quality(80)\/cloudfront-us-east-1.images.arcpublishing.com\/lanacionar\/35CTRIQEKNGF5PZTUL2K2VJVKA.jpg\" alt=\"Panceta de cerdo, aceite de urucum, consom\u00e9 de verduras asadas y soja fermentada by Jefferson Rueda. \" width=\"5081\" height=\"3811\" class=\"com-image \" srcset=\"https:\/\/resizer.glanacion.com\/resizer\/lxATh1x0UEZ52_Ymoctl2w7ze3k=\/879x0\/filters:format(webp):quality(80)\/cloudfront-us-east-1.images.arcpublishing.com\/lanacionar\/35CTRIQEKNGF5PZTUL2K2VJVKA.jpg 879w, https:\/\/resizer.glanacion.com\/resizer\/eI9ltrmG7oycQY1sPy7-kSWNbco=\/690x0\/filters:format(webp):quality(80)\/cloudfront-us-east-1.images.arcpublishing.com\/lanacionar\/35CTRIQEKNGF5PZTUL2K2VJVKA.jpg 690w, https:\/\/resizer.glanacion.com\/resizer\/OWhr33ShZ8otkeri_hq-_B7jgUA=\/768x0\/filters:format(webp):quality(80)\/cloudfront-us-east-1.images.arcpublishing.com\/lanacionar\/35CTRIQEKNGF5PZTUL2K2VJVKA.jpg 768w, https:\/\/resizer.glanacion.com\/resizer\/93HC9lU-3onMI75n2r8bsW5JdA8=\/350x0\/filters:format(webp):quality(80)\/cloudfront-us-east-1.images.arcpublishing.com\/lanacionar\/35CTRIQEKNGF5PZTUL2K2VJVKA.jpg 350w, https:\/\/resizer.glanacion.com\/resizer\/ZEtMs_eNbJdxRrrARxKuscbkoN4=\/310x0\/filters:format(webp):quality(80)\/cloudfront-us-east-1.images.arcpublishing.com\/lanacionar\/35CTRIQEKNGF5PZTUL2K2VJVKA.jpg 310w\" loading=\"lazy\" importance=\"low\" decoding=\"async\"\/><\/div><figcaption class=\"mod-figcaption\"><span class=\"com-text --caption --twoxs\">Panceta de cerdo, aceite de urucum, consom\u00e9 de verduras asadas y soja fermentada by Jefferson Rueda. <\/span><span class=\"com-text --credit --twoxs\">Mauro Holanda<\/span><\/figcaption><\/figure>\n<\/section>\n<\/div>\n<p class=\"com-paragraph   --s\">Rueda es nacido en el inside paulista y tiene una larga carrera como carnicero especializado en bovinos y porcinos, adem\u00e1s de varias temporadas en cocinas muy reputadas de Espa\u00f1a, como <em>El Celler de Can Roca<\/em> o el <em>Can Fabes <\/em>del difunto Santi Santamaria<em>.<\/em> Bajo su ojo y trato atento, el restaurante \u00edtalo-caipira <em>Attimo<\/em> (cerrado temporariamente) gan\u00f3 una estrella Michelin. Vanguardista y experimentalista, Jefferson todav\u00eda mantiene sus otros emprendimientos \u2013<em>Sizzling Pork<\/em>, la <em>Sorveteria do Centro<\/em> y el frigor\u00edfico <em>Porco Actual<\/em>\u2013 a todo vapor. <strong>@acasadoporcobar<\/strong><\/p>\n<p class=\"com-paragraph   --s\"><mark class=\"hl_underline\">Jana\u00edna Rueda<\/mark> es una fiera de la cocina. Ser\u00e1 por eso que el suyo es el <em>Bar da Dona On\u00e7a<\/em> (\u201con\u00e7a\u201d quiere decir \u02bbjaguar\u02bc, en portugu\u00e9s), enclavado en la planta baja del edificio Copan. Ella fue pionera en apostar por la cocina emotiva, con <mark class=\"hl_underline\">men\u00fa inspirado en platos familiares<\/mark>, de esos que reconfortan en cuerpo y alma.<\/p>\n<div class=\"content-media\">\n<section role=\"button\" class=\"mod-media   \">\n<figure role=\"button\" class=\"mod-figure --vertical\">\n<div class=\"placeholder \"><img src=\"https:\/\/resizer.glanacion.com\/resizer\/1QGdElcgDyd-vxTU3Fcd6r7Dy9A=\/310x0\/filters:format(webp):quality(80)\/cloudfront-us-east-1.images.arcpublishing.com\/lanacionar\/IQJFJNXGYZH37GKFZFHHGLU2GA.jpg\" alt=\"Sardinas crocantes, un cl\u00e1sico del bar de la cocinera Janaina Rueda.\" width=\"2625\" height=\"3500\" class=\"com-image \" srcset=\"https:\/\/resizer.glanacion.com\/resizer\/FMdlTFwqzDVm6gN6mCML1XbOxZA=\/879x0\/filters:format(webp):quality(80)\/cloudfront-us-east-1.images.arcpublishing.com\/lanacionar\/IQJFJNXGYZH37GKFZFHHGLU2GA.jpg 879w, https:\/\/resizer.glanacion.com\/resizer\/g9P3yB6EpIT7XiCjaVSPRCIRHJI=\/690x0\/filters:format(webp):quality(80)\/cloudfront-us-east-1.images.arcpublishing.com\/lanacionar\/IQJFJNXGYZH37GKFZFHHGLU2GA.jpg 690w, https:\/\/resizer.glanacion.com\/resizer\/3VNDFkZqSp_SXKoFJl0V3VTmP5o=\/768x0\/filters:format(webp):quality(80)\/cloudfront-us-east-1.images.arcpublishing.com\/lanacionar\/IQJFJNXGYZH37GKFZFHHGLU2GA.jpg 768w, https:\/\/resizer.glanacion.com\/resizer\/QB04HBAAYI92uhtdx6RjCP_yAg4=\/350x0\/filters:format(webp):quality(80)\/cloudfront-us-east-1.images.arcpublishing.com\/lanacionar\/IQJFJNXGYZH37GKFZFHHGLU2GA.jpg 350w, https:\/\/resizer.glanacion.com\/resizer\/1QGdElcgDyd-vxTU3Fcd6r7Dy9A=\/310x0\/filters:format(webp):quality(80)\/cloudfront-us-east-1.images.arcpublishing.com\/lanacionar\/IQJFJNXGYZH37GKFZFHHGLU2GA.jpg 310w\" loading=\"lazy\" importance=\"low\" decoding=\"async\"\/><\/div><figcaption class=\"mod-figcaption\"><span class=\"com-text --caption --twoxs\">Sardinas crocantes, un cl\u00e1sico del bar de la cocinera Janaina Rueda.<\/span><span class=\"com-text --credit --twoxs\">Mauro Holanda<\/span><\/figcaption><\/figure>\n<\/section>\n<\/div>\n<div class=\"content-media\">\n<section role=\"button\" class=\"mod-media   \">\n<figure role=\"button\" class=\"mod-figure \">\n<div class=\"placeholder \"><img src=\"https:\/\/resizer.glanacion.com\/resizer\/bqwP9U8u_3Z1QtzbHVfNRdc4FZg=\/310x0\/filters:format(webp):quality(80)\/cloudfront-us-east-1.images.arcpublishing.com\/lanacionar\/WLQPJI52YRDOHGMRBBFCONNIFI.jpg\" alt=\"Bar da Dona On\u00e7a, en el Centro Hist\u00f3rico de S\u00e3o Paulo.\" width=\"4271\" height=\"2842\" class=\"com-image \" srcset=\"https:\/\/resizer.glanacion.com\/resizer\/AE4gzEazcDvgBj-2BCdSwr3qhuA=\/879x0\/filters:format(webp):quality(80)\/cloudfront-us-east-1.images.arcpublishing.com\/lanacionar\/WLQPJI52YRDOHGMRBBFCONNIFI.jpg 879w, https:\/\/resizer.glanacion.com\/resizer\/PjaDUZoUByAW_QibYEJhSXVQKyI=\/690x0\/filters:format(webp):quality(80)\/cloudfront-us-east-1.images.arcpublishing.com\/lanacionar\/WLQPJI52YRDOHGMRBBFCONNIFI.jpg 690w, https:\/\/resizer.glanacion.com\/resizer\/90essiJEntwS4hxr1DbYyBO-EDE=\/768x0\/filters:format(webp):quality(80)\/cloudfront-us-east-1.images.arcpublishing.com\/lanacionar\/WLQPJI52YRDOHGMRBBFCONNIFI.jpg 768w, https:\/\/resizer.glanacion.com\/resizer\/vnkSsq1jwCyH9Z0zFxz416P6kLc=\/350x0\/filters:format(webp):quality(80)\/cloudfront-us-east-1.images.arcpublishing.com\/lanacionar\/WLQPJI52YRDOHGMRBBFCONNIFI.jpg 350w, https:\/\/resizer.glanacion.com\/resizer\/bqwP9U8u_3Z1QtzbHVfNRdc4FZg=\/310x0\/filters:format(webp):quality(80)\/cloudfront-us-east-1.images.arcpublishing.com\/lanacionar\/WLQPJI52YRDOHGMRBBFCONNIFI.jpg 310w\" loading=\"lazy\" importance=\"low\" decoding=\"async\"\/><\/div><figcaption class=\"mod-figcaption\"><span class=\"com-text --caption --twoxs\">Bar da Dona On\u00e7a, en el Centro Hist\u00f3rico de S\u00e3o Paulo.<\/span><span class=\"com-text --credit --twoxs\">ROGERIO GOMES<\/span><\/figcaption><\/figure>\n<\/section>\n<\/div>\n<p class=\"com-paragraph   --s\">Esposa del chef Jefferson Rueda, es, adem\u00e1s, quien administra los negocios del matrimonio y lleva adelante la dif\u00edcil tarea de mejorar y servir siempre <mark class=\"hl_underline\">productos artesanales de alta calidad, a precios justos<\/mark>. Esa conciencia social la llev\u00f3 a sumarse al proyecto \u201cCozinheiros pela educa\u00e7\u00e3o\u201d, que busca sustituir los \u00edtems procesados e industrializados de las meriendas escolares por ingredientes org\u00e1nicos y naturales.<\/p>\n<p class=\"com-paragraph   --s\">En 2020, Jana\u00edna se alz\u00f3 con el Premio American Icon Award, justamente, por su arrojo y su postura inclusiva dentro del medio gastron\u00f3mico.<\/p>\n<p class=\"com-paragraph   --s\"><strong>@bardadonaonca<\/strong><\/p>\n<div class=\"content-media\">\n<section role=\"button\" class=\"mod-media   \">\n<figure role=\"button\" class=\"mod-figure \">\n<div class=\"placeholder \"><img src=\"https:\/\/resizer.glanacion.com\/resizer\/xshlCsOYu9GHisdrLyJjW8TBlr4=\/310x0\/filters:format(webp):quality(80)\/cloudfront-us-east-1.images.arcpublishing.com\/lanacionar\/WUKMXQG3ZVA27GOZ2G5Q2KLYNE.jpg\" alt=\"El s\u00e1ndwich emblem\u00e1tico de S\u00e3o Paulo es el &quot;bauru&quot; (roastbeef, tomate, pepino y quesos fundidos en pan franc\u00e9s) y se sirve en este lugar con m\u00e1s de cien a\u00f1os de historia.  \" width=\"1872\" height=\"1248\" class=\"com-image \" srcset=\"https:\/\/resizer.glanacion.com\/resizer\/1lwuKOxGQ-GNlEO858NY69O-_wc=\/879x0\/filters:format(webp):quality(80)\/cloudfront-us-east-1.images.arcpublishing.com\/lanacionar\/WUKMXQG3ZVA27GOZ2G5Q2KLYNE.jpg 879w, https:\/\/resizer.glanacion.com\/resizer\/SvC7Vmoh2qB-UusKhFN7svef49o=\/690x0\/filters:format(webp):quality(80)\/cloudfront-us-east-1.images.arcpublishing.com\/lanacionar\/WUKMXQG3ZVA27GOZ2G5Q2KLYNE.jpg 690w, https:\/\/resizer.glanacion.com\/resizer\/grX-vJguX4FQC9t8Nq6Q97NnVIo=\/768x0\/filters:format(webp):quality(80)\/cloudfront-us-east-1.images.arcpublishing.com\/lanacionar\/WUKMXQG3ZVA27GOZ2G5Q2KLYNE.jpg 768w, https:\/\/resizer.glanacion.com\/resizer\/z5VNgoB61dqyRkmjHc-jk138KsE=\/350x0\/filters:format(webp):quality(80)\/cloudfront-us-east-1.images.arcpublishing.com\/lanacionar\/WUKMXQG3ZVA27GOZ2G5Q2KLYNE.jpg 350w, https:\/\/resizer.glanacion.com\/resizer\/xshlCsOYu9GHisdrLyJjW8TBlr4=\/310x0\/filters:format(webp):quality(80)\/cloudfront-us-east-1.images.arcpublishing.com\/lanacionar\/WUKMXQG3ZVA27GOZ2G5Q2KLYNE.jpg 310w\" loading=\"lazy\" importance=\"low\" decoding=\"async\"\/><\/div><figcaption class=\"mod-figcaption\"><span class=\"com-text --caption --twoxs\">El s\u00e1ndwich emblem\u00e1tico de S\u00e3o Paulo es el &#8220;bauru&#8221; (roastbeef, tomate, pepino y quesos fundidos en pan franc\u00e9s) y se sirve en este lugar con m\u00e1s de cien a\u00f1os de historia.  <\/span><\/figcaption><\/figure>\n<\/section>\n<\/div>\n<p class=\"com-paragraph   --s\">Tiene 100 a\u00f1os de historia y es el lugar en el que <mark class=\"hl_underline\">naci\u00f3 el s\u00e1ndwich m\u00e1s emblem\u00e1tico de S\u00e3o Paulo. El <em>bauru<\/em><\/mark>: se hace en pan franc\u00e9s sin miga, fetas de roastbeef, tomate, pepino y quesos <em>prato<\/em>, gouda, suizo y <em>estepe<\/em> fundidos. <em>Ponto Stylish<\/em> tiene tres sucursales, pero la hist\u00f3rica tradicional es la del Largo de Paissandu.<\/p>\n<p class=\"com-paragraph   --s\"><strong>@pontochicsp<\/strong><\/p>\n<div class=\"content-media\">\n<section role=\"button\" class=\"mod-media   \">\n<figure role=\"button\" class=\"mod-figure \">\n<div class=\"placeholder \"><img src=\"https:\/\/resizer.glanacion.com\/resizer\/ZDjZ0xFv3PhkLEmpebS2EvNm6mM=\/310x0\/filters:format(webp):quality(80)\/cloudfront-us-east-1.images.arcpublishing.com\/lanacionar\/N5TBC6O7ZNGNNJ2P7EWWNCYC7Q.jpg\" alt=\"El brunch en el sal\u00f3n dorado del Teatro Municipal es una cita obligada.\" width=\"2480\" height=\"1653\" class=\"com-image \" srcset=\"https:\/\/resizer.glanacion.com\/resizer\/4sy5wlpW9Ssn8L62TLgxoGHn-OQ=\/879x0\/filters:format(webp):quality(80)\/cloudfront-us-east-1.images.arcpublishing.com\/lanacionar\/N5TBC6O7ZNGNNJ2P7EWWNCYC7Q.jpg 879w, https:\/\/resizer.glanacion.com\/resizer\/MBaEcVu0w5-zOdjzqggpQ_bnO3w=\/690x0\/filters:format(webp):quality(80)\/cloudfront-us-east-1.images.arcpublishing.com\/lanacionar\/N5TBC6O7ZNGNNJ2P7EWWNCYC7Q.jpg 690w, https:\/\/resizer.glanacion.com\/resizer\/JrLNWNG0VX6Z0K-rsbD-LJh7q5I=\/768x0\/filters:format(webp):quality(80)\/cloudfront-us-east-1.images.arcpublishing.com\/lanacionar\/N5TBC6O7ZNGNNJ2P7EWWNCYC7Q.jpg 768w, https:\/\/resizer.glanacion.com\/resizer\/lWMj3yz9t2qofhE0BNBFeJC-LhY=\/350x0\/filters:format(webp):quality(80)\/cloudfront-us-east-1.images.arcpublishing.com\/lanacionar\/N5TBC6O7ZNGNNJ2P7EWWNCYC7Q.jpg 350w, https:\/\/resizer.glanacion.com\/resizer\/ZDjZ0xFv3PhkLEmpebS2EvNm6mM=\/310x0\/filters:format(webp):quality(80)\/cloudfront-us-east-1.images.arcpublishing.com\/lanacionar\/N5TBC6O7ZNGNNJ2P7EWWNCYC7Q.jpg 310w\" loading=\"lazy\" importance=\"low\" decoding=\"async\"\/><\/div><figcaption class=\"mod-figcaption\"><span class=\"com-text --caption --twoxs\">El brunch en el sal\u00f3n dorado del Teatro Municipal es una cita obligada.<\/span><\/figcaption><\/figure>\n<\/section>\n<\/div>\n<p class=\"com-paragraph   --s\">Imperdible es el <mark class=\"hl_underline\">brunch<\/mark> que se sirve en el <mark class=\"hl_underline\">sal\u00f3n dorado del Teatro Municipal<\/mark>. El native est\u00e1 abierto de martes a domingo, de 10 a 15, con men\u00fa a la carta (hay opciones vegetarianas y veganas, drinks con y sin alcohol, postres y caf\u00e9s especiales). Para aprovechar la ocasi\u00f3n al m\u00e1ximo, conviene reservar una visita guiada por las dependencias del teatro. La cocina est\u00e1 a cargo del <em>Bar dos Arcos<\/em>, que est\u00e1 en el subsuelo.<\/p>\n<div class=\"content-media\">\n<section role=\"button\" class=\"mod-media   \">\n<figure role=\"button\" class=\"mod-figure --vertical\">\n<div class=\"placeholder \"><img src=\"https:\/\/resizer.glanacion.com\/resizer\/mebpF5DAWwYTpnuk7SLq08ZFP24=\/310x0\/filters:format(webp):quality(80)\/cloudfront-us-east-1.images.arcpublishing.com\/lanacionar\/LZSC322LURDHXHIOUM6NFJ6Y3E.jpg\" alt=\"La taberna estilo griega Aquiles propone tapas mediterr\u00e1neas.\" width=\"2620\" height=\"3493\" class=\"com-image \" srcset=\"https:\/\/resizer.glanacion.com\/resizer\/2fxlIMTI57b9Lk8U-THaER4Mz0w=\/879x0\/filters:format(webp):quality(80)\/cloudfront-us-east-1.images.arcpublishing.com\/lanacionar\/LZSC322LURDHXHIOUM6NFJ6Y3E.jpg 879w, https:\/\/resizer.glanacion.com\/resizer\/jiiALiMftpbvlN2vvhQa-LOpcaA=\/690x0\/filters:format(webp):quality(80)\/cloudfront-us-east-1.images.arcpublishing.com\/lanacionar\/LZSC322LURDHXHIOUM6NFJ6Y3E.jpg 690w, https:\/\/resizer.glanacion.com\/resizer\/8dLaUuixAHQsbt8P3V8T3sWFzVU=\/768x0\/filters:format(webp):quality(80)\/cloudfront-us-east-1.images.arcpublishing.com\/lanacionar\/LZSC322LURDHXHIOUM6NFJ6Y3E.jpg 768w, https:\/\/resizer.glanacion.com\/resizer\/E_cUGsV1EXsGm-d_0VB-Ux5uuuU=\/350x0\/filters:format(webp):quality(80)\/cloudfront-us-east-1.images.arcpublishing.com\/lanacionar\/LZSC322LURDHXHIOUM6NFJ6Y3E.jpg 350w, https:\/\/resizer.glanacion.com\/resizer\/mebpF5DAWwYTpnuk7SLq08ZFP24=\/310x0\/filters:format(webp):quality(80)\/cloudfront-us-east-1.images.arcpublishing.com\/lanacionar\/LZSC322LURDHXHIOUM6NFJ6Y3E.jpg 310w\" loading=\"lazy\" importance=\"low\" decoding=\"async\"\/><\/div><figcaption class=\"mod-figcaption\"><span class=\"com-text --caption --twoxs\">La taberna estilo griega Aquiles propone tapas mediterr\u00e1neas.<\/span><\/figcaption><\/figure>\n<\/section>\n<\/div>\n<p class=\"com-paragraph   --s\">Los sabores de la costa <mark class=\"hl_underline\">mediterr\u00e1nea<\/mark> son el punto fuerte de la cocina de <em>Aquiles<\/em>. Localizado en uno de los barrios m\u00e1s modernos y j\u00f3venes, el emprendimiento tiene decoraci\u00f3n que evoca los cl\u00e1sicos reductos griegos y turcos. En la carta se destacan los pescados, la paleta de cordero y la chuleta de Angus, todas propuestas perfectas para combinar con una copa del cleric\u00f3 de la casa.<\/p>\n<p class=\"com-paragraph   --s\"><strong>@aquiles.taberna<\/strong><\/p>\n<div class=\"content-media\">\n<section role=\"button\" class=\"mod-media   \">\n<figure role=\"button\" class=\"mod-figure \">\n<div class=\"placeholder \"><img src=\"https:\/\/resizer.glanacion.com\/resizer\/OQTnKRB3xkm-HE7HKy4clzzkVxo=\/310x0\/filters:format(webp):quality(80)\/cloudfront-us-east-1.images.arcpublishing.com\/lanacionar\/LQLDYVQUAJFG3CUXTSBATNQ5NM.jpg\" alt=\"Cocina contempor\u00e1nea y vistas incre\u00edbles en lo alto del primer edificio modernista de S\u00e3o Paulo.\" width=\"2500\" height=\"1656\" class=\"com-image \" srcset=\"https:\/\/resizer.glanacion.com\/resizer\/DoHGw5Fg7zDo5cC9_HNQdvNvhCI=\/879x0\/filters:format(webp):quality(80)\/cloudfront-us-east-1.images.arcpublishing.com\/lanacionar\/LQLDYVQUAJFG3CUXTSBATNQ5NM.jpg 879w, https:\/\/resizer.glanacion.com\/resizer\/PbsFQyXDeu7yzxG2gv5I_c_Hm-s=\/690x0\/filters:format(webp):quality(80)\/cloudfront-us-east-1.images.arcpublishing.com\/lanacionar\/LQLDYVQUAJFG3CUXTSBATNQ5NM.jpg 690w, https:\/\/resizer.glanacion.com\/resizer\/XEpUbGasotV2TGM9V9aEVmZVlXE=\/768x0\/filters:format(webp):quality(80)\/cloudfront-us-east-1.images.arcpublishing.com\/lanacionar\/LQLDYVQUAJFG3CUXTSBATNQ5NM.jpg 768w, https:\/\/resizer.glanacion.com\/resizer\/uYFnm8jRU83jS34LjCp4xmZNQjE=\/350x0\/filters:format(webp):quality(80)\/cloudfront-us-east-1.images.arcpublishing.com\/lanacionar\/LQLDYVQUAJFG3CUXTSBATNQ5NM.jpg 350w, https:\/\/resizer.glanacion.com\/resizer\/OQTnKRB3xkm-HE7HKy4clzzkVxo=\/310x0\/filters:format(webp):quality(80)\/cloudfront-us-east-1.images.arcpublishing.com\/lanacionar\/LQLDYVQUAJFG3CUXTSBATNQ5NM.jpg 310w\" loading=\"lazy\" importance=\"low\" decoding=\"async\"\/><\/div><figcaption class=\"mod-figcaption\"><span class=\"com-text --caption --twoxs\">Cocina contempor\u00e1nea y vistas incre\u00edbles en lo alto del primer edificio modernista de S\u00e3o Paulo.<\/span><span class=\"com-text --credit --twoxs\">Carlos Alkmin<\/span><\/figcaption><\/figure>\n<\/section>\n<\/div>\n<p class=\"com-paragraph   --s\">Pionero en reunir gastronom\u00eda easy y native cool, el restaurante de los cooks Olivier Anquier y Benoit Mathurin es uno de los lugares m\u00e1s interesantes de la ciudad. Con vista a la Plaza de la Rep\u00fablica, <mark class=\"hl_underline\">situado en lo alto del primer edificio modernista de S\u00e3o Paulo<\/mark> \u2013proyecto de los arquitectos Important Brazil y Adhemar Marinho, de 1930\u2013, <em>Esther<\/em> ofrece, por ejemplo, rollito de cangrejo con salsa de lim\u00f3n y mango, terrine de cerdo y brioche cubierta de manzana caramelizada con sorbete de canela.<\/p>\n<p class=\"com-paragraph   --s\"><strong>@estherrooftop<\/strong><\/p>\n<div class=\"content-media\">\n<section role=\"button\" class=\"mod-media   \">\n<figure role=\"button\" class=\"mod-figure \">\n<div class=\"placeholder \"><img src=\"https:\/\/resizer.glanacion.com\/resizer\/vL8hLLL4xum1jY6NmHXXgcsHwfU=\/310x0\/filters:format(webp):quality(80)\/cloudfront-us-east-1.images.arcpublishing.com\/lanacionar\/3QSBQJ4XCBG6HHFV7NI4Y6PJK4.jpg\" alt=\"El rest\u00f3 del chef Onildo Rocha propone creaciones como bao de camar\u00f3n, croquetas de cabrito o \u00f1oquis de vatap\u00e1.\" width=\"1280\" height=\"720\" class=\"com-image \" srcset=\"https:\/\/resizer.glanacion.com\/resizer\/YA-HX6uw-CWmiNHACjVtLhWre6Y=\/879x0\/filters:format(webp):quality(80)\/cloudfront-us-east-1.images.arcpublishing.com\/lanacionar\/3QSBQJ4XCBG6HHFV7NI4Y6PJK4.jpg 879w, https:\/\/resizer.glanacion.com\/resizer\/8RdISatVbWDblo-IyMya6_GdM8k=\/690x0\/filters:format(webp):quality(80)\/cloudfront-us-east-1.images.arcpublishing.com\/lanacionar\/3QSBQJ4XCBG6HHFV7NI4Y6PJK4.jpg 690w, https:\/\/resizer.glanacion.com\/resizer\/tOxls5CGmt31bx0pJAgpEvHLELs=\/768x0\/filters:format(webp):quality(80)\/cloudfront-us-east-1.images.arcpublishing.com\/lanacionar\/3QSBQJ4XCBG6HHFV7NI4Y6PJK4.jpg 768w, https:\/\/resizer.glanacion.com\/resizer\/y2CiMR6b47fjTJdDzGq1lbD2z-U=\/350x0\/filters:format(webp):quality(80)\/cloudfront-us-east-1.images.arcpublishing.com\/lanacionar\/3QSBQJ4XCBG6HHFV7NI4Y6PJK4.jpg 350w, https:\/\/resizer.glanacion.com\/resizer\/vL8hLLL4xum1jY6NmHXXgcsHwfU=\/310x0\/filters:format(webp):quality(80)\/cloudfront-us-east-1.images.arcpublishing.com\/lanacionar\/3QSBQJ4XCBG6HHFV7NI4Y6PJK4.jpg 310w\" loading=\"lazy\" importance=\"low\" decoding=\"async\"\/><\/div><figcaption class=\"mod-figcaption\"><span class=\"com-text --caption --twoxs\">El rest\u00f3 del chef Onildo Rocha propone creaciones como bao de camar\u00f3n, croquetas de cabrito o \u00f1oquis de vatap\u00e1.<\/span><\/figcaption><\/figure>\n<\/section>\n<\/div>\n<p class=\"com-paragraph   --s\">En el cuadril\u00e1tero hist\u00f3rico que comprenden el Teatro Municipal, el Viaduto do Ch\u00e1 y la sede de la Municipalidad, se destaca la terraza del purchasing <em>Luz<\/em>. All\u00ed arriba se detecta el <mark class=\"hl_underline\">restaurante, bar, galer\u00eda de arte, caf\u00e9 y mirador<\/mark> que auspicia una tarjeta de cr\u00e9dito bajo el nombre de <em>Espacio Priceless<\/em>. El rest\u00f3 <em>Abaru<\/em> del chef Onildo Rocha propone creaciones como <mark class=\"hl_underline\">bao de camar\u00f3n, croquetas de cabrito o \u00f1oquis de vatap\u00e1<\/mark>. Hay tragos a cargo de Al\u00ea D\u2019Agostinho, cervezas por cuenta del maestro cervecero Junior Bottura, y el barista Boram Um (elegido uno de los 15 mejores del mundo) da el toque remaining, con sus caf\u00e9s de especialidad.<\/p>\n<p class=\"com-paragraph   --s\"><strong>@espacopriceless<\/strong><\/p>\n<div class=\"content-media\">\n<section role=\"button\" class=\"mod-media   \">\n<figure role=\"button\" class=\"mod-figure \">\n<div class=\"placeholder \"><img src=\"https:\/\/resizer.glanacion.com\/resizer\/BXkOE2i9NfFZm2mt_BZPB5HO3lg=\/310x0\/filters:format(webp):quality(80)\/cloudfront-us-east-1.images.arcpublishing.com\/lanacionar\/KKI2SPC4TZHCNLQFNVX5FO2NY4.jpg\" alt=\"Parte del men\u00fa degustaci\u00f3n ideado por el cocinero de una estrella Michelin Kazuo Harada.\" width=\"1160\" height=\"774\" class=\"com-image \" srcset=\"https:\/\/resizer.glanacion.com\/resizer\/Lrg5ao5OQ2sO3ubMadah1TAzxRM=\/879x0\/filters:format(webp):quality(80)\/cloudfront-us-east-1.images.arcpublishing.com\/lanacionar\/KKI2SPC4TZHCNLQFNVX5FO2NY4.jpg 879w, https:\/\/resizer.glanacion.com\/resizer\/IP-QS_QQUo0hb_ttH6pkLQYkiig=\/690x0\/filters:format(webp):quality(80)\/cloudfront-us-east-1.images.arcpublishing.com\/lanacionar\/KKI2SPC4TZHCNLQFNVX5FO2NY4.jpg 690w, https:\/\/resizer.glanacion.com\/resizer\/zC9Ck5PAOOHTPFjxBO5tZkk6Ffs=\/768x0\/filters:format(webp):quality(80)\/cloudfront-us-east-1.images.arcpublishing.com\/lanacionar\/KKI2SPC4TZHCNLQFNVX5FO2NY4.jpg 768w, https:\/\/resizer.glanacion.com\/resizer\/C8phBPdpOkDVxv60i5qnn2jCCtQ=\/350x0\/filters:format(webp):quality(80)\/cloudfront-us-east-1.images.arcpublishing.com\/lanacionar\/KKI2SPC4TZHCNLQFNVX5FO2NY4.jpg 350w, https:\/\/resizer.glanacion.com\/resizer\/BXkOE2i9NfFZm2mt_BZPB5HO3lg=\/310x0\/filters:format(webp):quality(80)\/cloudfront-us-east-1.images.arcpublishing.com\/lanacionar\/KKI2SPC4TZHCNLQFNVX5FO2NY4.jpg 310w\" loading=\"lazy\" importance=\"low\" decoding=\"async\"\/><\/div><figcaption class=\"mod-figcaption\"><span class=\"com-text --caption --twoxs\">Parte del men\u00fa degustaci\u00f3n ideado por el cocinero de una estrella Michelin Kazuo Harada.<\/span><\/figcaption><\/figure>\n<\/section>\n<\/div>\n<p class=\"com-paragraph   --s\">S\u00e3o Paulo tiene la <mark class=\"hl_underline\">mayor comunidad japonesa fuera de Jap\u00f3n<\/mark>, lo cual explica no s\u00f3lo la existencia del gran barrio de Liberdade, sino tambi\u00e9n la cantidad de negocios con aspecto oriental. En materia de <em>advantageous eating<\/em> se destaca <em>Kazuo<\/em>, ideado por el <mark class=\"hl_underline\">cocinero \u2013de una estrella Michelin\u2013 Kazuo Harada<\/mark>. Quienes vayan por primera vez har\u00e1n bien en probar el men\u00fa degustaci\u00f3n.<\/p>\n<p class=\"com-paragraph   --s\"><strong>@kazuo.restaurante<\/strong><\/p>\n<p><iframe loading=\"lazy\" class=\"pym lntools lntools_generic-lugares-enero\" id=\"lntools_generic-lugares-enero\" frameborder=\"0\" width=\"100%\" height=\"800\" scrolling=\"no\" src=\"https:\/\/especialeslntools.lanacion.com.ar\/generic-lugares-enero\/index.html\"> <\/iframe>\n<\/p>\n<\/div>\n\n<p><em> \u2018 The preceding article may include information circulated by third parties \u2019 <\/em><\/p>\n<p><em> \u2018 Some details of this article were extracted from the following source www.lanacion.com.ar \u2019 <\/em><\/p>\n","protected":false},"excerpt":{"rendered":"<p>Al igual que Buenos Aires, pero en mucha mayor medida, esta es una ciudad de inmigrantes. Los regionalismos son parte de su idiosincrasia, y as\u00ed puede conseguirse tanto un bai\u00e3o de dois (t\u00edpico de Cear\u00e1, elaborado a base de arroz y porotos) o una dobradinha (mondongo), emblemas nordestinos, como un a\u00e7a\u00ed del Amazonas o el [&hellip;]<\/p>\n","protected":false},"author":2,"featured_media":364335,"comment_status":"open","ping_status":"closed","sticky":false,"template":"","format":"standard","meta":{"om_disable_all_campaigns":false,"jnews-multi-image_gallery":[],"jnews_single_post":[],"jnews_primary_category":[],"jnews_social_meta":[],"footnotes":""},"categories":[43],"tags":[],"class_list":["post-364334","post","type-post","status-publish","format-standard","has-post-thumbnail","hentry","category-gourmet"],"_links":{"self":[{"href":"https:\/\/dimensionturistica.com\/es\/wp-json\/wp\/v2\/posts\/364334","targetHints":{"allow":["GET"]}}],"collection":[{"href":"https:\/\/dimensionturistica.com\/es\/wp-json\/wp\/v2\/posts"}],"about":[{"href":"https:\/\/dimensionturistica.com\/es\/wp-json\/wp\/v2\/types\/post"}],"author":[{"embeddable":true,"href":"https:\/\/dimensionturistica.com\/es\/wp-json\/wp\/v2\/users\/2"}],"replies":[{"embeddable":true,"href":"https:\/\/dimensionturistica.com\/es\/wp-json\/wp\/v2\/comments?post=364334"}],"version-history":[{"count":0,"href":"https:\/\/dimensionturistica.com\/es\/wp-json\/wp\/v2\/posts\/364334\/revisions"}],"wp:featuredmedia":[{"embeddable":true,"href":"https:\/\/dimensionturistica.com\/es\/wp-json\/wp\/v2\/media\/364335"}],"wp:attachment":[{"href":"https:\/\/dimensionturistica.com\/es\/wp-json\/wp\/v2\/media?parent=364334"}],"wp:term":[{"taxonomy":"category","embeddable":true,"href":"https:\/\/dimensionturistica.com\/es\/wp-json\/wp\/v2\/categories?post=364334"},{"taxonomy":"post_tag","embeddable":true,"href":"https:\/\/dimensionturistica.com\/es\/wp-json\/wp\/v2\/tags?post=364334"}],"curies":[{"name":"wp","href":"https:\/\/api.w.org\/{rel}","templated":true}]}}