{"id":364255,"date":"2022-08-03T01:44:51","date_gmt":"2022-08-03T01:44:51","guid":{"rendered":"https:\/\/dimensionturistica.com\/es\/?p=364255"},"modified":"2022-08-03T01:44:51","modified_gmt":"2022-08-03T01:44:51","slug":"viajes-de-verano-la-verdad","status":"publish","type":"post","link":"https:\/\/dimensionturistica.com\/es\/viajes-de-verano-la-verdad\/","title":{"rendered":"Viajes de verano | La Verdad"},"content":{"rendered":"<p> <br \/>\n<\/p>\n<div>\n<article class=\"voc-article voc-article--detail voc-article--detail--opinion voc-article--photo-bottom\"><!-- IMAGE --><\/p>\n<div class=\"voc-img-container  \"><picture>\n<div class=\"voc-horizontal voc-img-icon-link\"><img decoding=\"async\" src=\"https:\/\/static3.laverdad.es\/www\/multimedia\/202208\/03\/media\/cortadas\/172146536--624x619.JPG\" title=\"\" alt=\"Viajes de verano\" onload=\"performance.mark('fmp');\"\/><noscript><img decoding=\"async\" src=\"https:\/\/static3.laverdad.es\/www\/multimedia\/202208\/03\/media\/cortadas\/172146536--624x619.JPG\" alt=\"\"\/><\/noscript><\/div>\n<\/picture><\/div>\n<p><!-- INFO CONTAINER --><\/p>\n<p><h3 class=\"voc-link-related\">ALGO QUE DECIR<\/h3>\n<h2 class=\"voc-sub-title\">No haber ido a ning\u00fan sitio te colocaba fuera de aquel mundo de naturaleza inquieta y consumista que ya empezaba a moverse por Espa\u00f1a<\/h2>\n<\/p>\n<\/article>\n<\/div>\n<div data-voc-share-selection=\"\"><!-- AUTHOR --><\/p>\n<div class=\"voc-author-timesocial \"><!-- AUTHOR --><\/p>\n<div class=\"voc-author-timesocial__signature\"><!-- IMAGE AUTHOR --><picture class=\"voc-image-signature\"><img decoding=\"async\" class=\"voc-image-signature__img\" src=\"https:\/\/static1.laverdad.es\/comun\/img\/2014\/autor\/autor-3073-foto-1.jpeg\" alt=\"Pascual Garc\u00eda\"\/><\/picture><!-- INFO AUTHOR --><\/div>\n<\/div>\n<p><!-- COMPONENTS --><\/p>\n<p class=\"voc-paragraph\">Con el paso del tiempo hemos ido aprendiendo a consumir y a gastar. En mis primeros veranos de profesor, adem\u00e1s de no entender del todo por qu\u00e9 me tomaba unas vacaciones para descansar si en realidad no estaba cansado, llevaba a cabo peque\u00f1as labores que no solo me satisfac\u00edan, sino que tambi\u00e9n iban procur\u00e1ndome el gusto que me abrir\u00eda un ca\n<\/p>\n<div class=\"ev-engagement\">\n<div class=\"content-exclusive-bg \" data-voc-pw-alert=\"\" data-voc-pw-premium=\"\" data-voc-vtm-id=\"paywall-methode\" data-voc-vtm-info=\"cdn-ce-printwall\">\n<div class=\"container-wall-exclusive wall-exclusive-detail-AB container-wall-exclusive--modifier-white\">\n<div class=\"container-wall-exclusive__grip-content\">\n<div class=\"container-wall-exclusive__left-side-exclusive\"><img decoding=\"async\" src=\"https:\/\/static.vocstatic.com\/common\/assets\/onplus\/laverdad\/exclusivo.png\" alt=\"\"\/><\/div>\n<div class=\"container-wall-exclusive__right-side-exclusive\">\n<div class=\"container-btn-exclusive\"><a rel=\"nofollow noopener\" target=\"_blank\" href=\"\"><img decoding=\"async\" src=\"https:\/\/static.laverdad.es\/squido\/latest\/assets\/images\/laverdad-on.svg\" alt=\"logo-correo-on2.svg\"\/><\/a><\/p>\n<p><span>Este contenido es exclusivo para suscriptores<\/span><\/p>\n<p><ev-engagement group-name=\"paywall-laverdad\" redirect=\"false\"\/><\/div>\n<\/div>\n<\/div>\n<div class=\"container-wall-exclusive__content-login\">\n<p class=\"text\">\u00bfYa eres suscriptor\/a? <a rel=\"nofollow noopener\" target=\"_blank\" href=\"https:\/\/secure.laverdad.es\/login\/login.html#vca=suscribete&amp;vso=laverdad&amp;vmc=on&amp;vli=cdn-ce-link-login\" class=\"login\" data-voc-vtm-id=\"comienzoSuscripcionON\" data-voc-vtm-info=\"cdn-ce-link-login\">Inicia sesi\u00f3n<\/a><\/p>\n<\/div>\n<\/div>\n<\/div>\n<\/div>\n<\/div>\n\n<p><em> &#8221; Fuentes www.laverdad.es &#8221; <\/em><\/p>\n","protected":false},"excerpt":{"rendered":"<p>ALGO QUE DECIR No haber ido a ning\u00fan sitio te colocaba fuera de aquel mundo de naturaleza inquieta y consumista que ya empezaba a moverse por Espa\u00f1a Con el paso del tiempo hemos ido aprendiendo a consumir y a gastar. En mis primeros veranos de profesor, adem\u00e1s de no entender del todo por qu\u00e9 me [&hellip;]<\/p>\n","protected":false},"author":4,"featured_media":364256,"comment_status":"open","ping_status":"closed","sticky":false,"template":"","format":"standard","meta":{"om_disable_all_campaigns":false,"jnews-multi-image_gallery":[],"jnews_single_post":[],"jnews_primary_category":[],"jnews_social_meta":[],"footnotes":""},"categories":[39],"tags":[2873,545],"class_list":["post-364255","post","type-post","status-publish","format-standard","has-post-thumbnail","hentry","category-viajes","tag-verano","tag-viajes"],"_links":{"self":[{"href":"https:\/\/dimensionturistica.com\/es\/wp-json\/wp\/v2\/posts\/364255","targetHints":{"allow":["GET"]}}],"collection":[{"href":"https:\/\/dimensionturistica.com\/es\/wp-json\/wp\/v2\/posts"}],"about":[{"href":"https:\/\/dimensionturistica.com\/es\/wp-json\/wp\/v2\/types\/post"}],"author":[{"embeddable":true,"href":"https:\/\/dimensionturistica.com\/es\/wp-json\/wp\/v2\/users\/4"}],"replies":[{"embeddable":true,"href":"https:\/\/dimensionturistica.com\/es\/wp-json\/wp\/v2\/comments?post=364255"}],"version-history":[{"count":0,"href":"https:\/\/dimensionturistica.com\/es\/wp-json\/wp\/v2\/posts\/364255\/revisions"}],"wp:featuredmedia":[{"embeddable":true,"href":"https:\/\/dimensionturistica.com\/es\/wp-json\/wp\/v2\/media\/364256"}],"wp:attachment":[{"href":"https:\/\/dimensionturistica.com\/es\/wp-json\/wp\/v2\/media?parent=364255"}],"wp:term":[{"taxonomy":"category","embeddable":true,"href":"https:\/\/dimensionturistica.com\/es\/wp-json\/wp\/v2\/categories?post=364255"},{"taxonomy":"post_tag","embeddable":true,"href":"https:\/\/dimensionturistica.com\/es\/wp-json\/wp\/v2\/tags?post=364255"}],"curies":[{"name":"wp","href":"https:\/\/api.w.org\/{rel}","templated":true}]}}