{"id":363664,"date":"2022-08-02T01:07:49","date_gmt":"2022-08-02T01:07:49","guid":{"rendered":"https:\/\/dimensionturistica.com\/es\/?p=363664"},"modified":"2022-08-02T01:07:49","modified_gmt":"2022-08-02T01:07:49","slug":"el-ii-campus-musical-vicky-foods-destina-su-recaudacion-a-la-fundacion-mensajeros-de-la-paz","status":"publish","type":"post","link":"https:\/\/dimensionturistica.com\/es\/el-ii-campus-musical-vicky-foods-destina-su-recaudacion-a-la-fundacion-mensajeros-de-la-paz\/","title":{"rendered":"El II Campus Musical Vicky Foods destina su recaudaci\u00f3n a la Fundaci\u00f3n Mensajeros de la Paz"},"content":{"rendered":"<p> <br \/>\n<\/p>\n<div>\n<p>Un a\u00f1o m\u00e1s, el Campus Musical Vicky Meals dona el dinero recaudado con las matr\u00edculas del campus a una entidad social. Esta segunda edici\u00f3n, que ha contado con m\u00e1s de 120 alumnos y alumnas con formaci\u00f3n musical, ha realizado una donaci\u00f3n solidaria de 4.000 euros a la Fundaci\u00f3n Mensajeros de la Paz. <\/p>\n<p>La entrega del cheque se hizo efectiva en el concierto de clausura del campus, celebrado el viernes 29 de julio, y cont\u00f3 con la\u00a0<strong>presencia del Padre \u00c1ngel, fundador de la ONG<\/strong>. <\/p>\n<p>El\u00a0<strong>director del Campus Musical Vicky Meals, Vicent Mengual<\/strong>, destac\u00f3 durante su discurso que \u00ablas agrupaciones musicales son lugares de pertenencia en donde todos son importantes. Un espacio de crecimiento y empoderamiento private y colectivo que permite a los m\u00e1s j\u00f3venes ganar confianza en s\u00ed mismos y enfrentarse a los retos que se presentan en su camino, ayud\u00e1ndoles a su vez a superar la adversidad\u00bb.<\/p>\n<p>Con este campus se pretende que estos valores, unidos con la\u00a0<strong>experiencia de conocer gente nueva<\/strong>,\u00a0<strong>crear nuevos v\u00ednculos de amistad<\/strong>\u00a0y todo lo que rodea a la\u00a0<strong>disciplina musical lidere las nuevas generaciones del futuro<\/strong>. La puesta de conocimientos en com\u00fan, la pr\u00e1ctica conjunta, la mejora particular person a nivel t\u00e9cnico, la constancia en la pr\u00e1ctica diaria, la perseverancia, el esfuerzo permanente y la entrega m\u00e1xima al esp\u00edritu art\u00edstico y creativo hacen de este Campus un referente en el \u00e1mbito musical.<\/p>\n<p>Del 25 al 29 de julio,\u00a0<strong>m\u00e1s de cien j\u00f3venes talentos musicales han disfrutado de estas jornadas<\/strong>\u00a0y han ensayado para el concierto de despedida que se celebr\u00f3 en la plaza de la Capilla, en Villalonga. Los alumnos y alumnas del II Campus Musical Vicky Meals han aprendido junto a un profesorado de alto nivel, ya que se trata de miembros de formaciones musicales de la Safor o docentes que trabajan en conservatorios.\u00a0<\/p>\n<p>\u201cPara la Fundaci\u00f3n es un placer contribuir en el crecimiento de una iniciativa que da protagonismo a grandes profesionales del mundo de la m\u00fasica y a un potente equipo docente\u201d,\u00a0aseguraba el director de la Fundaci\u00f3n Vicky Meals,\u00a0<strong>Jose Vicente Castell.<\/strong>\u00a0<\/p>\n<p>Por \u00faltimo, el\u00a0<strong>secretario auton\u00f3mico de Cultura y Deporte, Ximo L\u00f3pez<\/strong>, recalc\u00f3 que \u00aben un tiempo de grandes incertidumbres, como el que vivimos, con una emergencia clim\u00e1tica ya estructural, con una pandemia que no acaba de abandonarnos, con una nueva guerra en el coraz\u00f3n de Europa y con una disaster econ\u00f3mica m\u00e1s que previsible, son especialmente relevantes iniciativas como la que nos trae hoy aqu\u00ed. Porque este Campus Musical Vicky Meals recoge diferentes elementos important\u00edsimos y que lo ser\u00e1n m\u00e1s en un futuro pr\u00f3ximo\u00bb.<\/p>\n<\/div>\n<p><script>\n  !function(f,b,e,v,n,t,s)\n  {if(f.fbq)return;n=f.fbq=function(){n.callMethod?\n  n.callMethod.apply(n,arguments):n.queue.push(arguments)};\n  if(!f._fbq)f._fbq=n;n.push=n;n.loaded=!0;n.version='2.0';\n  n.queue=[];t=b.createElement(e);t.async=!0;\n  t.src=v;s=b.getElementsByTagName(e)[0];\n  s.parentNode.insertBefore(t,s)}(window, document,'script',\n  'https:\/\/connect.facebook.net\/en_US\/fbevents.js');\n  fbq('init', '1701072786727417');\n  fbq('track', 'PageView');\n<\/script><br \/>\n<br \/><\/p>\n<p><em> \u2018 The preceding article may include information circulated by third parties \u2019 <\/em><\/p>\n<p><em> \u2018 Some details of this article were extracted from the following source somgandia.com \u2019 <\/em><\/p>\n","protected":false},"excerpt":{"rendered":"<p>Un a\u00f1o m\u00e1s, el Campus Musical Vicky Meals dona el dinero recaudado con las matr\u00edculas del campus a una entidad social. Esta segunda edici\u00f3n, que ha contado con m\u00e1s de 120 alumnos y alumnas con formaci\u00f3n musical, ha realizado una donaci\u00f3n solidaria de 4.000 euros a la Fundaci\u00f3n Mensajeros de la Paz. La entrega del [&hellip;]<\/p>\n","protected":false},"author":2,"featured_media":363665,"comment_status":"open","ping_status":"closed","sticky":false,"template":"","format":"standard","meta":{"om_disable_all_campaigns":false,"jnews-multi-image_gallery":[],"jnews_single_post":[],"jnews_primary_category":[],"jnews_social_meta":[],"footnotes":""},"categories":[43],"tags":[],"class_list":["post-363664","post","type-post","status-publish","format-standard","has-post-thumbnail","hentry","category-gourmet"],"_links":{"self":[{"href":"https:\/\/dimensionturistica.com\/es\/wp-json\/wp\/v2\/posts\/363664","targetHints":{"allow":["GET"]}}],"collection":[{"href":"https:\/\/dimensionturistica.com\/es\/wp-json\/wp\/v2\/posts"}],"about":[{"href":"https:\/\/dimensionturistica.com\/es\/wp-json\/wp\/v2\/types\/post"}],"author":[{"embeddable":true,"href":"https:\/\/dimensionturistica.com\/es\/wp-json\/wp\/v2\/users\/2"}],"replies":[{"embeddable":true,"href":"https:\/\/dimensionturistica.com\/es\/wp-json\/wp\/v2\/comments?post=363664"}],"version-history":[{"count":0,"href":"https:\/\/dimensionturistica.com\/es\/wp-json\/wp\/v2\/posts\/363664\/revisions"}],"wp:featuredmedia":[{"embeddable":true,"href":"https:\/\/dimensionturistica.com\/es\/wp-json\/wp\/v2\/media\/363665"}],"wp:attachment":[{"href":"https:\/\/dimensionturistica.com\/es\/wp-json\/wp\/v2\/media?parent=363664"}],"wp:term":[{"taxonomy":"category","embeddable":true,"href":"https:\/\/dimensionturistica.com\/es\/wp-json\/wp\/v2\/categories?post=363664"},{"taxonomy":"post_tag","embeddable":true,"href":"https:\/\/dimensionturistica.com\/es\/wp-json\/wp\/v2\/tags?post=363664"}],"curies":[{"name":"wp","href":"https:\/\/api.w.org\/{rel}","templated":true}]}}