{"id":363639,"date":"2022-08-01T23:13:42","date_gmt":"2022-08-01T23:13:42","guid":{"rendered":"https:\/\/dimensionturistica.com\/es\/?p=363639"},"modified":"2022-08-01T23:13:42","modified_gmt":"2022-08-01T23:13:42","slug":"el-ii-campus-musical-vicky-foods-recauda-4-000-euros-para-la-ong-mensajeros-de-la-paz-del-padre-angel","status":"publish","type":"post","link":"https:\/\/dimensionturistica.com\/es\/el-ii-campus-musical-vicky-foods-recauda-4-000-euros-para-la-ong-mensajeros-de-la-paz-del-padre-angel\/","title":{"rendered":"El II Campus Musical Vicky Foods recauda 4.000 euros para la ONG Mensajeros de la Paz del Padre \u00c1ngel"},"content":{"rendered":"<p> <br \/>\n<\/p>\n<div id=\"post-text\">\n<p>El segundo Campus Musical Vicky Meals, que ha congregado en Villalonga a m\u00e1s de\u00a0120 alumnos y alumnas con formaci\u00f3n musical, ha donado el dinero recaudado con las matr\u00edculas a la\u00a0Fundaci\u00f3n Mensajeros de la Paz. Una\u00a0colaboraci\u00f3n solidaria de 4.000 euros\u00a0que contribuir\u00e1 a mejorar las oportunidades de aquellas personas m\u00e1s necesitadas.<\/p>\n<p>La entrega del cheque se hizo efectiva en el concierto de clausura del campus, celebrado ayer, viernes 29 de julio, y cont\u00f3 con la\u00a0presencia del Padre \u00c1ngel fundador de la ONG. Adem\u00e1s, al concierto asistieron el\u00a0secretario auton\u00f3mico de Cultura y Deporte, Ximo L\u00f3pez; la\u00a0presidenta de la Federaci\u00f3n de Bandas de M\u00fasica,\u00a0Daniela Gonz\u00e1lez; la\u00a0presidenta de la Mancomunitat de Municipis de la Safor, Assumpta Dom\u00ednguez, y\u00a0autoridades de la provincia de Valencia.<\/p>\n<p>El\u00a0director del Campus Musical Vicky Meals, Vicent Mengual, destac\u00f3 durante su discurso que &#8220;las agrupaciones musicales son lugares de pertenencia en donde todos son importantes. Un espacio de crecimiento y empoderamiento personal y colectivo que permite a los m\u00e1s j\u00f3venes ganar confianza en s\u00ed mismos y enfrentarse a los retos que se presentan en su camino, ayud\u00e1ndoles a su vez a superar la adversidad&#8221;.<\/p>\n<p>Con este campus se pretende que, estos valores, unidos con la\u00a0experiencia de conocer gente nueva,\u00a0crear nuevos v\u00ednculos de amistad\u00a0y todo lo que rodea a la\u00a0disciplina musical lidere las nuevas generaciones del futuro. La puesta de conocimientos en com\u00fan, la pr\u00e1ctica conjunta, la mejora particular person a nivel t\u00e9cnico, la constancia en la pr\u00e1ctica diaria, la perseverancia, el esfuerzo permanente y la entrega m\u00e1xima al esp\u00edritu art\u00edstico y creativo hacen de este Campus un referente en el \u00e1mbito musical. Por todo esto, el\u00a0II Campus Musical Vicky Meals es una excelente iniciativa que cuenta con el apoyo incondicional de la Fundaci\u00f3n Vicky Meals, la cual es la patrocinadora de este proyecto.<\/p>\n<p>Del 25 al 29 de julio,\u00a0m\u00e1s de cien j\u00f3venes talentos musicales han disfrutado de estas jornadas\u00a0y han ensayado para el concierto de despedida que se celebr\u00f3 en la plaza de la Capilla, en Villalonga. Los alumnos y alumnas del II Campus Musical Vicky Meals han aprendido junto a un profesorado de alto nivel, ya que se trata de miembros de formaciones musicales de la Safor o docentes que trabajan en conservatorios.\u00a0Una segunda edici\u00f3n en la que se han vuelto a superar todas las expectativas en cuanto al n\u00famero de participantes, con m\u00e1s de 120 solicitudes\u00a0y cubriendo todos los instrumentos y las plazas ofrecidas. Seg\u00fan ha indicado el\u00a0director de la Fundaci\u00f3n, Jose Vicente Castell, &#8220;el objetivo inicial de esta iniciativa es unir los valores de la amistad y disciplina musical de los j\u00f3venes m\u00fasicos&#8221;.<\/p>\n<p>\u201cPara la Fundaci\u00f3n es un placer contribuir en el crecimiento de una iniciativa que da protagonismo a grandes profesionales del mundo de la m\u00fasica y a un potente equipo docente\u201d,\u00a0aseguraba el director de la Fundaci\u00f3n Vicky Meals,\u00a0Jose Vicente Castell.\u00a0\u201cAdem\u00e1s, apostamos por un proyecto de aqu\u00ed, que nace en nuestra comarca y donde reafirmamos nuestro compromiso con la cultura y nuestra tierra. Continuamos potenciando este proyecto musical para potenciar valores como la cultura del esfuerzo, la vida saludable, la sostenibilidad y el conocimiento. Un campus musical que ya se est\u00e1 consolidando\u201d, conclu\u00eda Castell.<\/p>\n<p>Por \u00faltimo, el\u00a0secretario auton\u00f3mico de Cultura y Deporte, Ximo L\u00f3pez, recalc\u00f3 que &#8220;en un tiempo de grandes incertidumbres, como el que vivimos, con una emergencia clim\u00e1tica ya estructural, con una pandemia que no acaba de abandonarnos, con una nueva guerra en el coraz\u00f3n de Europa y con una crisis econ\u00f3mica m\u00e1s que previsible, son especialmente relevantes iniciativas como la que nos trae hoy aqu\u00ed. Porque este Campus Musical Vicky Foods recoge diferentes elementos important\u00edsimos y que lo ser\u00e1n m\u00e1s en un futuro pr\u00f3ximo. En primer lugar, la apuesta por la cultura, por la m\u00fasica en concreto, como elemento clave en la formaci\u00f3n de nuestros ni\u00f1os y ni\u00f1as. Y no solo en su formaci\u00f3n acad\u00e9mica, sino sobre todo en su formaci\u00f3n como ciudadanos y ciudadanas del futuro. En segundo lugar, la implicaci\u00f3n de Vicky Foods en el Campus Musical. Una empresa que, lejos de renunciar u olvidar su origen, decide invertir parte de su capital en iniciativas como esta, que da la oportunidad de acercar una formaci\u00f3n de alt\u00edsima calidad a ni\u00f1os y ni\u00f1as de Vilallonga, y del resto de la Safor y comarcas vecinas. Y, finalmente, el tercer elemento de esa feliz conjunci\u00f3n es la asociaci\u00f3n Mensajeros de la Paz, con el padre \u00c1ngel, al frente. Una entidad que trabaja intensamente en poblaciones en situaci\u00f3n de riesgo, y que podr\u00e1 seguir desplegando este trabajo gracias a la aportaci\u00f3n econ\u00f3mica de las matr\u00edculas del Campus Vicky Foods&#8221;.<\/p>\n<\/div>\n\n<p><em> \u2018 The preceding article may include information circulated by third parties \u2019 <\/em><\/p>\n<p><em> \u2018 Some details of this article were extracted from the following source www.elperiodic.com \u2019 <\/em><\/p>\n","protected":false},"excerpt":{"rendered":"<p>El segundo Campus Musical Vicky Meals, que ha congregado en Villalonga a m\u00e1s de\u00a0120 alumnos y alumnas con formaci\u00f3n musical, ha donado el dinero recaudado con las matr\u00edculas a la\u00a0Fundaci\u00f3n Mensajeros de la Paz. Una\u00a0colaboraci\u00f3n solidaria de 4.000 euros\u00a0que contribuir\u00e1 a mejorar las oportunidades de aquellas personas m\u00e1s necesitadas. La entrega del cheque se hizo [&hellip;]<\/p>\n","protected":false},"author":2,"featured_media":363640,"comment_status":"open","ping_status":"closed","sticky":false,"template":"","format":"standard","meta":{"om_disable_all_campaigns":false,"jnews-multi-image_gallery":[],"jnews_single_post":[],"jnews_primary_category":[],"jnews_social_meta":[],"footnotes":""},"categories":[43],"tags":[],"class_list":["post-363639","post","type-post","status-publish","format-standard","has-post-thumbnail","hentry","category-gourmet"],"_links":{"self":[{"href":"https:\/\/dimensionturistica.com\/es\/wp-json\/wp\/v2\/posts\/363639","targetHints":{"allow":["GET"]}}],"collection":[{"href":"https:\/\/dimensionturistica.com\/es\/wp-json\/wp\/v2\/posts"}],"about":[{"href":"https:\/\/dimensionturistica.com\/es\/wp-json\/wp\/v2\/types\/post"}],"author":[{"embeddable":true,"href":"https:\/\/dimensionturistica.com\/es\/wp-json\/wp\/v2\/users\/2"}],"replies":[{"embeddable":true,"href":"https:\/\/dimensionturistica.com\/es\/wp-json\/wp\/v2\/comments?post=363639"}],"version-history":[{"count":0,"href":"https:\/\/dimensionturistica.com\/es\/wp-json\/wp\/v2\/posts\/363639\/revisions"}],"wp:featuredmedia":[{"embeddable":true,"href":"https:\/\/dimensionturistica.com\/es\/wp-json\/wp\/v2\/media\/363640"}],"wp:attachment":[{"href":"https:\/\/dimensionturistica.com\/es\/wp-json\/wp\/v2\/media?parent=363639"}],"wp:term":[{"taxonomy":"category","embeddable":true,"href":"https:\/\/dimensionturistica.com\/es\/wp-json\/wp\/v2\/categories?post=363639"},{"taxonomy":"post_tag","embeddable":true,"href":"https:\/\/dimensionturistica.com\/es\/wp-json\/wp\/v2\/tags?post=363639"}],"curies":[{"name":"wp","href":"https:\/\/api.w.org\/{rel}","templated":true}]}}