{"id":363071,"date":"2022-07-31T20:33:34","date_gmt":"2022-07-31T20:33:34","guid":{"rendered":"https:\/\/dimensionturistica.com\/es\/?p=363071"},"modified":"2022-07-31T20:33:34","modified_gmt":"2022-07-31T20:33:34","slug":"terminan-las-vacaciones-de-inviernos-cuales-fueron-los-destinos-mas-visitados","status":"publish","type":"post","link":"https:\/\/dimensionturistica.com\/es\/terminan-las-vacaciones-de-inviernos-cuales-fueron-los-destinos-mas-visitados\/","title":{"rendered":"Terminan las vacaciones de inviernos: cu\u00e1les fueron los destinos m\u00e1s visitados"},"content":{"rendered":"<p> <br \/>\n<\/p>\n<div>\n<p class=\"paragraph\">Traccionadas por las restricciones para acceder al turismo internacional y con fuerte impulso del PreViaje, las<b> <\/b><a rel=\"nofollow noopener\" target=\"_blank\" href=\"https:\/\/tn.com.ar\/economia\/2022\/07\/11\/comienzan-las-vacaciones-de-invierno-en-16-provincias-destinos-preferidos-precios-y-expectativas-del-sector\/\"><b>vacaciones de invierno<\/b><\/a><b> <\/b>cerraron con un nivel de <b>ocupaci\u00f3n hotelera de hasta el 95%<\/b> en los principales destinos del pa\u00eds. En el sector ya miran con <b>entusiasmo el pr\u00f3ximo fin de semana largo, <\/b>de mediados de agosto.<\/p>\n<p class=\"paragraph\">Adem\u00e1s, por la buena ca\u00edda de nieve,<b> los centros de esqu\u00ed proyectan extender la temporada <\/b>hasta mediados de septiembre para dar respuesta tambi\u00e9n a la demanda del<a rel=\"nofollow noopener\" target=\"_blank\" href=\"https:\/\/tn.com.ar\/economia\/2022\/07\/26\/por-el-dolar-turista-cayo-mas-de-50-la-venta-de-pasajes-al-exterior-y-crecio-la-demanda-de-los-all-inclusive\/\"> <b>turismo extranjero.<\/b><\/a><\/p>\n<p class=\"paragraph\"><i><b>Le\u00e9 tambi\u00e9n: <\/b><\/i><a rel=\"nofollow noopener\" target=\"_blank\" href=\"https:\/\/tn.com.ar\/economia\/2022\/07\/26\/por-el-dolar-turista-cayo-mas-de-50-la-venta-de-pasajes-al-exterior-y-crecio-la-demanda-de-los-all-inclusive\/\"><i><b>Por el d\u00f3lar turista, cay\u00f3 m\u00e1s de 50% la venta de pasajes al exterior y creci\u00f3 la demanda de los all inclusive<\/b><\/i><\/a><\/p>\n<p class=\"paragraph\">La estrategia apunta a <b>atraer turistas de Brasil <\/b>aunque, por la conveniencia con el tipo de cambio, este a\u00f1o tambi\u00e9n recibieron una importante cantidad de personas provenientes de<b> Chile, Uruguay y Paraguay.<\/b><\/p>\n<h2 class=\"font--primary\">La costa patag\u00f3nica y sus ballenas<\/h2>\n<p class=\"paragraph\">Si bien el fuerte de la temporada de <b>avistaje de ballenas comienza en agosto<\/b>, desde junio comienzan a llegar a la costa y esto atrae a much de turistas a<b> Puerto Madryn<\/b>, ciudad en la que hablan de unas <b>vacaciones de invierno r\u00e9cord,<\/b> con una ocupaci\u00f3n del <b>70%<\/b> y un<b> crecimiento del 51% en los arribos.<\/b><\/p>\n<p class=\"paragraph\">El impacto econ\u00f3mico para este destino tur\u00edstico de la provincia de Chubut fue de m\u00e1s de <b>$812 millones<\/b>, seg\u00fan cifras oficiales.<\/p>\n<figure class=\"\">\n<div class=\"aspect_ratio__container\" style=\"--aspect-ratio:3696\/2448\"><picture class=\"responsive-image\"><source type=\"image\/jpg\" media=\"(max-width: 728px)\" srcset=\"https:\/\/tn.com.ar\/resizer\/CpTUXXZ9OqI6W1Nk3vxxJi1FulA=\/767x0\/smart\/cloudfront-us-east-1.images.arcpublishing.com\/artear\/WAE7CPUMARFWBCRGQNUQZ6K7ZA.JPG\"\/><source type=\"image\/jpg\" media=\"(max-width: 1023px)\" srcset=\"https:\/\/tn.com.ar\/resizer\/LqVdQJVeRS3IzqyaLWwgHhaHT5c=\/1023x0\/smart\/cloudfront-us-east-1.images.arcpublishing.com\/artear\/WAE7CPUMARFWBCRGQNUQZ6K7ZA.JPG\"\/><source type=\"image\/jpg\" srcset=\"https:\/\/tn.com.ar\/resizer\/hqVuDHi0gjaS6dZMuzzzUQrVhBg=\/1440x0\/smart\/cloudfront-us-east-1.images.arcpublishing.com\/artear\/WAE7CPUMARFWBCRGQNUQZ6K7ZA.JPG\"\/><img decoding=\"async\" loading=\"lazy\" class=\"margin_bottom image flex flex_column image_placeholder\" alt=\"Las primeras ballenas comienzan a llegar a Puerto Madryn en junio, pero la temporada alta de avisates comienza en agosto (Foto: gentileza Secretar&#xED;a de Turismo de Puerto Madryn)\" src=\"https:\/\/tn.com.ar\/resizer\/CpTUXXZ9OqI6W1Nk3vxxJi1FulA=\/767x0\/smart\/cloudfront-us-east-1.images.arcpublishing.com\/artear\/WAE7CPUMARFWBCRGQNUQZ6K7ZA.JPG\"\/><\/picture><\/div><figcaption class=\"flex flex_column caption_image\">Las primeras ballenas comienzan a llegar a Puerto Madryn en junio, pero la temporada alta de avisates comienza en agosto (Foto: gentileza Secretar\u00eda de Turismo de Puerto Madryn)<\/figcaption><\/figure>\n<p class=\"paragraph\">Seg\u00fan datos de la <b>Secretar\u00eda de Turismo<\/b>, en la primera semana de las vacaciones Puerto Madryn registr\u00f3 un 50% de ocupaci\u00f3n, con picos del 73% en establecimientos hoteleros; mientras que en la segunda creci\u00f3 al<b> 81%<\/b>, la <b>cifra m\u00e1s alta de los \u00faltimos diez a\u00f1os<\/b>. En estos \u00faltimos siete d\u00edas, registr\u00f3 <b>picos del 96%<\/b> en Aparthotel y del 84% en hoteles de 3 estrellas.<\/p>\n<p class=\"paragraph\"><i><b>Le\u00e9 tambi\u00e9n: <\/b><\/i><a rel=\"nofollow noopener\" target=\"_blank\" href=\"https:\/\/tn.com.ar\/tecno\/novedades\/2022\/07\/24\/turismo-virtual-de-que-se-trata-esta-nueva-tendencia-y-como-puede-revolucionar-la-manera-de-viajar\/\"><i><b>Turismo virtual: de qu\u00e9 se trata esta nueva tendencia y c\u00f3mo puede revolucionar la manera de viajar<\/b><\/i><\/a><\/p>\n<p class=\"paragraph\">\u201c<b>Disfrutamos de una temporada de ballenas impresionante en los niveles de ocupaci\u00f3n<\/b>, superando ampliamente la media de los destinos nacionales de vacaciones y con n\u00fameros altamente superiores que en prepandemia\u201d, dijo a <b>TN <\/b>el intendente de la ciudad, <b>Gustavo Sastre<\/b>.<\/p>\n<h2 class=\"font--primary\">La nieve, la estrella de las vacaciones de invierno<\/h2>\n<p class=\"paragraph\">La diversidad de propuestas que ofrece la <b>Patagonia <\/b>va desde la <b>nieve <\/b>en la cordillera hasta la <b>costa <\/b>sobre el Oc\u00e9ano Atl\u00e1ntico, en un abanico que atrae a quienes buscan conectar con la <b>naturaleza<\/b>, adentrarse en la <b>aventura<\/b>, acercarse al <b>turismo de bienestar<\/b> y tambi\u00e9n a quienes buscan la comodidad de todos los servicios de las grandes <b>ciudades<\/b>.<\/p>\n<p class=\"paragraph\">En <b>R\u00edo Negro<\/b>, los dos destinos fuertes del invierno son Bariloche y El Bols\u00f3n. En <b>Bariloche<\/b>, la ocupaci\u00f3n hotelera super\u00f3 el <b>95% <\/b>en la segunda quincena de julio, y en la primera quincena, rond\u00f3 el 90 por ciento.<\/p>\n<figure class=\"\">\n<div class=\"aspect_ratio__container\" style=\"--aspect-ratio:3648\/2736\"><picture class=\"responsive-image\"><source type=\"image\/jpg\" media=\"(max-width: 728px)\" srcset=\"https:\/\/tn.com.ar\/resizer\/DcjIvM4qtqi6x-o-M74R3PBnjxU=\/767x0\/smart\/cloudfront-us-east-1.images.arcpublishing.com\/artear\/A5OTGDUBKNB7NF5MIIW3NPVHNQ.JPG\"\/><source type=\"image\/jpg\" media=\"(max-width: 1023px)\" srcset=\"https:\/\/tn.com.ar\/resizer\/ef4wkG3Fwp5yP_C35s819Ao4y8A=\/1023x0\/smart\/cloudfront-us-east-1.images.arcpublishing.com\/artear\/A5OTGDUBKNB7NF5MIIW3NPVHNQ.JPG\"\/><source type=\"image\/jpg\" srcset=\"https:\/\/tn.com.ar\/resizer\/02YYH9Xj12x_5n5wgEa4u31DI3s=\/1440x0\/smart\/cloudfront-us-east-1.images.arcpublishing.com\/artear\/A5OTGDUBKNB7NF5MIIW3NPVHNQ.JPG\"\/><img decoding=\"async\" loading=\"lazy\" class=\"margin_bottom image flex flex_column image_placeholder\" alt=\"El turismo aventura se abre camino entre los preferidos de las vacaciones de invierno Foto: gentileza Secretar&#xED;a de Turismo de Puerto Madryn)\" src=\"https:\/\/tn.com.ar\/resizer\/DcjIvM4qtqi6x-o-M74R3PBnjxU=\/767x0\/smart\/cloudfront-us-east-1.images.arcpublishing.com\/artear\/A5OTGDUBKNB7NF5MIIW3NPVHNQ.JPG\"\/><\/picture><\/div><figcaption class=\"flex flex_column caption_image\">El turismo aventura se abre camino entre los preferidos de las vacaciones de invierno Foto: gentileza Secretar\u00eda de Turismo de Puerto Madryn)<\/figcaption><\/figure>\n<p class=\"paragraph\">\u201cHasta mediados de septiembre estamos con much\u00edsima demanda, con una ocupaci\u00f3n del 95%, y un <b>promedio de 30 vuelos diarios<\/b>, con 13 frecuencias semanales desde San Pablo; todos con much\u00edsima ocupaci\u00f3n\u201d, dijo a <b>TN Gast\u00f3n Burl\u00f3n<\/b>, <b>secretario de Turismo de Bariloche.<\/b><\/p>\n<p class=\"paragraph\">Entre los visitantes de la ciudad, adem\u00e1s de <b>brasile\u00f1os<\/b>, arribaron <b>uruguayos, chilenos y paraguayos<\/b>, de acuerdo con los datos oficiales.<\/p>\n<p class=\"paragraph\">En la ciudad est\u00e1 emplazado el <b>Cerro Catedral,<\/b> uno de los centros de esqu\u00ed m\u00e1s importantes de Latinoam\u00e9rica, pero tambi\u00e9n este a\u00f1o <b>comenz\u00f3 a imponerse El Bols\u00f3n <\/b>como \u201cun destino m\u00e1s incipiente para quienes eligen la nieve, porque ha invertido en nuevos servicios de elevaci\u00f3n, de plat\u00f3, de confiter\u00edas y en servicios\u201d, dijo <b>Dennis Godoy,<\/b> <b>director de Turismo de la provincia de R\u00edo Negro.<\/b><\/p>\n<p class=\"paragraph\"><i><b>Le\u00e9 tambi\u00e9n: <\/b><\/i><a rel=\"nofollow noopener\" target=\"_blank\" href=\"https:\/\/tn.com.ar\/economia\/2022\/07\/21\/los-detalles-de-la-medida-que-permite-a-turistas-extranjeros-vender-dolares-al-tipo-de-cambio-financiero\/\"><i><b>Los detalles de la medida que permite a turistas extranjeros vender d\u00f3lares al tipo de cambio financiero<\/b><\/i><\/a><\/p>\n<p class=\"paragraph\">La ciudad registr\u00f3 una <b>ocupaci\u00f3n del 70%<\/b> que, aunque fue menor que en Bariloche, tambi\u00e9n lo anotan como un \u201c<b>dato hist\u00f3rico<\/b>\u201d para el invierno.<\/p>\n<p class=\"paragraph\">Pero la oferta fue m\u00e1s amplia que esos dos destinos, con <b>Las Grutas<\/b>, el Puerto de San Antonio Este, la pr\u00e1ctica de deportes de viento en el balneario El C\u00f3ndor; los <b>Caminos del Vino<\/b>; el turismo rural en R\u00edo Colorado; el <b>Tren Patag\u00f3nico<\/b>, uniendo el mar con la cordillera, y <b>La Trochita,<\/b> entre otros.<\/p>\n<figure class=\"\">\n<div class=\"aspect_ratio__container\" style=\"--aspect-ratio:1440\/959\"><picture class=\"responsive-image\"><source type=\"image\/jpg\" media=\"(max-width: 728px)\" srcset=\"https:\/\/tn.com.ar\/resizer\/dBcXkICvxkJyvQAslWsEFPlmTw8=\/767x0\/smart\/cloudfront-us-east-1.images.arcpublishing.com\/artear\/5VQVEHLLDZC3ZHAE3YSDFTPCHI.jpg\"\/><source type=\"image\/jpg\" media=\"(max-width: 1023px)\" srcset=\"https:\/\/tn.com.ar\/resizer\/Bmk-hZzVBS1li_wP7BeLn9CaWlQ=\/1023x0\/smart\/cloudfront-us-east-1.images.arcpublishing.com\/artear\/5VQVEHLLDZC3ZHAE3YSDFTPCHI.jpg\"\/><source type=\"image\/jpg\" srcset=\"https:\/\/tn.com.ar\/resizer\/-PfiNaqQ-oFuoKSeLYGp9AQYrlw=\/1440x0\/smart\/cloudfront-us-east-1.images.arcpublishing.com\/artear\/5VQVEHLLDZC3ZHAE3YSDFTPCHI.jpg\"\/><img decoding=\"async\" loading=\"lazy\" class=\"margin_bottom image flex flex_column image_placeholder\" alt=\"El turismo de bienestar se impone entre los elegidos durante las vacaciones de invierno (Foto: Gentileza Agencia de Comunicaci&#xF3;n de la provincia de C&#xF3;rdoba\/Estancia La Constancia)\" src=\"https:\/\/tn.com.ar\/resizer\/dBcXkICvxkJyvQAslWsEFPlmTw8=\/767x0\/smart\/cloudfront-us-east-1.images.arcpublishing.com\/artear\/5VQVEHLLDZC3ZHAE3YSDFTPCHI.jpg\"\/><\/picture><\/div><figcaption class=\"flex flex_column caption_image\">El turismo de bienestar se impone entre los elegidos durante las vacaciones de invierno (Foto: Gentileza Agencia de Comunicaci\u00f3n de la provincia de C\u00f3rdoba\/Estancia La Constancia)<\/figcaption><\/figure>\n<h2 class=\"font--primary\">Las Cataratas, una de las siete maravillas del mundo<\/h2>\n<p class=\"paragraph\">No todos buscan nieve en vacaciones de invierno, <b>muchos viajan para el norte del pa\u00eds <\/b>y las <b>Cataratas del Iguaz\u00fa<\/b> son preferidas.<\/p>\n<p class=\"paragraph\">Seg\u00fan datos del<b> Iguaz\u00fa Turismo Ente Municipal (ITUREM) <\/b>en julio se <b>superaron los 168.000 ingresos <\/b>al <b>Parque Nacional<\/b>, con una media diaria de m\u00e1s de 6000, y la <b>ocupaci\u00f3n hotelera promedi\u00f3 el 90,5% <\/b>(86% en la primera quincena y 95%, en la segunda).<\/p>\n<p class=\"paragraph\"><i><b>Le\u00e9 tambi\u00e9n: <\/b><\/i><a rel=\"nofollow noopener\" target=\"_blank\" href=\"https:\/\/tn.com.ar\/economia\/2022\/07\/14\/dolar-turista-aerolineas-y-agencias-de-turismo-rechazaron-las-nuevas-medidas-del-gobierno\/\"><i><b>D\u00f3lar turista: aerol\u00edneas y agencias de turismo rechazaron las nuevas medidas del Gobierno<\/b><\/i><\/a><\/p>\n<h2 class=\"font--primary\">C\u00f3rdoba, un destino preferido del invierno<\/h2>\n<p class=\"paragraph\">Si bien <b>C\u00f3rdoba <\/b>no tiene temporada alta, porque suele ser elegida tanto para vacaciones como para escapadas y fines de semana largos, <b>cerr\u00f3 este invierno con localidades en las que alcanz\u00f3 el 100% <\/b>de ocupaci\u00f3n.<\/p>\n<figure class=\"\">\n<div class=\"aspect_ratio__container\" style=\"--aspect-ratio:1600\/1071\"><picture class=\"responsive-image\"><source type=\"image\/jpg\" media=\"(max-width: 728px)\" srcset=\"https:\/\/tn.com.ar\/resizer\/rny4rauivTQVun2Xr7ih7zGeq38=\/767x0\/smart\/cloudfront-us-east-1.images.arcpublishing.com\/artear\/KTOUOQEFWRBB7N62UA2MWZJX4Q.jpg\"\/><source type=\"image\/jpg\" media=\"(max-width: 1023px)\" srcset=\"https:\/\/tn.com.ar\/resizer\/S1863hhHbd4PYdXCM5npywY5xdc=\/1023x0\/smart\/cloudfront-us-east-1.images.arcpublishing.com\/artear\/KTOUOQEFWRBB7N62UA2MWZJX4Q.jpg\"\/><source type=\"image\/jpg\" srcset=\"https:\/\/tn.com.ar\/resizer\/UUoib6qnmdFJdyuGAeFZB7M9TEo=\/1440x0\/smart\/cloudfront-us-east-1.images.arcpublishing.com\/artear\/KTOUOQEFWRBB7N62UA2MWZJX4Q.jpg\"\/><img decoding=\"async\" loading=\"lazy\" class=\"margin_bottom image flex flex_column image_placeholder\" alt=\"Balneario Los Quimbaletes, en Villa Giardino, C&#xF3;rdoba (Foto: Gentileza Agencia de Comunicaci&#xF3;n de la provincia de C&#xF3;rdoba)\" src=\"https:\/\/tn.com.ar\/resizer\/rny4rauivTQVun2Xr7ih7zGeq38=\/767x0\/smart\/cloudfront-us-east-1.images.arcpublishing.com\/artear\/KTOUOQEFWRBB7N62UA2MWZJX4Q.jpg\"\/><\/picture><\/div><figcaption class=\"flex flex_column caption_image\">Balneario Los Quimbaletes, en Villa Giardino, C\u00f3rdoba (Foto: Gentileza Agencia de Comunicaci\u00f3n de la provincia de C\u00f3rdoba)<\/figcaption><\/figure>\n<p class=\"paragraph\">Seg\u00fan cifras oficiales, en <b>Colonia Caroya, la ocupaci\u00f3n fue completa<\/b>; en La Falda, del 95%; La Cumbrecita, y Villa Basic Belgrano, del 90%;<b> Villa Giardino, 88%<\/b>; Alta gracia, 84%; Jes\u00fas Mar\u00eda, 75,8%; <b>Villa Carlos Paz, 75,9%<\/b>; Santa Rosa de Calamuchita, 62%, y <b>Nono, 55%; <\/b>entre otras localidades.<\/p>\n<p class=\"paragraph\">De acuerdo con lo informado por la<b> Agencia C\u00f3rdoba Turismo<\/b>, uno de los valles tur\u00edsticos m\u00e1s visitados fue el de <b>Punilla<\/b>. Tambi\u00e9n <b>Villa Giardino <\/b>comenz\u00f3 en esta temporada a despuntar entre las preferidas. Es una ciudad que se encuentra a 75 kil\u00f3metros de C\u00f3rdoba capital, conocida como \u201cEl Jard\u00edn de Punilla\u201d. Ofreci\u00f3<b> excursiones desde los $2000 hasta los $3500<\/b> y <b>hospedajes <\/b>para cuatro personas desde <b>$10.000 la noche.<\/b><\/p>\n<p class=\"paragraph\"><i><b>Le\u00e9 tambi\u00e9n: <\/b><\/i><a rel=\"nofollow noopener\" target=\"_blank\" href=\"https:\/\/tn.com.ar\/turismo\/2022\/07\/14\/el-turismo-receptivo-supero-en-junio-los-niveles-previos-a-la-pandemia\/\"><i><b>La llegada de turistas extranjeros ya super\u00f3 los niveles previos a la pandemia<\/b><\/i><\/a><\/p>\n<p class=\"paragraph\">\u201cAlgunas de las ciudades tur\u00edsticas m\u00e1s importantes est\u00e1n viviendo<b> una de las mejores temporadas de invierno en los \u00faltimos a\u00f1os<\/b>\u201d, dijo el presidente de la Agencia C\u00f3rdoba Turismo, <b>Esteban Avil\u00e9s.<\/b><\/p>\n<figure class=\"\">\n<div class=\"aspect_ratio__container\" style=\"--aspect-ratio:1080\/744\"><picture class=\"responsive-image\"><source type=\"image\/jpg\" media=\"(max-width: 728px)\" srcset=\"https:\/\/tn.com.ar\/resizer\/67FYOeZQVjgTwOkWHd8P4ChiCgY=\/767x0\/smart\/cloudfront-us-east-1.images.arcpublishing.com\/artear\/KPUMDVBWZBDVBHVSKZVLVY4VP4.jpg\"\/><source type=\"image\/jpg\" media=\"(max-width: 1023px)\" srcset=\"https:\/\/tn.com.ar\/resizer\/CsHUL39WQX-FDIbMt474_2CbBVo=\/1023x0\/smart\/cloudfront-us-east-1.images.arcpublishing.com\/artear\/KPUMDVBWZBDVBHVSKZVLVY4VP4.jpg\"\/><source type=\"image\/jpg\" srcset=\"https:\/\/tn.com.ar\/resizer\/6-YsZ9SOhQJorgyqvzKSODNmyv4=\/1440x0\/smart\/cloudfront-us-east-1.images.arcpublishing.com\/artear\/KPUMDVBWZBDVBHVSKZVLVY4VP4.jpg\"\/><img decoding=\"async\" loading=\"lazy\" class=\"margin_bottom image flex flex_column image_placeholder\" alt=\"Aerosilla Los Cocos, en Villa Giardino, C&#xF3;rdoba (Foto: Gentileza Agencia de Comunicaci&#xF3;n de la provincia de C&#xF3;rdoba)\" src=\"https:\/\/tn.com.ar\/resizer\/67FYOeZQVjgTwOkWHd8P4ChiCgY=\/767x0\/smart\/cloudfront-us-east-1.images.arcpublishing.com\/artear\/KPUMDVBWZBDVBHVSKZVLVY4VP4.jpg\"\/><\/picture><\/div><figcaption class=\"flex flex_column caption_image\">Aerosilla Los Cocos, en Villa Giardino, C\u00f3rdoba (Foto: Gentileza Agencia de Comunicaci\u00f3n de la provincia de C\u00f3rdoba)<\/figcaption><\/figure>\n<h2 class=\"font--primary\">Mendoza combina cordilleras, bodegas y nieve<\/h2>\n<p class=\"paragraph\">De acuerdo con las cifras oficiales, <b>Mendoza registr\u00f3 una ocupaci\u00f3n hotelera promedio de 95%<\/b>. La rotaci\u00f3n tur\u00edstica se dio en 4,2 d\u00edas, con un<b> gasto per c\u00e1pita promedio de $7000, <\/b>seg\u00fan datos del <b>Observatorio Tur\u00edstico provincial.<\/b><\/p>\n<p class=\"paragraph\">Los destinos m\u00e1s elegidos fueron <b>Potrerillos<\/b>; <b>Tupungato<\/b>; Uspallata; Ruta 82 y <b>Cacheuta; Las Le\u00f1as <\/b>y Los Molles; Gran Mendoza; Malarg\u00fce; San Rafael; San Carlos y <b>Tunuy\u00e1n<\/b>.<\/p>\n<figure class=\"\">\n<div class=\"aspect_ratio__container\" style=\"--aspect-ratio:3843\/2562\"><picture class=\"responsive-image\"><source type=\"image\/jpg\" media=\"(max-width: 728px)\" srcset=\"https:\/\/tn.com.ar\/resizer\/OOJYR8wWcCenwAy7GD2Pus1Tmik=\/767x0\/smart\/cloudfront-us-east-1.images.arcpublishing.com\/artear\/RL3VLYT4EJA7LFP64DDTG3JG5I.jpg\"\/><source type=\"image\/jpg\" media=\"(max-width: 1023px)\" srcset=\"https:\/\/tn.com.ar\/resizer\/yIbCW8jeg7MQwiaABouQFXk-t1o=\/1023x0\/smart\/cloudfront-us-east-1.images.arcpublishing.com\/artear\/RL3VLYT4EJA7LFP64DDTG3JG5I.jpg\"\/><source type=\"image\/jpg\" srcset=\"https:\/\/tn.com.ar\/resizer\/D254tysGiwRmLRNH0-AsiSEqZCY=\/1440x0\/smart\/cloudfront-us-east-1.images.arcpublishing.com\/artear\/RL3VLYT4EJA7LFP64DDTG3JG5I.jpg\"\/><img decoding=\"async\" loading=\"lazy\" class=\"margin_bottom image flex flex_column image_placeholder\" alt=\"La costa es tambi&#xE9;n un destino estrella de la Patagonia (Foto: gentileza Secretar&#xED;a de Turismo de Puerto Madryn)\" src=\"https:\/\/tn.com.ar\/resizer\/OOJYR8wWcCenwAy7GD2Pus1Tmik=\/767x0\/smart\/cloudfront-us-east-1.images.arcpublishing.com\/artear\/RL3VLYT4EJA7LFP64DDTG3JG5I.jpg\"\/><\/picture><\/div><figcaption class=\"flex flex_column caption_image\">La costa es tambi\u00e9n un destino estrella de la Patagonia (Foto: gentileza Secretar\u00eda de Turismo de Puerto Madryn)<span class=\"margin_top-xxxxs credits_image\">Por: <b>MAXI JONAS<\/b><\/span><\/figcaption><\/figure>\n<p class=\"paragraph\">\u201dPresenciamos el gran movimiento tur\u00edstico en toda la provincia.<b> Mendoza ha alcanzado un nivel sostenido de visitantes desde el verano <\/b>y ha recuperado todas las rutas a\u00e9reas internacionales y nacionales y tiene buena conectividad terrestre con cualquier sitio de la Argentina\u201d, dijo la<b> ministra de Cultura y Turismo,<\/b> <b>Nora Vicario<\/b>.<\/p>\n<h2 class=\"font--primary\">Santiago del Estero y las Termas de R\u00edo Hondo tambi\u00e9n tuvieron su temporada exitosa<\/h2>\n<p class=\"paragraph\">En la provincia de <b>Santiago del Estero <\/b>hablan de una <b>temporada de invierno \u201cextraordinaria\u201d,<\/b> con \u201cuna constante renovaci\u00f3n de flujo tur\u00edstico\u201d.<\/p>\n<figure class=\"\">\n<div class=\"aspect_ratio__container\" style=\"--aspect-ratio:1280\/853\"><picture class=\"responsive-image\"><source type=\"image\/jpg\" media=\"(max-width: 728px)\" srcset=\"https:\/\/tn.com.ar\/resizer\/ss6cym40-DWD_k6Pbqlx4zBjp6U=\/767x0\/smart\/cloudfront-us-east-1.images.arcpublishing.com\/artear\/SOYW5ZNVIJCEPN2OUERQ65TB5Q.jpeg\"\/><source type=\"image\/jpg\" media=\"(max-width: 1023px)\" srcset=\"https:\/\/tn.com.ar\/resizer\/mgroTpOjvrTX-uCdfUo2tAL45B8=\/1023x0\/smart\/cloudfront-us-east-1.images.arcpublishing.com\/artear\/SOYW5ZNVIJCEPN2OUERQ65TB5Q.jpeg\"\/><source type=\"image\/jpg\" srcset=\"https:\/\/tn.com.ar\/resizer\/V3lcgAUcA1vwC7397mOI-TIMmJ4=\/1440x0\/smart\/cloudfront-us-east-1.images.arcpublishing.com\/artear\/SOYW5ZNVIJCEPN2OUERQ65TB5Q.jpeg\"\/><img decoding=\"async\" loading=\"lazy\" class=\"margin_bottom image flex flex_column image_placeholder\" alt=\"En Santiago del Estero, los espect&#xE1;culos fueron el gran convocante de estas vacaciones de invierno (Foto: Gentileza Turismo Santiago del Estero)\" src=\"https:\/\/tn.com.ar\/resizer\/ss6cym40-DWD_k6Pbqlx4zBjp6U=\/767x0\/smart\/cloudfront-us-east-1.images.arcpublishing.com\/artear\/SOYW5ZNVIJCEPN2OUERQ65TB5Q.jpeg\"\/><\/picture><\/div><figcaption class=\"flex flex_column caption_image\">En Santiago del Estero, los espect\u00e1culos fueron el gran convocante de estas vacaciones de invierno (Foto: Gentileza Turismo Santiago del Estero)<\/figcaption><\/figure>\n<p class=\"paragraph\">De acuerdo con las cifras oficiales, <b>la Ciudad Capital super\u00f3 el 85%<\/b> de ocupaci\u00f3n en su capacidad hotelera y recibi\u00f3 turistas de <b>Estados Unidos, Noruega, Chile, Espa\u00f1a, Brasil, <\/b>entre otros. En tanto que Termas de<b> R\u00edo Hondo <\/b>mantuvo sus niveles de ocupaci\u00f3n por encima del <b>90%.<\/b><\/p>\n<h2 class=\"font--primary\">En la provincia de Buenos Aires, Pinamar y Tandil fueron las preferidas<\/h2>\n<p class=\"paragraph\">En la <b>provincia de Buenos Aires<\/b> la oferta tur\u00edstica tambi\u00e9n es diversa. Desde la costa, hasta las propuestas vinculadas al campo, tambi\u00e9n se alza en el podio de las preferidas para la temporada alta y para las escapadas cortas.<\/p>\n<p class=\"paragraph\">Este invierno <b>la mayor ocupaci\u00f3n hotelera se registr\u00f3 en Tandil, con un promedio del 90%<\/b>, seguida por Adolfo Alsina, con el 81% (95 hoteles y 67% departamentos); <b>Tigre, con el 72% y Pinamar y Sierra de la Ventana, con el 70%,<\/b> de acuerdo con los datos del gobierno bonaerense.<\/p>\n<figure class=\"\">\n<div class=\"aspect_ratio__container\" style=\"--aspect-ratio:1600\/1071\"><picture class=\"responsive-image\"><source type=\"image\/jpg\" media=\"(max-width: 728px)\" srcset=\"https:\/\/tn.com.ar\/resizer\/rny4rauivTQVun2Xr7ih7zGeq38=\/767x0\/smart\/cloudfront-us-east-1.images.arcpublishing.com\/artear\/KTOUOQEFWRBB7N62UA2MWZJX4Q.jpg\"\/><source type=\"image\/jpg\" media=\"(max-width: 1023px)\" srcset=\"https:\/\/tn.com.ar\/resizer\/S1863hhHbd4PYdXCM5npywY5xdc=\/1023x0\/smart\/cloudfront-us-east-1.images.arcpublishing.com\/artear\/KTOUOQEFWRBB7N62UA2MWZJX4Q.jpg\"\/><source type=\"image\/jpg\" srcset=\"https:\/\/tn.com.ar\/resizer\/UUoib6qnmdFJdyuGAeFZB7M9TEo=\/1440x0\/smart\/cloudfront-us-east-1.images.arcpublishing.com\/artear\/KTOUOQEFWRBB7N62UA2MWZJX4Q.jpg\"\/><img decoding=\"async\" loading=\"lazy\" class=\"margin_bottom image flex flex_column image_placeholder\" alt=\"Balneario Los Quimbaletes, en Villa Giardino, C&#xF3;rdoba (Foto: Gentileza Agencia de Comunicaci&#xF3;n de la provincia de C&#xF3;rdoba)\" src=\"https:\/\/tn.com.ar\/resizer\/rny4rauivTQVun2Xr7ih7zGeq38=\/767x0\/smart\/cloudfront-us-east-1.images.arcpublishing.com\/artear\/KTOUOQEFWRBB7N62UA2MWZJX4Q.jpg\"\/><\/picture><\/div><figcaption class=\"flex flex_column caption_image\">Balneario Los Quimbaletes, en Villa Giardino, C\u00f3rdoba (Foto: Gentileza Agencia de Comunicaci\u00f3n de la provincia de C\u00f3rdoba)<\/figcaption><\/figure>\n<p class=\"paragraph\">Por debajo se ubicaron Chascom\u00fas, con el 65%; Luj\u00e1n, con el 60% en la semana y 90% en fin de semana; Mar del Plata, con el 65%; San Antonio de Areco y <b>Villa Gesell, con el 60%, <\/b>y el partido de la Costa, con el 55 por ciento.<\/p>\n<p class=\"paragraph\">\u201cEn <b>Mar del Plata la ocupaci\u00f3n estuvo por encima de los n\u00fameros de prepandemia,<\/b> aunque en estos \u00faltimos dos d\u00edas el clima no ayud\u00f3 mucho\u201d, dijo a <b>TN Bernardo Martin<\/b>, presidente del <b>EMTUR Mar del Plata.<\/b><\/p>\n<h2 class=\"font--primary\">El incentivo del PreViaje<\/h2>\n<p class=\"paragraph\"><b>El lanzamiento del PreViaje 3 se demora<\/b>, pero su edici\u00f3n anterior result\u00f3 clave para este invierno. Seg\u00fan cifras de la cartera nacional encabezada por Mat\u00edas Lammens, <b>m\u00e1s 350.00 usaron el beneficio este mes.<\/b><\/p>\n<p class=\"paragraph\"><i><b>Le\u00e9 tambi\u00e9n: <\/b><\/i><a rel=\"nofollow noopener\" target=\"_blank\" href=\"https:\/\/tn.com.ar\/sociedad\/2022\/07\/08\/que-es-y-como-funciona-el-previaje-el-programa-que-elogio-cristina-kirchner\/\"><i><b>Qu\u00e9 es y c\u00f3mo funciona el Previaje: el programa que mencion\u00f3 Cristina Kirchner en su discurso <\/b><\/i><\/a><\/p>\n<p class=\"paragraph\">\u201cEstamos <b>expectantes de las novedades sobre el PreViaje 3<\/b> que permitir\u00e1 en el caso de Puerto Madryn incentivar la llegada de visitantes en temporada alta de ballenas, previo a la temporada de verano, que es otro momento esperado por el sector\u201d, dijo <b>Gustavo Sastre<\/b>.<\/p>\n<p class=\"paragraph\">En el mismo sentido, se expres\u00f3 la<b> ministra de Turismo y Deporte de R\u00edo Negro, Martha V\u00e9lez<\/b>, que asegur\u00f3 tener la \u201cconvicci\u00f3n\u201d de que <b>el turismo \u201cgenera trabajo, diversifica la econom\u00eda y permite el crecimiento\u201d.<\/b><\/p>\n<\/div>\n\n<p><em> &#8221; Fuentes tn.com.ar &#8221; <\/em><\/p>\n","protected":false},"excerpt":{"rendered":"<p>Traccionadas por las restricciones para acceder al turismo internacional y con fuerte impulso del PreViaje, las vacaciones de invierno cerraron con un nivel de ocupaci\u00f3n hotelera de hasta el 95% en los principales destinos del pa\u00eds. En el sector ya miran con entusiasmo el pr\u00f3ximo fin de semana largo, de mediados de agosto. Adem\u00e1s, por [&hellip;]<\/p>\n","protected":false},"author":4,"featured_media":363072,"comment_status":"open","ping_status":"closed","sticky":false,"template":"","format":"standard","meta":{"om_disable_all_campaigns":false,"jnews-multi-image_gallery":[],"jnews_single_post":[],"jnews_primary_category":[],"jnews_social_meta":[],"footnotes":""},"categories":[39],"tags":[544],"class_list":["post-363071","post","type-post","status-publish","format-standard","has-post-thumbnail","hentry","category-viajes","tag-turismo"],"_links":{"self":[{"href":"https:\/\/dimensionturistica.com\/es\/wp-json\/wp\/v2\/posts\/363071","targetHints":{"allow":["GET"]}}],"collection":[{"href":"https:\/\/dimensionturistica.com\/es\/wp-json\/wp\/v2\/posts"}],"about":[{"href":"https:\/\/dimensionturistica.com\/es\/wp-json\/wp\/v2\/types\/post"}],"author":[{"embeddable":true,"href":"https:\/\/dimensionturistica.com\/es\/wp-json\/wp\/v2\/users\/4"}],"replies":[{"embeddable":true,"href":"https:\/\/dimensionturistica.com\/es\/wp-json\/wp\/v2\/comments?post=363071"}],"version-history":[{"count":0,"href":"https:\/\/dimensionturistica.com\/es\/wp-json\/wp\/v2\/posts\/363071\/revisions"}],"wp:featuredmedia":[{"embeddable":true,"href":"https:\/\/dimensionturistica.com\/es\/wp-json\/wp\/v2\/media\/363072"}],"wp:attachment":[{"href":"https:\/\/dimensionturistica.com\/es\/wp-json\/wp\/v2\/media?parent=363071"}],"wp:term":[{"taxonomy":"category","embeddable":true,"href":"https:\/\/dimensionturistica.com\/es\/wp-json\/wp\/v2\/categories?post=363071"},{"taxonomy":"post_tag","embeddable":true,"href":"https:\/\/dimensionturistica.com\/es\/wp-json\/wp\/v2\/tags?post=363071"}],"curies":[{"name":"wp","href":"https:\/\/api.w.org\/{rel}","templated":true}]}}