{"id":363002,"date":"2022-07-31T13:40:08","date_gmt":"2022-07-31T13:40:08","guid":{"rendered":"https:\/\/dimensionturistica.com\/es\/?p=363002"},"modified":"2022-07-31T13:40:09","modified_gmt":"2022-07-31T13:40:09","slug":"crecen-20-los-viajes-vacacionales-noticias-de-sonora","status":"publish","type":"post","link":"https:\/\/dimensionturistica.com\/es\/crecen-20-los-viajes-vacacionales-noticias-de-sonora\/","title":{"rendered":"Crecen 20% los viajes vacacionales | Noticias de Sonora"},"content":{"rendered":"<p> <br \/>\n<\/p>\n<div>\n<p>HERMOSILLO, Sonora.-Un <strong>aumento del 20% al 30% se ha registrado en los viajes vacacionales<\/strong> de los sonorenses durante este verano principalmente a destinos en <strong>M\u00e9xico<\/strong> aunque tambi\u00e9n hacia el extranjero, inform\u00f3 la presidenta de la <strong>Asociaci\u00f3n de Agencias de Viaje<\/strong>.<\/p>\n<p>Martha Arteaga Gonz\u00e1lez se\u00f1al\u00f3 que los sonorenses en este periodo vacacional <strong>han preferido destinos nacionales<\/strong>, principalmente de playa, en distintas entidades del Pa\u00eds, y tambi\u00e9n en pueblos del Estado.<\/p>\n<p><strong>Te puede interesar:\u00a0<\/strong><a rel=\"nofollow noopener\" target=\"_blank\" href=\"https:\/\/www.elimparcial.com\/sonora\/policiaca\/Aterrizaje-de-emergencia-en-Hermosillo-Persona-se-encerro-en-los-banos-tras-crisis-nerviosa-y-se-autolesiono-20220718-0050.html\">Aterrizaje de emergencia en Hermosillo: Persona se encerr\u00f3 en los ba\u00f1os tras crisis nerviosa y se autolesion\u00f3<\/a><\/p>\n<blockquote>\n<p>El destino nacional ha bajado a Canc\u00fan, pero los usuarios sonorenses est\u00e1n prefiriendo Huatulco, Vallarta y Los Cabos, Acapulco no tanto, en el caso de internacionales est\u00e1n pidiendo paquetes a Per\u00fa, Colombia y Europa\u201d, dijo.<\/p>\n<\/blockquote>\n<h2>RESTRICCIONES DE VIAJE POR COVID-19 SE ENCUENTRAN M\u00c1S FLEXIBLES<\/h2>\n<div style=\"text-align:center\">\n<figure class=\"image\" style=\"display:inline-block\">\n  <img decoding=\"async\" alt=\"\" data-height=\"360\" data-size=\"w:4032,h:1816\" data-width=\"800\" hspace=\"5\" src=\"https:\/\/www.elimparcial.com\/export\/sites\/elimparcial\/img\/2022\/07\/31\/viajes_vacacionales.jpeg_1533868958.jpeg\" title=\"\" vspace=\"5\"\/><figcaption>\n    Fotograf\u00eda: Archivo<br \/>\n  <\/figcaption><\/figure>\n<\/div>\n<p>La recuperaci\u00f3n que se ha presentado en esta temporada es debido a que las restricciones de viaje por el <strong>Covid-19<\/strong> se encuentran m\u00e1s flexibles, y en muchos de los pa\u00edses o destinos no se requiere la prueba PCR o realizar cuarentena.<\/p>\n<p><strong>Te puede interesar:\u00a0<\/strong><a rel=\"nofollow noopener\" target=\"_blank\" href=\"https:\/\/www.elimparcial.com\/sonora\/hermosillo\/Crecen-viajes-aereos-desde-Hermosillo-en-el-primer-trimestre-2022-20220409-0043.html\">Crecen viajes a\u00e9reos desde Hermosillo en el primer trimestre 2022<\/a><\/p>\n<p>La representante de agencias de viaje destac\u00f3 que s\u00ed se ha observado que las tarifas a\u00e9reas a nivel nacional<strong> han tenido un aumento appreciable <\/strong>derivado del incremento del precio del flamable.<\/p>\n<p>Martha Arteaga hizo un llamado a usuarios a contratar los servicios con agencias plenamente identificadas, pues en la \u00faltima semana <strong>se han presentado al menos 50 solicitudes de apoyo <\/strong>porque familias fueron v\u00edctimas de fraude al contratar alg\u00fan paquete vacacional.<\/p>\n<section class=\"tags\">\n\t\t\t\t\t\t\t\t<span class=\"tags__text\">En esta nota<\/span><\/p>\n<\/section><\/div>\n\n<p><em> &#8221; Fuentes www.elimparcial.com &#8221; <\/em><\/p>\n","protected":false},"excerpt":{"rendered":"<p>HERMOSILLO, Sonora.-Un aumento del 20% al 30% se ha registrado en los viajes vacacionales de los sonorenses durante este verano principalmente a destinos en M\u00e9xico aunque tambi\u00e9n hacia el extranjero, inform\u00f3 la presidenta de la Asociaci\u00f3n de Agencias de Viaje. Martha Arteaga Gonz\u00e1lez se\u00f1al\u00f3 que los sonorenses en este periodo vacacional han preferido destinos nacionales, [&hellip;]<\/p>\n","protected":false},"author":4,"featured_media":363003,"comment_status":"open","ping_status":"closed","sticky":false,"template":"","format":"standard","meta":{"om_disable_all_campaigns":false,"jnews-multi-image_gallery":[],"jnews_single_post":[],"jnews_primary_category":[],"jnews_social_meta":[],"footnotes":""},"categories":[40],"tags":[1861],"class_list":["post-363002","post","type-post","status-publish","format-standard","has-post-thumbnail","hentry","category-industria","tag-vacaciones"],"_links":{"self":[{"href":"https:\/\/dimensionturistica.com\/es\/wp-json\/wp\/v2\/posts\/363002","targetHints":{"allow":["GET"]}}],"collection":[{"href":"https:\/\/dimensionturistica.com\/es\/wp-json\/wp\/v2\/posts"}],"about":[{"href":"https:\/\/dimensionturistica.com\/es\/wp-json\/wp\/v2\/types\/post"}],"author":[{"embeddable":true,"href":"https:\/\/dimensionturistica.com\/es\/wp-json\/wp\/v2\/users\/4"}],"replies":[{"embeddable":true,"href":"https:\/\/dimensionturistica.com\/es\/wp-json\/wp\/v2\/comments?post=363002"}],"version-history":[{"count":0,"href":"https:\/\/dimensionturistica.com\/es\/wp-json\/wp\/v2\/posts\/363002\/revisions"}],"wp:featuredmedia":[{"embeddable":true,"href":"https:\/\/dimensionturistica.com\/es\/wp-json\/wp\/v2\/media\/363003"}],"wp:attachment":[{"href":"https:\/\/dimensionturistica.com\/es\/wp-json\/wp\/v2\/media?parent=363002"}],"wp:term":[{"taxonomy":"category","embeddable":true,"href":"https:\/\/dimensionturistica.com\/es\/wp-json\/wp\/v2\/categories?post=363002"},{"taxonomy":"post_tag","embeddable":true,"href":"https:\/\/dimensionturistica.com\/es\/wp-json\/wp\/v2\/tags?post=363002"}],"curies":[{"name":"wp","href":"https:\/\/api.w.org\/{rel}","templated":true}]}}