{"id":362892,"date":"2022-07-31T08:56:02","date_gmt":"2022-07-31T08:56:02","guid":{"rendered":"https:\/\/dimensionturistica.com\/es\/?p=362892"},"modified":"2022-07-31T08:56:02","modified_gmt":"2022-07-31T08:56:02","slug":"detenido-en-baena-acusado-de-robar-una-agencia-de-viajes-con-danos-por-valor-de-3-000-euros","status":"publish","type":"post","link":"https:\/\/dimensionturistica.com\/es\/detenido-en-baena-acusado-de-robar-una-agencia-de-viajes-con-danos-por-valor-de-3-000-euros\/","title":{"rendered":"Detenido en Baena acusado de robar una agencia de viajes con da\u00f1os por valor de 3.000 euros"},"content":{"rendered":"<p> <br \/>\n<\/p>\n<div>\n<p>La Guardia Civil ha detenido en Baena (C\u00f3rdoba) a un vecino de la localidad de 33 a\u00f1os de edad, &#8220;conocido por sus amplios antecedentes policiales&#8221;, como presunto autor de un delito de robo con fuerza en una agencia de viajes de la localidad a la que supuestamente caus\u00f3 da\u00f1os por valor de 3.000 euros.<\/p>\n<div class=\"ad-slot oat oat-visible oat-top \" data-mark=\"Publicidad\" style=\"height: 115px;\"><a rel=\"nofollow noopener\" target=\"_blank\" href=\"https:\/\/www.cordobahoy.es\/ads\/20191107095839069033\"> <img loading=\"lazy\" decoding=\"async\" src=\"https:\/\/www.cordobahoy.es\/media\/cordobahoy\/images\/2022\/01\/25\/2022012511530483872.gif\" width=\"1140\" height=\"100\" class=\"lazyload\" srcset=\"https:\/\/www.cordobahoy.eshttps:\/\/www.cordobahoy.eshttps:\/\/www.cordobahoy.eshttps:\/\/www.cordobahoy.es\/asset\/thumbnail,https:\/\/www.cordobahoy.es\/480,https:\/\/www.cordobahoy.es\/270,https:\/\/www.cordobahoy.es\/https:\/\/www.cordobahoy.es\/https:\/\/www.cordobahoy.es\/https:\/\/www.cordobahoy.es\/center,https:\/\/www.cordobahoy.es\/https:\/\/www.cordobahoy.es\/https:\/\/www.cordobahoy.es\/https:\/\/www.cordobahoy.es\/center\/\/media\/cordobahoy\/images\/2022\/01\/25\/2022012511530483872.gif https:\/\/www.cordobahoy.es\/480w,https:\/\/www.cordobahoy.eshttps:\/\/www.cordobahoy.eshttps:\/\/www.cordobahoy.eshttps:\/\/www.cordobahoy.es\/asset\/thumbnail,https:\/\/www.cordobahoy.es\/768,https:\/\/www.cordobahoy.es\/432,https:\/\/www.cordobahoy.es\/https:\/\/www.cordobahoy.es\/https:\/\/www.cordobahoy.es\/https:\/\/www.cordobahoy.es\/center,https:\/\/www.cordobahoy.es\/https:\/\/www.cordobahoy.es\/https:\/\/www.cordobahoy.es\/https:\/\/www.cordobahoy.es\/center\/\/media\/cordobahoy\/images\/2022\/01\/25\/2022012511530483872.gif https:\/\/www.cordobahoy.es\/768w,https:\/\/www.cordobahoy.eshttps:\/\/www.cordobahoy.eshttps:\/\/www.cordobahoy.eshttps:\/\/www.cordobahoy.es\/asset\/thumbnail,https:\/\/www.cordobahoy.es\/992,https:\/\/www.cordobahoy.es\/558,https:\/\/www.cordobahoy.es\/https:\/\/www.cordobahoy.es\/https:\/\/www.cordobahoy.es\/https:\/\/www.cordobahoy.es\/center,https:\/\/www.cordobahoy.es\/https:\/\/www.cordobahoy.es\/https:\/\/www.cordobahoy.es\/https:\/\/www.cordobahoy.es\/center\/\/media\/cordobahoy\/images\/2022\/01\/25\/2022012511530483872.gif https:\/\/www.cordobahoy.es\/992w,https:\/\/www.cordobahoy.eshttps:\/\/www.cordobahoy.eshttps:\/\/www.cordobahoy.eshttps:\/\/www.cordobahoy.es\/asset\/thumbnail,https:\/\/www.cordobahoy.es\/1280,https:\/\/www.cordobahoy.es\/720,https:\/\/www.cordobahoy.es\/https:\/\/www.cordobahoy.es\/https:\/\/www.cordobahoy.es\/https:\/\/www.cordobahoy.es\/center,https:\/\/www.cordobahoy.es\/https:\/\/www.cordobahoy.es\/https:\/\/www.cordobahoy.es\/https:\/\/www.cordobahoy.es\/center\/\/media\/cordobahoy\/images\/2022\/01\/25\/2022012511530483872.gif https:\/\/www.cordobahoy.es\/1280w\" sizes=\"auto, (max-width: 480px) 480px, (max-width: 768px) 768px, (max-width: 992px) 992px, 1280px\"\/> <\/a><\/div>\n<p>Seg\u00fan ha informado la Benem\u00e9rita en un comunicado, tuvo conocimiento el pasado d\u00eda 13 de julio, a trav\u00e9s de un aviso recibido en el Puesto Principal de Baena, sobre que se hab\u00eda cometido un robo con fuerza en una agencia donde alguien hab\u00eda accedido al inside del establecimiento forzando uno de los accesos, y se sustrajo una caja de caudales con 220 euros en monedas y billetes fraccionados, ascendiendo el valor de los da\u00f1os causados a unos 3.000 euros.<\/p>\n<p>Inmediatamente, la Guardia Civil se traslad\u00f3 al lugar indicado y tras comprobar lo denunciado, iniciaron gestiones para la identificaci\u00f3n, localizaci\u00f3n y detenci\u00f3n del supuesto autor, as\u00ed como para la recuperaci\u00f3n del dinero sustra\u00eddo.<\/p>\n<div class=\"ad-slot oat oat-visible oat-top \" data-mark=\"Publicidad\" style=\"height: 115px;\"><a rel=\"nofollow noopener\" target=\"_blank\" href=\"https:\/\/www.cordobahoy.es\/ads\/20200218090853074294\"> <img loading=\"lazy\" decoding=\"async\" src=\"https:\/\/www.cordobahoy.es\/media\/cordobahoy\/images\/2022\/07\/18\/2022071818132318258.gif\" width=\"620\" height=\"100\" class=\"lazyload\" srcset=\"https:\/\/www.cordobahoy.eshttps:\/\/www.cordobahoy.eshttps:\/\/www.cordobahoy.eshttps:\/\/www.cordobahoy.es\/asset\/thumbnail,https:\/\/www.cordobahoy.es\/480,https:\/\/www.cordobahoy.es\/270,https:\/\/www.cordobahoy.es\/https:\/\/www.cordobahoy.es\/https:\/\/www.cordobahoy.es\/https:\/\/www.cordobahoy.es\/center,https:\/\/www.cordobahoy.es\/https:\/\/www.cordobahoy.es\/https:\/\/www.cordobahoy.es\/https:\/\/www.cordobahoy.es\/center\/\/media\/cordobahoy\/images\/2022\/07\/18\/2022071818132318258.gif https:\/\/www.cordobahoy.es\/480w,https:\/\/www.cordobahoy.eshttps:\/\/www.cordobahoy.eshttps:\/\/www.cordobahoy.eshttps:\/\/www.cordobahoy.es\/asset\/thumbnail,https:\/\/www.cordobahoy.es\/768,https:\/\/www.cordobahoy.es\/432,https:\/\/www.cordobahoy.es\/https:\/\/www.cordobahoy.es\/https:\/\/www.cordobahoy.es\/https:\/\/www.cordobahoy.es\/center,https:\/\/www.cordobahoy.es\/https:\/\/www.cordobahoy.es\/https:\/\/www.cordobahoy.es\/https:\/\/www.cordobahoy.es\/center\/\/media\/cordobahoy\/images\/2022\/07\/18\/2022071818132318258.gif https:\/\/www.cordobahoy.es\/768w,https:\/\/www.cordobahoy.eshttps:\/\/www.cordobahoy.eshttps:\/\/www.cordobahoy.eshttps:\/\/www.cordobahoy.es\/asset\/thumbnail,https:\/\/www.cordobahoy.es\/992,https:\/\/www.cordobahoy.es\/558,https:\/\/www.cordobahoy.es\/https:\/\/www.cordobahoy.es\/https:\/\/www.cordobahoy.es\/https:\/\/www.cordobahoy.es\/center,https:\/\/www.cordobahoy.es\/https:\/\/www.cordobahoy.es\/https:\/\/www.cordobahoy.es\/https:\/\/www.cordobahoy.es\/center\/\/media\/cordobahoy\/images\/2022\/07\/18\/2022071818132318258.gif https:\/\/www.cordobahoy.es\/992w,https:\/\/www.cordobahoy.eshttps:\/\/www.cordobahoy.eshttps:\/\/www.cordobahoy.eshttps:\/\/www.cordobahoy.es\/asset\/thumbnail,https:\/\/www.cordobahoy.es\/1280,https:\/\/www.cordobahoy.es\/720,https:\/\/www.cordobahoy.es\/https:\/\/www.cordobahoy.es\/https:\/\/www.cordobahoy.es\/https:\/\/www.cordobahoy.es\/center,https:\/\/www.cordobahoy.es\/https:\/\/www.cordobahoy.es\/https:\/\/www.cordobahoy.es\/https:\/\/www.cordobahoy.es\/center\/\/media\/cordobahoy\/images\/2022\/07\/18\/2022071818132318258.gif https:\/\/www.cordobahoy.es\/1280w\" sizes=\"auto, (max-width: 480px) 480px, (max-width: 768px) 768px, (max-width: 992px) 992px, 1280px\"\/> <\/a><\/div>\n<p>La inspecci\u00f3n efectuada en el inside del native unida a los datos aportados en la denuncia han permitido obtener indicios suficientes de la implicaci\u00f3n en los hechos de un vecino de la localidad de 33 con antecedentes policiales.<\/p>\n<p>Tras la identificaci\u00f3n del presunto autor por parte de los agentes, se ha procedido a la b\u00fasqueda, identificaci\u00f3n y posterior detenci\u00f3n del mismo, hecho que se ha llevado a efecto en fechas recientes. Tanto el detenido y como las diligencias instruidas han sido puestas a disposici\u00f3n de la Autoridad Judicial.<\/p>\n<div class=\"ad-slot oat oat-visible oat-top \" data-mark=\"Publicidad\" style=\"height: 115px;\"><a rel=\"nofollow noopener\" target=\"_blank\" href=\"https:\/\/www.cordobahoy.es\/ads\/20200330111057076354\"> <img loading=\"lazy\" decoding=\"async\" src=\"https:\/\/www.cordobahoy.es\/media\/cordobahoy\/images\/2022\/05\/19\/2022051913410834799.gif\" width=\"620\" height=\"100\" class=\"lazyload\" srcset=\"https:\/\/www.cordobahoy.eshttps:\/\/www.cordobahoy.eshttps:\/\/www.cordobahoy.eshttps:\/\/www.cordobahoy.es\/asset\/thumbnail,https:\/\/www.cordobahoy.es\/480,https:\/\/www.cordobahoy.es\/270,https:\/\/www.cordobahoy.es\/https:\/\/www.cordobahoy.es\/https:\/\/www.cordobahoy.es\/https:\/\/www.cordobahoy.es\/center,https:\/\/www.cordobahoy.es\/https:\/\/www.cordobahoy.es\/https:\/\/www.cordobahoy.es\/https:\/\/www.cordobahoy.es\/center\/\/media\/cordobahoy\/images\/2022\/05\/19\/2022051913410834799.gif https:\/\/www.cordobahoy.es\/480w,https:\/\/www.cordobahoy.eshttps:\/\/www.cordobahoy.eshttps:\/\/www.cordobahoy.eshttps:\/\/www.cordobahoy.es\/asset\/thumbnail,https:\/\/www.cordobahoy.es\/768,https:\/\/www.cordobahoy.es\/432,https:\/\/www.cordobahoy.es\/https:\/\/www.cordobahoy.es\/https:\/\/www.cordobahoy.es\/https:\/\/www.cordobahoy.es\/center,https:\/\/www.cordobahoy.es\/https:\/\/www.cordobahoy.es\/https:\/\/www.cordobahoy.es\/https:\/\/www.cordobahoy.es\/center\/\/media\/cordobahoy\/images\/2022\/05\/19\/2022051913410834799.gif https:\/\/www.cordobahoy.es\/768w,https:\/\/www.cordobahoy.eshttps:\/\/www.cordobahoy.eshttps:\/\/www.cordobahoy.eshttps:\/\/www.cordobahoy.es\/asset\/thumbnail,https:\/\/www.cordobahoy.es\/992,https:\/\/www.cordobahoy.es\/558,https:\/\/www.cordobahoy.es\/https:\/\/www.cordobahoy.es\/https:\/\/www.cordobahoy.es\/https:\/\/www.cordobahoy.es\/center,https:\/\/www.cordobahoy.es\/https:\/\/www.cordobahoy.es\/https:\/\/www.cordobahoy.es\/https:\/\/www.cordobahoy.es\/center\/\/media\/cordobahoy\/images\/2022\/05\/19\/2022051913410834799.gif https:\/\/www.cordobahoy.es\/992w,https:\/\/www.cordobahoy.eshttps:\/\/www.cordobahoy.eshttps:\/\/www.cordobahoy.eshttps:\/\/www.cordobahoy.es\/asset\/thumbnail,https:\/\/www.cordobahoy.es\/1280,https:\/\/www.cordobahoy.es\/720,https:\/\/www.cordobahoy.es\/https:\/\/www.cordobahoy.es\/https:\/\/www.cordobahoy.es\/https:\/\/www.cordobahoy.es\/center,https:\/\/www.cordobahoy.es\/https:\/\/www.cordobahoy.es\/https:\/\/www.cordobahoy.es\/https:\/\/www.cordobahoy.es\/center\/\/media\/cordobahoy\/images\/2022\/05\/19\/2022051913410834799.gif https:\/\/www.cordobahoy.es\/1280w\" sizes=\"auto, (max-width: 480px) 480px, (max-width: 768px) 768px, (max-width: 992px) 992px, 1280px\"\/> <\/a><\/div>\n<\/div>\n\n<p><em> &#8221; Fuentes www.cordobahoy.es &#8221; <\/em><\/p>\n","protected":false},"excerpt":{"rendered":"<p>La Guardia Civil ha detenido en Baena (C\u00f3rdoba) a un vecino de la localidad de 33 a\u00f1os de edad, &#8220;conocido por sus amplios antecedentes policiales&#8221;, como presunto autor de un delito de robo con fuerza en una agencia de viajes de la localidad a la que supuestamente caus\u00f3 da\u00f1os por valor de 3.000 euros. Seg\u00fan [&hellip;]<\/p>\n","protected":false},"author":4,"featured_media":362893,"comment_status":"open","ping_status":"closed","sticky":false,"template":"","format":"standard","meta":{"om_disable_all_campaigns":false,"jnews-multi-image_gallery":[],"jnews_single_post":[],"jnews_primary_category":[],"jnews_social_meta":[],"footnotes":""},"categories":[40],"tags":[558],"class_list":["post-362892","post","type-post","status-publish","format-standard","has-post-thumbnail","hentry","category-industria","tag-cordoba"],"_links":{"self":[{"href":"https:\/\/dimensionturistica.com\/es\/wp-json\/wp\/v2\/posts\/362892","targetHints":{"allow":["GET"]}}],"collection":[{"href":"https:\/\/dimensionturistica.com\/es\/wp-json\/wp\/v2\/posts"}],"about":[{"href":"https:\/\/dimensionturistica.com\/es\/wp-json\/wp\/v2\/types\/post"}],"author":[{"embeddable":true,"href":"https:\/\/dimensionturistica.com\/es\/wp-json\/wp\/v2\/users\/4"}],"replies":[{"embeddable":true,"href":"https:\/\/dimensionturistica.com\/es\/wp-json\/wp\/v2\/comments?post=362892"}],"version-history":[{"count":0,"href":"https:\/\/dimensionturistica.com\/es\/wp-json\/wp\/v2\/posts\/362892\/revisions"}],"wp:featuredmedia":[{"embeddable":true,"href":"https:\/\/dimensionturistica.com\/es\/wp-json\/wp\/v2\/media\/362893"}],"wp:attachment":[{"href":"https:\/\/dimensionturistica.com\/es\/wp-json\/wp\/v2\/media?parent=362892"}],"wp:term":[{"taxonomy":"category","embeddable":true,"href":"https:\/\/dimensionturistica.com\/es\/wp-json\/wp\/v2\/categories?post=362892"},{"taxonomy":"post_tag","embeddable":true,"href":"https:\/\/dimensionturistica.com\/es\/wp-json\/wp\/v2\/tags?post=362892"}],"curies":[{"name":"wp","href":"https:\/\/api.w.org\/{rel}","templated":true}]}}