{"id":362742,"date":"2022-07-30T22:58:03","date_gmt":"2022-07-30T22:58:03","guid":{"rendered":"https:\/\/dimensionturistica.com\/es\/?p=362742"},"modified":"2022-07-30T22:58:04","modified_gmt":"2022-07-30T22:58:04","slug":"playas-espanolas-cerca-de-casa-y-sin-salir-de-europa-asi-viajan-los","status":"publish","type":"post","link":"https:\/\/dimensionturistica.com\/es\/playas-espanolas-cerca-de-casa-y-sin-salir-de-europa-asi-viajan-los\/","title":{"rendered":"Playas espa\u00f1olas, cerca de casa y sin salir de Europa. As\u00ed viajan los&#8230;"},"content":{"rendered":"<p> <br \/>\n<\/p>\n<div>\n<p>El verano ha llegado y la temporada vacacional se presenta con un gran optimismo tras los a\u00f1os previos a medio fuel provocados por la pandemia. La appreciable reducci\u00f3n de las restricciones, acompa\u00f1ada\u00a0por las ganas de ocio y disfrute que arrastra\u00a0la poblaci\u00f3n desde 2020, han provocado que este verano de 2022 se presente como <a rel=\"nofollow noopener\" target=\"_blank\" href=\"https:\/\/www.diariodeleon.es\/articulo\/leon\/turismo-familiar-busca-nuevos-modelos-mueve-cada-vez-mas-caravana\/202206151218512231025.html\">un punto de inflexi\u00f3n para aproximar el turismo de nuevo a lo que fue en el pasado<\/a>.<\/p>\n<p>A nivel nacional, <a rel=\"nofollow noopener\" target=\"_blank\" href=\"https:\/\/www.diariodeleon.es\/articulo\/economia\/turismo-verano-record-precios-nubes\/202207110336552238806.html\">se espera que 2022 deje en el sector hotelero un crecimiento del 70%<\/a> con respecto al ejercicio anterior, seg\u00fan un informe emitido por la empresa de comercio conversacional CM.com.<\/p>\n<p>En Le\u00f3n, los movimientos tur\u00edsticos, tanto de salida como de recepci\u00f3n, muestran una temporada estival prometedora. A pesar de <a rel=\"nofollow noopener\" target=\"_blank\" href=\"https:\/\/www.diariodeleon.es\/articulo\/leon\/efecto-champan-turismo-pierde-fuerza-verano-leones\/202207072143352237588.html\">la gran subida de precios generalizada<\/a> que se ha sufrido este a\u00f1o, las previsiones apuntan a que se apuesta\u00a0por un \u00abturismo de venganza\u00bb, denominaci\u00f3n que acu\u00f1\u00f3 el diario <i>The Economist<\/i> para referirse a la forma de afrontar las vacaciones \u00abcomo si fuese el \u00faltimo verano de nuestras vidas\u00bb, primando as\u00ed la calidad al gasto.<\/p>\n<p>Desde las agencias de viajes de la ciudad secundan esta concept y afirman que est\u00e1n apreciando <a rel=\"nofollow noopener\" target=\"_blank\" href=\"https:\/\/www.diariodeleon.es\/articulo\/leon\/turismo-congresos-genera-ingresos-mas-85-mE-solo-primera-mitad-ano\/202206170334062231613.html\">una tendencia al alza en las salidas de los leoneses<\/a>, copada especialmente durante estos meses por familias y parejas que aprovechan el periodo de descanso del calendario escolar para realizar una salida.<\/p>\n<p>Este p\u00fablico, aseguran, sigue evitando a\u00fan destinos demasiado ex\u00f3ticos y se decanta principalmente por un turismo de proximidad a destinos de costa nacionales, centrado sobre todo en las islas. Este inter\u00e9s, adem\u00e1s de darse por las buenas condiciones clim\u00e1ticas y la b\u00fasqueda de zonas tur\u00edsticas con amplia oferta de actividades y servicios, tiene su principal atractivo en la existencia de vuelos directos desde el Aeropuerto de La Virgen del Camino, que este a\u00f1o ha ampliado su cartera de servicios y enlaza con\u00a0M\u00e1laga, Mallorca, Ibiza, Menorca, Barcelona y Gran Canaria.<\/p>\n<figure class=\"image ckeditor-image\" style=\"max-width: 100%; width: 720px;\"><img loading=\"lazy\" decoding=\"async\" width=\"720\" height=\"405\" alt=\"DSC06111_19393480_med (1)\" src=\"https:\/\/www.diariodeleon.es\/media\/diariodeleon\/images\/2022\/07\/30\/2022073013453857287.jpg\" class=\"lazyload\" srcset=\"https:\/\/www.diariodeleon.eshttps:\/\/www.diariodeleon.es\/asset\/thumbnail,https:\/\/www.diariodeleon.es\/480,https:\/\/www.diariodeleon.es\/270,https:\/\/www.diariodeleon.es\/https:\/\/www.diariodeleon.es\/center,https:\/\/www.diariodeleon.es\/https:\/\/www.diariodeleon.es\/center\/\/media\/diariodeleon\/images\/2022\/07\/30\/2022073013453857287.jpg https:\/\/www.diariodeleon.es\/480w,https:\/\/www.diariodeleon.eshttps:\/\/www.diariodeleon.es\/asset\/thumbnail,https:\/\/www.diariodeleon.es\/768,https:\/\/www.diariodeleon.es\/432,https:\/\/www.diariodeleon.es\/https:\/\/www.diariodeleon.es\/center,https:\/\/www.diariodeleon.es\/https:\/\/www.diariodeleon.es\/center\/\/media\/diariodeleon\/images\/2022\/07\/30\/2022073013453857287.jpg https:\/\/www.diariodeleon.es\/768w\" sizes=\"auto, (max-width: 480px) 480px, 768px\"\/><figcaption><strong>Turistas fotografi\u00e1ndose frente a la Catedral de Le\u00f3n. <\/strong>MIGUEL F. B.<\/figcaption><\/figure>\n<h2>Opciones<\/h2>\n<p>Oracio Loaiza y M\u00f3nica Orozco, son muestra de ello. Colombianos afincados en Le\u00f3n, este verano decidieron aprovechar sus vacaciones para realizar un crucero por el Mediterr\u00e1neo, otra de las opciones vacacionales de gran \u00e9xito, con salida en Barcelona, y para llegar a la Ciudad Condal no dudaron en aprovecharse de los servicios del aeropuerto leon\u00e9s. \u00abAntes de la pandemia aprovech\u00e1bamos cualquier descanso para volver a Colombia pero con la llegada del covid tuvimos que renunciar a ello\u00bb, explica Loaiza. Ahora apuestan por un turismo internacional pero organizado y por Europa para evitar contratiempos, una decisi\u00f3n que comparten con muchas otras personas seg\u00fan las tendencias que reflejan desde las agencias de viaje leonesas.<\/p>\n<p>Por su parte, las zonas de playa de Europa, como Grecia o la costa italiana tambi\u00e9n resultan atractivas para los turistas provenientes de Le\u00f3n, aunque en menor medida. En basic, seg\u00fan explican los profesionales del sector, el turismo al extranjero a\u00fan no ha recuperado su nivel previo a la pandemia ya que, aunque las restricciones han disminu\u00eddo considerablemente, sigue existiendo un cierto miedo al contagio as\u00ed como a problemas administrativos derivados de las restricciones variables en cada pa\u00eds.<\/p>\n<blockquote>\n<p><strong>Estancias cortas<\/strong><\/p>\n<p>Los visitantes de Castilla y Le\u00f3n vienen para visitas breves y son de mediana edad<\/p>\n<\/blockquote>\n<p>Por ello, seg\u00fan cuentan desde una de las oficinas de Agencias de Viajes El Corte Ingl\u00e9s en Le\u00f3n, las zonas de Asia o el Caribe, que antes presentaban un gran p\u00fablico, est\u00e1n considerablemente paradas a\u00fan este 2022. Lo que s\u00ed destacan desde varios puntos de venta de vacaciones es que Egipto se consolida como un destino fetiche para los leoneses. Adem\u00e1s de su atractivo, esto tambi\u00e9n se debe, de nuevo, a que se ofertan viajes completamente organizados con salida directa desde Le\u00f3n a Luxor, lo que facilita mucho el viaje a los interesados y lo convierte en una opci\u00f3n \u00abex\u00f3tica y c\u00f3moda\u00bb a partes iguales. A pesar de su \u00e9xito, seg\u00fan explican, estos vuelos internacionales especiales tienen una frecuencia muy reducida y suelen fletarse cada dos o tres meses aproximadamente, consiguiendo casi siempre un lleno de sus plazas disponibles.<\/p>\n<p>En cuanto a las tendencias tur\u00edsticas de la poblaci\u00f3n m\u00e1s joven, se sigue observando que este grupo se decanta por destinos de proximidad, a las costas del norte principalmente y con gran presencia de zonas de acampada en la naturaleza. Adem\u00e1s, la poblaci\u00f3n de este rango de edad busca destinos que aporten experiencias. Por ello, los festivales de m\u00fasica se mantienen un a\u00f1o m\u00e1s como una de las formas de ocio principales para ellos y llevan a los j\u00f3venes de gira por el territorio nacional en busca de buena m\u00fasica.<\/p>\n<h2>Le\u00f3n, destino favorito<\/h2>\n<p>En cuanto a Le\u00f3n como ciudad receptora de turismo, <a rel=\"nofollow noopener\" target=\"_blank\" href=\"https:\/\/www.diariodeleon.es\/articulo\/economia\/verano-como-antes\/202206301441332235497.html\">la perspectiva es muy positiva<\/a>. Seg\u00fan datos de junio del \u00faltimo bolet\u00edn de Coyuntura Tur\u00edstica emitido por la Junta de Castilla y Le\u00f3n, la provincia se alz\u00f3 como la principal receptora de turistas, acumulando el 20% del whole de la comunidad.<\/p>\n<p>El mes pasado recibi\u00f3 a 148.347 viajeros, de los cuales la mayor\u00eda, 97.057 fueron espa\u00f1oles y 51.290 extranjeros. Adem\u00e1s, estas cifras mostraron <a rel=\"nofollow noopener\" target=\"_blank\" href=\"https:\/\/www.diariodeleon.es\/articulo\/leon\/agencias-viaje-centran-leon-como-destino-internacional\/202111040333312160375.html\">un esperanzador crecimiento <\/a>que demuestra que los niveles de turismos que se registraban antes de la pandemia est\u00e1n cada vez m\u00e1s cerca. Con respecto al a\u00f1o pasado, el n\u00famero de visitantes en junio aument\u00f3 un 126,94%.<\/p>\n<p>Recientemente, el director Normal de Turismo de la Junta de Castilla y Le\u00f3n situ\u00f3 el perfil del visitante de la comunidad como una persona entre 35 y 54 a\u00f1os, con un nivel socioecon\u00f3mico medio alto y que realizar\u00e1 una estancia breve. A esta descripci\u00f3n bien podr\u00edan corresponderse Margarita Barcel\u00f3 y Abelardo Marcos, un matrimonio salmantino que, aprovechando su breve estancia en el Bierzo, decidieron visitar los principales monumentos de la ciudad de Le\u00f3n.<\/p>\n<p><strong>Le\u00f3n a la cabeza<\/strong><\/p>\n<blockquote>\n<p>La provincia acumula gran parte de las visitas totales a la comunidad en junio<\/p>\n<\/blockquote>\n<p>\u00abTen\u00edamos unos d\u00edas libres y quer\u00edamos hacer turismo dentro de la provincia de Le\u00f3n y entre ello quer\u00edamos ver la capital\u00bb, cuentan. Sobre si la pandemia provoc\u00f3 grandes cambios en sus h\u00e1bitos vacacionales, Barcel\u00f3 y Marcos explican que no afect\u00f3 tanto al tipo de destinos que visitar pero s\u00ed a las salidas que hac\u00edan \u00abal extranjero no sol\u00edamos ir porque consideramos que hay mucho que ver aqu\u00ed, a\u00fan as\u00ed es cierto que con el covid dejamos de viajar pero ya vuelve todo a la normalidad\u00bb.explica el matrimonio.<\/p>\n<\/div>\n\n<p><em> &#8221; Fuentes www.diariodeleon.es &#8221; <\/em><\/p>\n","protected":false},"excerpt":{"rendered":"<p>El verano ha llegado y la temporada vacacional se presenta con un gran optimismo tras los a\u00f1os previos a medio fuel provocados por la pandemia. La appreciable reducci\u00f3n de las restricciones, acompa\u00f1ada\u00a0por las ganas de ocio y disfrute que arrastra\u00a0la poblaci\u00f3n desde 2020, han provocado que este verano de 2022 se presente como un punto [&hellip;]<\/p>\n","protected":false},"author":4,"featured_media":362743,"comment_status":"open","ping_status":"closed","sticky":false,"template":"","format":"standard","meta":{"om_disable_all_campaigns":false,"jnews-multi-image_gallery":[],"jnews_single_post":[],"jnews_primary_category":[],"jnews_social_meta":[],"footnotes":""},"categories":[40],"tags":[50580,544],"class_list":["post-362742","post","type-post","status-publish","format-standard","has-post-thumbnail","hentry","category-industria","tag-donde-viajan-los-leoneses","tag-turismo"],"_links":{"self":[{"href":"https:\/\/dimensionturistica.com\/es\/wp-json\/wp\/v2\/posts\/362742","targetHints":{"allow":["GET"]}}],"collection":[{"href":"https:\/\/dimensionturistica.com\/es\/wp-json\/wp\/v2\/posts"}],"about":[{"href":"https:\/\/dimensionturistica.com\/es\/wp-json\/wp\/v2\/types\/post"}],"author":[{"embeddable":true,"href":"https:\/\/dimensionturistica.com\/es\/wp-json\/wp\/v2\/users\/4"}],"replies":[{"embeddable":true,"href":"https:\/\/dimensionturistica.com\/es\/wp-json\/wp\/v2\/comments?post=362742"}],"version-history":[{"count":0,"href":"https:\/\/dimensionturistica.com\/es\/wp-json\/wp\/v2\/posts\/362742\/revisions"}],"wp:featuredmedia":[{"embeddable":true,"href":"https:\/\/dimensionturistica.com\/es\/wp-json\/wp\/v2\/media\/362743"}],"wp:attachment":[{"href":"https:\/\/dimensionturistica.com\/es\/wp-json\/wp\/v2\/media?parent=362742"}],"wp:term":[{"taxonomy":"category","embeddable":true,"href":"https:\/\/dimensionturistica.com\/es\/wp-json\/wp\/v2\/categories?post=362742"},{"taxonomy":"post_tag","embeddable":true,"href":"https:\/\/dimensionturistica.com\/es\/wp-json\/wp\/v2\/tags?post=362742"}],"curies":[{"name":"wp","href":"https:\/\/api.w.org\/{rel}","templated":true}]}}