{"id":362240,"date":"2022-07-29T18:19:38","date_gmt":"2022-07-29T18:19:38","guid":{"rendered":"https:\/\/dimensionturistica.com\/es\/?p=362240"},"modified":"2022-07-29T18:19:38","modified_gmt":"2022-07-29T18:19:38","slug":"aeromar-firma-convenio-de-colaboracion-con-conexstur","status":"publish","type":"post","link":"https:\/\/dimensionturistica.com\/es\/aeromar-firma-convenio-de-colaboracion-con-conexstur\/","title":{"rendered":"Aeromar firma convenio de colaboraci\u00f3n con CONEXSTUR"},"content":{"rendered":"<p>Aeromar refuerza su compromiso de conectar a M\u00e9xico y unir historias ahora a nivel internacional con su nueva alianza estrat\u00e9gica con el Consejo Nacional de Exportadores de Servicios Tur\u00edsticos.<br \/>\nEsta alianza tiene como objetivo principal promocionar a nivel nacional e internacional la marca \u201cAeromar\u201d a trav\u00e9s de los canales y redes de distribuci\u00f3n de CONEXSTUR y sus socios, enfocando el esfuerzo en las riquezas que posee.<br \/>\n\u201cEl Sector Tur\u00edstico en M\u00e9xico es uno de los motores econ\u00f3micos m\u00e1s importantes, consideramos que un destino tur\u00edstico no se puede promocionar por s\u00ed solo, se requiere de la conectividad con otros pa\u00edses,<img decoding=\"async\" class=\" wp-image-362253 alignright\" src=\"https:\/\/dimensionturistica.com\/es\/wp-content\/uploads\/2022\/07\/CONEXTUR-300x70.jpg\" alt=\"\" width=\"532\" height=\"124\" srcset=\"https:\/\/dimensionturistica.com\/es\/wp-content\/uploads\/2022\/07\/CONEXTUR-300x70.jpg 300w, https:\/\/dimensionturistica.com\/es\/wp-content\/uploads\/2022\/07\/CONEXTUR.jpg 474w\" sizes=\"(max-width: 532px) 100vw, 532px\" \/> regiones y ciudades para generar un crecimiento de negocio para los destinos, y Aeromar como l\u00ednea \u00e1rea es muy importante dentro de la cadena de valor.\u201d Mencion\u00f3 Verena Knopp, presidenta de CONEXSTUR.<br \/>\nPor su parte, Juan Ignacio Rossello mencion\u00f3 \u201cen Aeromar seguimos trabajando y apostando a nuevas rutas que apoyar\u00e1n el desarrollo y conexi\u00f3n con los destinos, gracias a esta colaboraci\u00f3n\u201d.<br \/>\nAeromar cumple su promesa de marca de entrega de equipaje y check in en mostradores en menos de 15 minutos.<br \/>\nCon el compromiso de resguardar la salud y bienestar de sus clientes, Aeromar implementa rigurosos protocolos de sanidad que incluyen el uso obligatorio de cubrebocas, as\u00ed como la sanitizaci\u00f3n de espacios comunes, filtros sanitarios, dispensadores de gel antibacterial y respetar la sana distancia.<br \/>\nLos clientes gozar\u00e1n de comodidad y confianza durante su viaje al volar en aeronaves seguras; la flota de ATR de la aerol\u00ednea es la m\u00e1s moderna de M\u00e9xico, y son amigables con el ambiente al optimizar el uso de combustible.<br \/>\nConsulta m\u00e1s<\/p>\n","protected":false},"excerpt":{"rendered":"<p>Aeromar refuerza su compromiso de conectar a M\u00e9xico y unir historias ahora a nivel internacional con su nueva alianza estrat\u00e9gica con el Consejo Nacional de Exportadores de Servicios Tur\u00edsticos. Esta alianza tiene como objetivo principal promocionar a nivel nacional e internacional la marca \u201cAeromar\u201d a trav\u00e9s de los canales y redes de distribuci\u00f3n de CONEXSTUR [&hellip;]<\/p>\n","protected":false},"author":1,"featured_media":362252,"comment_status":"open","ping_status":"closed","sticky":false,"template":"","format":"standard","meta":{"om_disable_all_campaigns":false,"jnews-multi-image_gallery":[],"jnews_single_post":{"source_name":"","source_url":"","via_name":"","via_url":"","override_template":"0","override":[{"template":"1","single_blog_custom":"","parallax":"1","fullscreen":"1","layout":"right-sidebar","sidebar":"default-sidebar","second_sidebar":"default-sidebar","sticky_sidebar":"1","share_position":"top","share_float_style":"share-monocrhome","show_share_counter":"1","show_view_counter":"1","show_featured":"1","show_post_meta":"1","show_post_author":"1","show_post_author_image":"1","show_post_date":"1","post_date_format":"default","post_date_format_custom":"Y\/m\/d","show_post_category":"1","show_post_reading_time":"0","post_reading_time_wpm":"300","show_zoom_button":"0","zoom_button_out_step":"2","zoom_button_in_step":"3","show_post_tag":"1","show_prev_next_post":"1","show_popup_post":"1","number_popup_post":"1","show_author_box":"0","show_post_related":"0","show_inline_post_related":"0"}],"override_image_size":"0","image_override":[{"single_post_thumbnail_size":"crop-500","single_post_gallery_size":"crop-500"}],"trending_post":"0","trending_post_position":"meta","trending_post_label":"Trending","sponsored_post":"0","sponsored_post_label":"Sponsored by","sponsored_post_name":"","sponsored_post_url":"","sponsored_post_logo_enable":"0","sponsored_post_logo":"","sponsored_post_desc":"","disable_ad":"0"},"jnews_primary_category":{"id":""},"jnews_social_meta":{"fb_title":"","fb_description":"","fb_image":"","twitter_title":"","twitter_description":"","twitter_image":""},"footnotes":""},"categories":[40],"tags":[],"class_list":["post-362240","post","type-post","status-publish","format-standard","has-post-thumbnail","hentry","category-industria"],"_links":{"self":[{"href":"https:\/\/dimensionturistica.com\/es\/wp-json\/wp\/v2\/posts\/362240","targetHints":{"allow":["GET"]}}],"collection":[{"href":"https:\/\/dimensionturistica.com\/es\/wp-json\/wp\/v2\/posts"}],"about":[{"href":"https:\/\/dimensionturistica.com\/es\/wp-json\/wp\/v2\/types\/post"}],"author":[{"embeddable":true,"href":"https:\/\/dimensionturistica.com\/es\/wp-json\/wp\/v2\/users\/1"}],"replies":[{"embeddable":true,"href":"https:\/\/dimensionturistica.com\/es\/wp-json\/wp\/v2\/comments?post=362240"}],"version-history":[{"count":0,"href":"https:\/\/dimensionturistica.com\/es\/wp-json\/wp\/v2\/posts\/362240\/revisions"}],"wp:featuredmedia":[{"embeddable":true,"href":"https:\/\/dimensionturistica.com\/es\/wp-json\/wp\/v2\/media\/362252"}],"wp:attachment":[{"href":"https:\/\/dimensionturistica.com\/es\/wp-json\/wp\/v2\/media?parent=362240"}],"wp:term":[{"taxonomy":"category","embeddable":true,"href":"https:\/\/dimensionturistica.com\/es\/wp-json\/wp\/v2\/categories?post=362240"},{"taxonomy":"post_tag","embeddable":true,"href":"https:\/\/dimensionturistica.com\/es\/wp-json\/wp\/v2\/tags?post=362240"}],"curies":[{"name":"wp","href":"https:\/\/api.w.org\/{rel}","templated":true}]}}