{"id":362211,"date":"2022-07-29T17:43:43","date_gmt":"2022-07-29T17:43:43","guid":{"rendered":"https:\/\/dimensionturistica.com\/es\/?p=362211"},"modified":"2022-07-29T17:43:43","modified_gmt":"2022-07-29T17:43:43","slug":"aeromar-inaugura-nuevas-rutas-que-conectan-a-merida-con-chetumal-cozumel-y-la-habana","status":"publish","type":"post","link":"https:\/\/dimensionturistica.com\/es\/aeromar-inaugura-nuevas-rutas-que-conectan-a-merida-con-chetumal-cozumel-y-la-habana\/","title":{"rendered":"Aeromar inaugura nuevas rutas que conectan a M\u00e9rida con Chetumal, Cozumel y La Habana"},"content":{"rendered":"<p>&nbsp;<\/p>\n<p><img decoding=\"async\" class=\"size-medium wp-image-362215 alignright\" src=\"https:\/\/dimensionturistica.com\/es\/wp-content\/uploads\/2022\/07\/CHETUMAL-300x187.jpg\" alt=\"\" width=\"300\" height=\"187\" srcset=\"https:\/\/dimensionturistica.com\/es\/wp-content\/uploads\/2022\/07\/CHETUMAL-300x187.jpg 300w, https:\/\/dimensionturistica.com\/es\/wp-content\/uploads\/2022\/07\/CHETUMAL.jpg 474w\" sizes=\"(max-width: 300px) 100vw, 300px\" \/>Aeromar refuerza su compromiso de conectar destinos con tres nuevas rutas: M\u00e9rida-Chetumal, M\u00e9rida &#8211; Cozumel y M\u00e9rida &#8211; La Habana, de esta manera se sigue ampliando la conexi\u00f3n a\u00e9rea tanto en la ruta Maya, como en vuelos internacionales, facilitando a los pasajeros traslados accesibles a destinos de gran oferta tur\u00edstica.<br \/>\nEstas rutas iniciar\u00e1n operaciones el 21 y 22 de agosto respectivamente, M\u00e9rida-Chetumal con 6 frecuencias semanales, y M\u00e9rida\u2013Cozumel y La Habana con 4 frecuencias semanales.<img decoding=\"async\" class=\"size-medium wp-image-362216 alignright\" src=\"https:\/\/dimensionturistica.com\/es\/wp-content\/uploads\/2022\/07\/COZUMEL-300x200.jpg\" alt=\"\" width=\"300\" height=\"200\" srcset=\"https:\/\/dimensionturistica.com\/es\/wp-content\/uploads\/2022\/07\/COZUMEL-300x200.jpg 300w, https:\/\/dimensionturistica.com\/es\/wp-content\/uploads\/2022\/07\/COZUMEL.jpg 474w\" sizes=\"(max-width: 300px) 100vw, 300px\" \/><br \/>\nLos vuelos de estas rutas nacionales, M\u00e9rida hacia Chetumal o Cozumel, inician con una tarifa promocional desde $799 pesos y la ruta M\u00e9rida-La Habana con una tarifa desde $2,835 pesos, todos en viaje sencillo incluyendo TUA, as\u00ed como un equipaje de mano de hasta 10 kilos. Los boletos est\u00e1n a la venta desde el 25 de julio 2022 a trav\u00e9s de aeromar.mx, app, globalizadores y agencias de viajes.<br \/>\nLas rutas operar\u00e1n con aviones ATR 72-600, el cual tiene una capacidad para 72 pasajeros. Cumpliendo la promesa de marca de entrega de equipaje y check in en mostradores en menos de 15 minutos.<img decoding=\"async\" class=\"size-medium wp-image-362221 alignright\" src=\"https:\/\/dimensionturistica.com\/es\/wp-content\/uploads\/2022\/07\/MERIDA-300x200.jpg\" alt=\"\" width=\"300\" height=\"200\" srcset=\"https:\/\/dimensionturistica.com\/es\/wp-content\/uploads\/2022\/07\/MERIDA-300x200.jpg 300w, https:\/\/dimensionturistica.com\/es\/wp-content\/uploads\/2022\/07\/MERIDA.jpg 474w\" sizes=\"(max-width: 300px) 100vw, 300px\" \/><br \/>\nCon el compromiso de resguardar la salud y bienestar de sus clientes, Aeromar sigue implementando protocolos de sanidad que incluyen el uso obligatorio de cubrebocas, as\u00ed como la sanitizaci\u00f3n de espacios comunes, filtros sanitarios, dispensadores de gel antibacterial y respetar la sana distancia.<br \/>\nLos pasajeros vivir\u00e1n la experiencia de volar con Aeromar, al disfrutar de la comodidad y confianza durante su viaje en aeronaves ATR serie 600, la flota m\u00e1s moderna de M\u00e9xico, los cuales son amigables con el ambiente al optimizar el uso de combustible.<br \/>\nConsulta m\u00e1s informaci\u00f3n en www.aeromar.mx<br \/>\n@AeromarMx<\/p>\n","protected":false},"excerpt":{"rendered":"<p>&nbsp; Aeromar refuerza su compromiso de conectar destinos con tres nuevas rutas: M\u00e9rida-Chetumal, M\u00e9rida &#8211; Cozumel y M\u00e9rida &#8211; La Habana, de esta manera se sigue ampliando la conexi\u00f3n a\u00e9rea tanto en la ruta Maya, como en vuelos internacionales, facilitando a los pasajeros traslados accesibles a destinos de gran oferta tur\u00edstica. Estas rutas iniciar\u00e1n operaciones [&hellip;]<\/p>\n","protected":false},"author":1,"featured_media":362220,"comment_status":"open","ping_status":"closed","sticky":false,"template":"","format":"standard","meta":{"om_disable_all_campaigns":false,"jnews-multi-image_gallery":[],"jnews_single_post":{"source_name":"","source_url":"","via_name":"","via_url":"","override_template":"0","override":[{"template":"1","single_blog_custom":"","parallax":"1","fullscreen":"1","layout":"right-sidebar","sidebar":"default-sidebar","second_sidebar":"default-sidebar","sticky_sidebar":"1","share_position":"top","share_float_style":"share-monocrhome","show_share_counter":"1","show_view_counter":"1","show_featured":"1","show_post_meta":"1","show_post_author":"1","show_post_author_image":"1","show_post_date":"1","post_date_format":"default","post_date_format_custom":"Y\/m\/d","show_post_category":"1","show_post_reading_time":"0","post_reading_time_wpm":"300","show_zoom_button":"0","zoom_button_out_step":"2","zoom_button_in_step":"3","show_post_tag":"1","show_prev_next_post":"1","show_popup_post":"1","number_popup_post":"1","show_author_box":"0","show_post_related":"0","show_inline_post_related":"0"}],"override_image_size":"0","image_override":[{"single_post_thumbnail_size":"crop-500","single_post_gallery_size":"crop-500"}],"trending_post":"0","trending_post_position":"meta","trending_post_label":"Trending","sponsored_post":"0","sponsored_post_label":"Sponsored by","sponsored_post_name":"","sponsored_post_url":"","sponsored_post_logo_enable":"0","sponsored_post_logo":"","sponsored_post_desc":"","disable_ad":"0"},"jnews_primary_category":{"id":""},"jnews_social_meta":{"fb_title":"","fb_description":"","fb_image":"","twitter_title":"","twitter_description":"","twitter_image":""},"footnotes":""},"categories":[39],"tags":[],"class_list":["post-362211","post","type-post","status-publish","format-standard","has-post-thumbnail","hentry","category-viajes"],"_links":{"self":[{"href":"https:\/\/dimensionturistica.com\/es\/wp-json\/wp\/v2\/posts\/362211","targetHints":{"allow":["GET"]}}],"collection":[{"href":"https:\/\/dimensionturistica.com\/es\/wp-json\/wp\/v2\/posts"}],"about":[{"href":"https:\/\/dimensionturistica.com\/es\/wp-json\/wp\/v2\/types\/post"}],"author":[{"embeddable":true,"href":"https:\/\/dimensionturistica.com\/es\/wp-json\/wp\/v2\/users\/1"}],"replies":[{"embeddable":true,"href":"https:\/\/dimensionturistica.com\/es\/wp-json\/wp\/v2\/comments?post=362211"}],"version-history":[{"count":0,"href":"https:\/\/dimensionturistica.com\/es\/wp-json\/wp\/v2\/posts\/362211\/revisions"}],"wp:featuredmedia":[{"embeddable":true,"href":"https:\/\/dimensionturistica.com\/es\/wp-json\/wp\/v2\/media\/362220"}],"wp:attachment":[{"href":"https:\/\/dimensionturistica.com\/es\/wp-json\/wp\/v2\/media?parent=362211"}],"wp:term":[{"taxonomy":"category","embeddable":true,"href":"https:\/\/dimensionturistica.com\/es\/wp-json\/wp\/v2\/categories?post=362211"},{"taxonomy":"post_tag","embeddable":true,"href":"https:\/\/dimensionturistica.com\/es\/wp-json\/wp\/v2\/tags?post=362211"}],"curies":[{"name":"wp","href":"https:\/\/api.w.org\/{rel}","templated":true}]}}