{"id":362181,"date":"2022-07-29T17:08:04","date_gmt":"2022-07-29T17:08:04","guid":{"rendered":"https:\/\/dimensionturistica.com\/es\/?p=362181"},"modified":"2022-07-29T17:08:04","modified_gmt":"2022-07-29T17:08:04","slug":"recibe-cholula-a-ruralya-primera-expo-de-turismo-rural-y-de-aventura","status":"publish","type":"post","link":"https:\/\/dimensionturistica.com\/es\/recibe-cholula-a-ruralya-primera-expo-de-turismo-rural-y-de-aventura\/","title":{"rendered":"Recibe Cholula a \u201cRuralyA\u201d, primera expo de Turismo Rural y de Aventura"},"content":{"rendered":"<p><img decoding=\"async\" class=\"size-medium wp-image-362189 alignright\" src=\"https:\/\/dimensionturistica.com\/es\/wp-content\/uploads\/2022\/07\/unnamed-2-17-300x200.jpg\" alt=\"\" width=\"300\" height=\"200\" srcset=\"https:\/\/dimensionturistica.com\/es\/wp-content\/uploads\/2022\/07\/unnamed-2-17-300x200.jpg 300w, https:\/\/dimensionturistica.com\/es\/wp-content\/uploads\/2022\/07\/unnamed-2-17-1024x682.jpg 1024w, https:\/\/dimensionturistica.com\/es\/wp-content\/uploads\/2022\/07\/unnamed-2-17-768x512.jpg 768w, https:\/\/dimensionturistica.com\/es\/wp-content\/uploads\/2022\/07\/unnamed-2-17-750x500.jpg 750w, https:\/\/dimensionturistica.com\/es\/wp-content\/uploads\/2022\/07\/unnamed-2-17-1140x760.jpg 1140w, https:\/\/dimensionturistica.com\/es\/wp-content\/uploads\/2022\/07\/unnamed-2-17.jpg 1280w\" sizes=\"(max-width: 300px) 100vw, 300px\" \/>Los d\u00edas 30 y 31 de julio el Parque Intermunicipal de San Andr\u00e9s Cholula ser\u00e1 sede de la primera edici\u00f3n de \u201cRuralyA\u201d, expo de Turismo Rural y de Aventura, espacio en el que participar\u00e1n 29 municipios con vocaci\u00f3n tur\u00edstica, adem\u00e1s de siete Pueblos M\u00e1gicos, 27 agentes de Turismo Rural y 25 artesanos de seis municipios, inform\u00f3 el responsable del \u00e1rea de Turismo Rural en la Secretar\u00eda, Miguel \u00c1ngel Andrade.<br \/>\nManifest\u00f3 que el objetivo de esta actividad, adem\u00e1s de promover los atractivos del estado, es fortalecer a los agentes de turismo rural y de aventura, para ello est\u00e1n programadas conferencias, paneles, n\u00fameros culturales, ofertas y promociones de los agentes participantes, as\u00ed como de sensoramas de caf\u00e9 y mezcal para promoci\u00f3n de las rutas.<img decoding=\"async\" class=\"size-medium wp-image-362190 alignright\" src=\"https:\/\/dimensionturistica.com\/es\/wp-content\/uploads\/2022\/07\/unnamed-1-25-300x200.jpg\" alt=\"\" width=\"300\" height=\"200\" srcset=\"https:\/\/dimensionturistica.com\/es\/wp-content\/uploads\/2022\/07\/unnamed-1-25-300x200.jpg 300w, https:\/\/dimensionturistica.com\/es\/wp-content\/uploads\/2022\/07\/unnamed-1-25-1024x682.jpg 1024w, https:\/\/dimensionturistica.com\/es\/wp-content\/uploads\/2022\/07\/unnamed-1-25-768x512.jpg 768w, https:\/\/dimensionturistica.com\/es\/wp-content\/uploads\/2022\/07\/unnamed-1-25-750x500.jpg 750w, https:\/\/dimensionturistica.com\/es\/wp-content\/uploads\/2022\/07\/unnamed-1-25-1140x760.jpg 1140w, https:\/\/dimensionturistica.com\/es\/wp-content\/uploads\/2022\/07\/unnamed-1-25.jpg 1280w\" sizes=\"(max-width: 300px) 100vw, 300px\" \/><br \/>\nDurante su intervenci\u00f3n, la secretaria de Turismo, Marta Ornelas Guerrero destac\u00f3 que despu\u00e9s del confinamiento obligado por la pandemia de COVID-19, las tendencias de turismo han migrado hacia actividades al aire libre y, sobre todo, sitios que ofrezcan experiencias completas a los visitantes.<br \/>\nLa directora general de Patrimonio Cultural de la Secretar\u00eda de Cultura, Daniela Calder\u00f3n Porter confirm\u00f3 que artesanos de seis municipios ofrecer\u00e1n productos textiles, de palma, papel, cart\u00f3n, madera y joyer\u00eda, entre otros.<br \/>\nLas actividades est\u00e1n programadas de 10:00 a 19:00 horas, la cartelera completa se puede consultar en la p\u00e1gina visitpuebla.mx.<br \/>\n\u00a1Si tienes ganas de aventuras, entonces &#8220;Tienes Ganas de Puebla&#8221;!<\/p>\n","protected":false},"excerpt":{"rendered":"<p>Los d\u00edas 30 y 31 de julio el Parque Intermunicipal de San Andr\u00e9s Cholula ser\u00e1 sede de la primera edici\u00f3n de \u201cRuralyA\u201d, expo de Turismo Rural y de Aventura, espacio en el que participar\u00e1n 29 municipios con vocaci\u00f3n tur\u00edstica, adem\u00e1s de siete Pueblos M\u00e1gicos, 27 agentes de Turismo Rural y 25 artesanos de seis municipios, [&hellip;]<\/p>\n","protected":false},"author":1,"featured_media":362188,"comment_status":"open","ping_status":"closed","sticky":false,"template":"","format":"standard","meta":{"om_disable_all_campaigns":false,"jnews-multi-image_gallery":[],"jnews_single_post":{"source_name":"","source_url":"","via_name":"","via_url":"","override_template":"0","override":[{"template":"1","single_blog_custom":"","parallax":"1","fullscreen":"1","layout":"right-sidebar","sidebar":"default-sidebar","second_sidebar":"default-sidebar","sticky_sidebar":"1","share_position":"top","share_float_style":"share-monocrhome","show_share_counter":"1","show_view_counter":"1","show_featured":"1","show_post_meta":"1","show_post_author":"1","show_post_author_image":"1","show_post_date":"1","post_date_format":"default","post_date_format_custom":"Y\/m\/d","show_post_category":"1","show_post_reading_time":"0","post_reading_time_wpm":"300","show_zoom_button":"0","zoom_button_out_step":"2","zoom_button_in_step":"3","show_post_tag":"1","show_prev_next_post":"1","show_popup_post":"1","number_popup_post":"1","show_author_box":"0","show_post_related":"0","show_inline_post_related":"0"}],"override_image_size":"0","image_override":[{"single_post_thumbnail_size":"crop-500","single_post_gallery_size":"crop-500"}],"trending_post":"0","trending_post_position":"meta","trending_post_label":"Trending","sponsored_post":"0","sponsored_post_label":"Sponsored by","sponsored_post_name":"","sponsored_post_url":"","sponsored_post_logo_enable":"0","sponsored_post_logo":"","sponsored_post_desc":"","disable_ad":"0"},"jnews_primary_category":{"id":""},"jnews_social_meta":{"fb_title":"","fb_description":"","fb_image":"","twitter_title":"","twitter_description":"","twitter_image":""},"footnotes":""},"categories":[39],"tags":[],"class_list":["post-362181","post","type-post","status-publish","format-standard","has-post-thumbnail","hentry","category-viajes"],"_links":{"self":[{"href":"https:\/\/dimensionturistica.com\/es\/wp-json\/wp\/v2\/posts\/362181","targetHints":{"allow":["GET"]}}],"collection":[{"href":"https:\/\/dimensionturistica.com\/es\/wp-json\/wp\/v2\/posts"}],"about":[{"href":"https:\/\/dimensionturistica.com\/es\/wp-json\/wp\/v2\/types\/post"}],"author":[{"embeddable":true,"href":"https:\/\/dimensionturistica.com\/es\/wp-json\/wp\/v2\/users\/1"}],"replies":[{"embeddable":true,"href":"https:\/\/dimensionturistica.com\/es\/wp-json\/wp\/v2\/comments?post=362181"}],"version-history":[{"count":0,"href":"https:\/\/dimensionturistica.com\/es\/wp-json\/wp\/v2\/posts\/362181\/revisions"}],"wp:featuredmedia":[{"embeddable":true,"href":"https:\/\/dimensionturistica.com\/es\/wp-json\/wp\/v2\/media\/362188"}],"wp:attachment":[{"href":"https:\/\/dimensionturistica.com\/es\/wp-json\/wp\/v2\/media?parent=362181"}],"wp:term":[{"taxonomy":"category","embeddable":true,"href":"https:\/\/dimensionturistica.com\/es\/wp-json\/wp\/v2\/categories?post=362181"},{"taxonomy":"post_tag","embeddable":true,"href":"https:\/\/dimensionturistica.com\/es\/wp-json\/wp\/v2\/tags?post=362181"}],"curies":[{"name":"wp","href":"https:\/\/api.w.org\/{rel}","templated":true}]}}