{"id":362150,"date":"2022-07-29T16:23:18","date_gmt":"2022-07-29T16:23:18","guid":{"rendered":"https:\/\/dimensionturistica.com\/es\/?p=362150"},"modified":"2022-07-29T16:23:18","modified_gmt":"2022-07-29T16:23:18","slug":"con-subasta-internacional-sdr-posiciona-y-fortalece-al-cafe-poblano","status":"publish","type":"post","link":"https:\/\/dimensionturistica.com\/es\/con-subasta-internacional-sdr-posiciona-y-fortalece-al-cafe-poblano\/","title":{"rendered":"Con subasta internacional, SDR posiciona y fortalece al caf\u00e9 poblano"},"content":{"rendered":"<p><img decoding=\"async\" class=\"size-medium wp-image-362158 alignright\" src=\"https:\/\/dimensionturistica.com\/es\/wp-content\/uploads\/2022\/07\/unnamed-5-5-300x200.jpg\" alt=\"\" width=\"300\" height=\"200\" srcset=\"https:\/\/dimensionturistica.com\/es\/wp-content\/uploads\/2022\/07\/unnamed-5-5-300x200.jpg 300w, https:\/\/dimensionturistica.com\/es\/wp-content\/uploads\/2022\/07\/unnamed-5-5-1024x683.jpg 1024w, https:\/\/dimensionturistica.com\/es\/wp-content\/uploads\/2022\/07\/unnamed-5-5-768x513.jpg 768w, https:\/\/dimensionturistica.com\/es\/wp-content\/uploads\/2022\/07\/unnamed-5-5-750x501.jpg 750w, https:\/\/dimensionturistica.com\/es\/wp-content\/uploads\/2022\/07\/unnamed-5-5-1140x761.jpg 1140w, https:\/\/dimensionturistica.com\/es\/wp-content\/uploads\/2022\/07\/unnamed-5-5.jpg 1500w\" sizes=\"(max-width: 300px) 100vw, 300px\" \/>\u00a0A fin de continuar con la recuperaci\u00f3n de la cafeticultura poblana, la Secretar\u00eda de Desarrollo Rural (SDR) y el Centro Agroecol\u00f3go CAFECOL AC, realizaron la primera Subasta Internacional de Caf\u00e9 Poblano, donde el mejor lote de Puebla fue vendido en 905 pesos por kilogramo, en beneficio de la productora Marta Cort\u00e9s Tapia, originaria de San Sebasti\u00e1n Tlacotepec.<br \/>\nDurante la subasta, in\u00e9dita en la historia de Puebla, fueron ofrecidos los 12 mejores lotes de la cataci\u00f3n \u201cCalidad en Taza\u201d en el marco de la Expo Caf\u00e9 Orgullo Puebla 2022, con granos de productoras y productores de Chichiquila, Eloxochitl\u00e1n, Huitzilan de Serd\u00e1n, Pahuatl\u00e1n, San Sebasti\u00e1n Tlacotepec, Tlaxco y Zongozotla.<img decoding=\"async\" class=\"size-medium wp-image-362160 alignright\" src=\"https:\/\/dimensionturistica.com\/es\/wp-content\/uploads\/2022\/07\/3-unnamed-3-300x200.jpg\" alt=\"\" width=\"300\" height=\"200\" srcset=\"https:\/\/dimensionturistica.com\/es\/wp-content\/uploads\/2022\/07\/3-unnamed-3-300x200.jpg 300w, https:\/\/dimensionturistica.com\/es\/wp-content\/uploads\/2022\/07\/3-unnamed-3-1024x683.jpg 1024w, https:\/\/dimensionturistica.com\/es\/wp-content\/uploads\/2022\/07\/3-unnamed-3-768x512.jpg 768w, https:\/\/dimensionturistica.com\/es\/wp-content\/uploads\/2022\/07\/3-unnamed-3-750x500.jpg 750w, https:\/\/dimensionturistica.com\/es\/wp-content\/uploads\/2022\/07\/3-unnamed-3-1140x760.jpg 1140w, https:\/\/dimensionturistica.com\/es\/wp-content\/uploads\/2022\/07\/3-unnamed-3.jpg 1500w\" sizes=\"(max-width: 300px) 100vw, 300px\" \/><br \/>\nPor ello, 34 compradores nacionales e internacionales pujaron por los mejores granos del estado con calificaciones entre los 85.41 y 90.33 puntos en la escala de la Asociaci\u00f3n de Caf\u00e9s de Especialidad (SCA, por sus siglas en ingl\u00e9s).<br \/>\nLos lotes ofrecidos tuvieron un precio base de 250 pesos por kilogramo en verde, y tras el desarrollo de la subasta, llegaron a precios entre 300 y 500 pesos en promedio, m\u00e1s altos que si vendieran solo a compradores regionales.<br \/>\nEn la subasta, realizada de manera virtual, las y los interesados escucharon los testimonios de quienes produjeron estos lotes, mismos que agradecieron las acciones de vinculaci\u00f3n comercial y acompa\u00f1amiento t\u00e9cnico hecho por la Secretar\u00eda para vender su caf\u00e9 en mercados especializados.<br \/>\nSi tienes ganas de caf\u00e9 de calidad internacional, &#8220;\u00a1Tienes ganas de Puebla!&#8221;.<\/p>\n","protected":false},"excerpt":{"rendered":"<p>\u00a0A fin de continuar con la recuperaci\u00f3n de la cafeticultura poblana, la Secretar\u00eda de Desarrollo Rural (SDR) y el Centro Agroecol\u00f3go CAFECOL AC, realizaron la primera Subasta Internacional de Caf\u00e9 Poblano, donde el mejor lote de Puebla fue vendido en 905 pesos por kilogramo, en beneficio de la productora Marta Cort\u00e9s Tapia, originaria de San [&hellip;]<\/p>\n","protected":false},"author":1,"featured_media":362157,"comment_status":"open","ping_status":"closed","sticky":false,"template":"","format":"standard","meta":{"om_disable_all_campaigns":false,"jnews-multi-image_gallery":[],"jnews_single_post":{"source_name":"","source_url":"","via_name":"","via_url":"","override_template":"0","override":[{"template":"1","single_blog_custom":"","parallax":"1","fullscreen":"1","layout":"right-sidebar","sidebar":"default-sidebar","second_sidebar":"default-sidebar","sticky_sidebar":"1","share_position":"top","share_float_style":"share-monocrhome","show_share_counter":"1","show_view_counter":"1","show_featured":"1","show_post_meta":"1","show_post_author":"1","show_post_author_image":"1","show_post_date":"1","post_date_format":"default","post_date_format_custom":"Y\/m\/d","show_post_category":"1","show_post_reading_time":"0","post_reading_time_wpm":"300","show_zoom_button":"0","zoom_button_out_step":"2","zoom_button_in_step":"3","show_post_tag":"1","show_prev_next_post":"1","show_popup_post":"1","number_popup_post":"1","show_author_box":"0","show_post_related":"0","show_inline_post_related":"0"}],"override_image_size":"0","image_override":[{"single_post_thumbnail_size":"crop-500","single_post_gallery_size":"crop-500"}],"trending_post":"0","trending_post_position":"meta","trending_post_label":"Trending","sponsored_post":"0","sponsored_post_label":"Sponsored by","sponsored_post_name":"","sponsored_post_url":"","sponsored_post_logo_enable":"0","sponsored_post_logo":"","sponsored_post_desc":"","disable_ad":"0"},"jnews_primary_category":{"id":""},"jnews_social_meta":{"fb_title":"","fb_description":"","fb_image":"","twitter_title":"","twitter_description":"","twitter_image":""},"footnotes":""},"categories":[40],"tags":[],"class_list":["post-362150","post","type-post","status-publish","format-standard","has-post-thumbnail","hentry","category-industria"],"_links":{"self":[{"href":"https:\/\/dimensionturistica.com\/es\/wp-json\/wp\/v2\/posts\/362150","targetHints":{"allow":["GET"]}}],"collection":[{"href":"https:\/\/dimensionturistica.com\/es\/wp-json\/wp\/v2\/posts"}],"about":[{"href":"https:\/\/dimensionturistica.com\/es\/wp-json\/wp\/v2\/types\/post"}],"author":[{"embeddable":true,"href":"https:\/\/dimensionturistica.com\/es\/wp-json\/wp\/v2\/users\/1"}],"replies":[{"embeddable":true,"href":"https:\/\/dimensionturistica.com\/es\/wp-json\/wp\/v2\/comments?post=362150"}],"version-history":[{"count":0,"href":"https:\/\/dimensionturistica.com\/es\/wp-json\/wp\/v2\/posts\/362150\/revisions"}],"wp:featuredmedia":[{"embeddable":true,"href":"https:\/\/dimensionturistica.com\/es\/wp-json\/wp\/v2\/media\/362157"}],"wp:attachment":[{"href":"https:\/\/dimensionturistica.com\/es\/wp-json\/wp\/v2\/media?parent=362150"}],"wp:term":[{"taxonomy":"category","embeddable":true,"href":"https:\/\/dimensionturistica.com\/es\/wp-json\/wp\/v2\/categories?post=362150"},{"taxonomy":"post_tag","embeddable":true,"href":"https:\/\/dimensionturistica.com\/es\/wp-json\/wp\/v2\/tags?post=362150"}],"curies":[{"name":"wp","href":"https:\/\/api.w.org\/{rel}","templated":true}]}}