{"id":362078,"date":"2022-07-29T15:19:25","date_gmt":"2022-07-29T15:19:25","guid":{"rendered":"https:\/\/dimensionturistica.com\/es\/?p=362078"},"modified":"2022-07-29T15:19:25","modified_gmt":"2022-07-29T15:19:25","slug":"la-world-paella-day-cup-2022-cuenta-con-el-chef-mexicano-jose-curiel-entre-sus-finalistas","status":"publish","type":"post","link":"https:\/\/dimensionturistica.com\/es\/la-world-paella-day-cup-2022-cuenta-con-el-chef-mexicano-jose-curiel-entre-sus-finalistas\/","title":{"rendered":"La World Paella Day Cup 2022 cuenta con el chef mexicano Jos\u00e9 Curiel entre sus finalistas"},"content":{"rendered":"<p><img decoding=\"async\" class=\"size-medium wp-image-362090 alignright\" src=\"https:\/\/dimensionturistica.com\/es\/wp-content\/uploads\/2022\/07\/logo_comunitat_vlc-300x121.png\" alt=\"\" width=\"300\" height=\"121\" srcset=\"https:\/\/dimensionturistica.com\/es\/wp-content\/uploads\/2022\/07\/logo_comunitat_vlc-300x121.png 300w, https:\/\/dimensionturistica.com\/es\/wp-content\/uploads\/2022\/07\/logo_comunitat_vlc-768x309.png 768w, https:\/\/dimensionturistica.com\/es\/wp-content\/uploads\/2022\/07\/logo_comunitat_vlc-750x302.png 750w, https:\/\/dimensionturistica.com\/es\/wp-content\/uploads\/2022\/07\/logo_comunitat_vlc.png 900w\" sizes=\"(max-width: 300px) 100vw, 300px\" \/>El pasado viernes, 22 de julio, se hicieron p\u00fablicos los nombres de los diez finalistas de la pr\u00f3xima World Paella Day Cup 2022, entre los que se encuentra el chef mexicano Jos\u00e9 Curiel, tambi\u00e9n conocido como \u2018Pepe paellas\u2019. Comienza as\u00ed la cuenta atr\u00e1s para encender los fogones del concurso que elige al mejor chef internacional de paellas.<br \/>\nComo cada a\u00f1o, el 20 de septiembre se celebra el D\u00eda Mundial de la Paella (World Paella Day), una jornada que busca poner en valor el plato m\u00e1s universal de la gastronom\u00eda valenciana y compartirlo con el mundo.<img decoding=\"async\" class=\"size-medium wp-image-362091 alignright\" src=\"https:\/\/dimensionturistica.com\/es\/wp-content\/uploads\/2022\/07\/logo_turespana-300x91.png\" alt=\"\" width=\"300\" height=\"91\" srcset=\"https:\/\/dimensionturistica.com\/es\/wp-content\/uploads\/2022\/07\/logo_turespana-300x91.png 300w, https:\/\/dimensionturistica.com\/es\/wp-content\/uploads\/2022\/07\/logo_turespana.png 640w\" sizes=\"(max-width: 300px) 100vw, 300px\" \/> Ese mismo d\u00eda tiene lugar la competici\u00f3n, que este a\u00f1o contar\u00e1 con diez finalistas procedentes de Italia, Francia, Suiza, Finlandia, Argentina, M\u00e9xico, Ecuador, Canad\u00e1, Jap\u00f3n y Emiratos \u00c1rabes.<br \/>\nEn esta edici\u00f3n Espa\u00f1a mantendr\u00e1 el papel de anfitriona y, por primera vez, no competir\u00e1 como aspirante. Otra de las novedades es el World Paella Day Cup Stage, una etapa de \u2018training\u2019, previa a la World Paella Day Cup, donde todos los finalistas se reunir\u00e1n en Val\u00e8ncia para<img decoding=\"async\" class=\"size-medium wp-image-362092 alignright\" src=\"https:\/\/dimensionturistica.com\/es\/wp-content\/uploads\/2022\/07\/logo_turisme-300x140.png\" alt=\"\" width=\"300\" height=\"140\" srcset=\"https:\/\/dimensionturistica.com\/es\/wp-content\/uploads\/2022\/07\/logo_turisme-300x140.png 300w, https:\/\/dimensionturistica.com\/es\/wp-content\/uploads\/2022\/07\/logo_turisme.png 500w\" sizes=\"(max-width: 300px) 100vw, 300px\" \/> vivir una experiencia \u00fanica. Un viaje a la capital de la cuna de la paella de la mano de los mejores expertos paelleros. Conocer\u00e1n todos los secretos, consejos y productos que emplean Santos Ru\u00edz, de la D.O Arroz de Val\u00e8ncia; Toni Montoliu, propietario y chef de la Barraca de Toni Montoliu; Rafa Marg\u00f3s, chef de les Bairetes; y Chabe Soler, ganadora de la WPD Cup 2020.<br \/>\nEmiliano Garc\u00eda, concejal del Turismo e Internacionalizaci\u00f3n del Ayuntamiento de Val\u00e8ncia ha destacado que \u201cesta competici\u00f3n, adem\u00e1s de dar visibilidad a Val\u00e8ncia y su gastronom\u00eda m\u00e1s aut\u00f3ctona, nos permite hacer<img decoding=\"async\" class=\"size-medium wp-image-362099 alignleft\" src=\"https:\/\/dimensionturistica.com\/es\/wp-content\/uploads\/2022\/07\/unnamed-1-22-300x63.jpg\" alt=\"\" width=\"300\" height=\"63\" srcset=\"https:\/\/dimensionturistica.com\/es\/wp-content\/uploads\/2022\/07\/unnamed-1-22-300x63.jpg 300w, https:\/\/dimensionturistica.com\/es\/wp-content\/uploads\/2022\/07\/unnamed-1-22-1024x213.jpg 1024w, https:\/\/dimensionturistica.com\/es\/wp-content\/uploads\/2022\/07\/unnamed-1-22-768x160.jpg 768w, https:\/\/dimensionturistica.com\/es\/wp-content\/uploads\/2022\/07\/unnamed-1-22-750x156.jpg 750w, https:\/\/dimensionturistica.com\/es\/wp-content\/uploads\/2022\/07\/unnamed-1-22-1140x238.jpg 1140w, https:\/\/dimensionturistica.com\/es\/wp-content\/uploads\/2022\/07\/unnamed-1-22.jpg 1262w\" sizes=\"(max-width: 300px) 100vw, 300px\" \/> pedagog\u00eda sobre la receta original de la paella. Cada a\u00f1o, cocineros de distintos pa\u00edses del mundo vienen a Val\u00e8ncia a conocer nuestra cultura gastron\u00f3mica, y todo lo que la rodea, y se van de la ciudad conociendo mucho m\u00e1s de ese plato que ellos ya cocinaban en sus restaurantes. Sin duda sus paellas, tras visitar nuestra ciudad, ser\u00e1n m\u00e1s valencianas\u201d.<img decoding=\"async\" class=\"size-medium wp-image-362102 alignright\" src=\"https:\/\/dimensionturistica.com\/es\/wp-content\/uploads\/2022\/07\/CHAROLA-300x200.jpg\" alt=\"\" width=\"300\" height=\"200\" srcset=\"https:\/\/dimensionturistica.com\/es\/wp-content\/uploads\/2022\/07\/CHAROLA-300x200.jpg 300w, https:\/\/dimensionturistica.com\/es\/wp-content\/uploads\/2022\/07\/CHAROLA.jpg 500w\" sizes=\"(max-width: 300px) 100vw, 300px\" \/><br \/>\nSeg\u00fan ha destacado el tambi\u00e9n presidente de Visit Val\u00e8ncia \u201ceste a\u00f1o hemos intensificado la inmersi\u00f3n que los cocineros hacen en la cultura de la paella. Los seleccionados vivir\u00e1n la experiencia World Paella Stage, de la mano de los mejores expertos: Santos Ru\u00edz, de la D.O Arroz de Val\u00e8ncia; Toni Montoliu, propietario y chef de la Barraca de Toni Montoliu; Rafa Marg\u00f3s, chef de les Bairetes; Chabe Soler, ganadora de la WPD Cup 2020. Gracias a ellos los aspirantes a la copa conocer\u00e1n todo sobre el producto, la t\u00e9cnica y la historia de la paella\u201d.<br \/>\nPor su parte, el secretario auton\u00f3mico de Turismo, Francesc Colomer, ha hecho hincapi\u00e9 en la importancia<img decoding=\"async\" class=\"size-medium wp-image-362103 alignright\" src=\"https:\/\/dimensionturistica.com\/es\/wp-content\/uploads\/2022\/07\/CUCHARAS-300x166.jpg\" alt=\"\" width=\"300\" height=\"166\" srcset=\"https:\/\/dimensionturistica.com\/es\/wp-content\/uploads\/2022\/07\/CUCHARAS-300x166.jpg 300w, https:\/\/dimensionturistica.com\/es\/wp-content\/uploads\/2022\/07\/CUCHARAS.jpg 474w\" sizes=\"(max-width: 300px) 100vw, 300px\" \/> de que este evento \u201cse haya consolidado y reforzado en los \u00faltimos a\u00f1os\u201d. As\u00ed, ha incidido en que \u201cla participaci\u00f3n de chefs internacionales nos ofrece la oportunidad de reforzar la promoci\u00f3n de nuestra gastronom\u00eda a trav\u00e9s de nuestro plato emblem\u00e1tico, como es la paella, as\u00ed como a trav\u00e9s de los productos aut\u00f3ctonos que contiene y que son una muestra de nuestra historia y un reflejo de la autenticidad de este destino\u201d.<br \/>\nDe hecho, ha apuntado que \u201ces importante que los competidores se sumerjan tambi\u00e9n en nuestro Exquisit Mediterrani de la mano de expertos que les ofrecer\u00e1n la oportunidad de conocer y contar las bondades de nuestra riqueza gastron\u00f3mica\u201d, al tiempo que ha se\u00f1alado que \u201cesos diez chefs se convertir\u00e1n en aut\u00e9nticos<img decoding=\"async\" class=\" wp-image-362097 alignleft\" src=\"https:\/\/dimensionturistica.com\/es\/wp-content\/uploads\/2022\/07\/logo_wpd_EN.svg\" alt=\"\" width=\"322\" height=\"123\" \/> embajadores de la Comunitat Valenciana en el mundo\u201d.<br \/>\nEl diputado de Turismo de la Diputaci\u00f3 de Val\u00e8ncia, Jordi Mayor, ha destacado por su parte que &#8220;el inter\u00e9s que suscita el World Paella Day entre los participantes internacionales certifica la creciente consolidaci\u00f3n de este certamen y la eterna universalidad de nuestra paella, lo que potencia a la vez, enormemente, la proyecci\u00f3n de la gastronom\u00eda valenciana y de nuestro territorio&#8221;. \u201cPor ello, la Diputaci\u00f3 de Val\u00e8ncia se suma un a\u00f1o m\u00e1s a esta iniciativa, que ya ha logrado fijar el 20 de septiembre en el calendario gastron\u00f3mico internacional de grandes chefs locales y de otros pa\u00edses<img decoding=\"async\" class=\"size-medium wp-image-362105 alignright\" src=\"https:\/\/dimensionturistica.com\/es\/wp-content\/uploads\/2022\/07\/PAELLA-300x199.jpg\" alt=\"\" width=\"300\" height=\"199\" srcset=\"https:\/\/dimensionturistica.com\/es\/wp-content\/uploads\/2022\/07\/PAELLA-300x199.jpg 300w, https:\/\/dimensionturistica.com\/es\/wp-content\/uploads\/2022\/07\/PAELLA.jpg 474w\" sizes=\"(max-width: 300px) 100vw, 300px\" \/> para celebrar la excelencia de nuestro plato m\u00e1s representativo\u201d.<br \/>\nCocineros de tres continentes del mundo<br \/>\nDesde diferentes puntos del globo, chefs de Jap\u00f3n, Emiratos \u00c1rabes, Am\u00e9rica y Europa presentaron sus candidaturas para participar en esta tercera edici\u00f3n de la World Paella Day Cup. Cerca de 50 cocineros y cocineras procedentes de 20 pa\u00edses diferentes, que demostraron sus dotes con la paella, optaban a entrar en la final de esta competici\u00f3n. Finalmente, hoy se han dado a conocer los diez chefs seleccionados para la gran final del 20 de septiembre. Am\u00e9rica estar\u00e1 representada por Juani Kittlen de Argentina; Jos\u00e9 Curiel, tambi\u00e9n conocido como \u2018Pepe paellas\u2019 de M\u00e9xico; Tom\u00e1s y Karina de Ecuador; y Javier Blanc de Canad\u00e1. Desde el continente asi\u00e1tico participar\u00e1n Yuki Kawaguchi de Jap\u00f3n y Piedade Fernandes de los Emiratos \u00c1rabes. Y Europa contar\u00e1 con chefs que representar\u00e1n a Francia con Eric Gil; Italia con Ferdinando Campinello; Suiza con Maria Jos\u00e9 Lovaglio; y Finlandia con Jaani Pasikoski.<br \/>\nWorld Paella Stage, el mejor entrenamiento para la victoria<img decoding=\"async\" class=\"size-medium wp-image-362106 alignright\" src=\"https:\/\/dimensionturistica.com\/es\/wp-content\/uploads\/2022\/07\/TROFEO-300x200.jpg\" alt=\"\" width=\"300\" height=\"200\" srcset=\"https:\/\/dimensionturistica.com\/es\/wp-content\/uploads\/2022\/07\/TROFEO-300x200.jpg 300w, https:\/\/dimensionturistica.com\/es\/wp-content\/uploads\/2022\/07\/TROFEO.jpg 474w\" sizes=\"(max-width: 300px) 100vw, 300px\" \/><br \/>\nEste a\u00f1o, los finalistas ser\u00e1n invitados a ir a Val\u00e8ncia, del 16 al 19 de septiembre, para vivir el World Paella Stage, un viaje por la historia, sabores y tradiciones de la paella en el que vivir\u00e1n diferentes experiencias de la mano de los cocineros y productores m\u00e1s importantes del sector. Una vez concluida la fase del Stage, los finalistas se ver\u00e1n las caras el 20 de septiembre y se batir\u00e1n en duelo para ver qui\u00e9n es el\/la mejor cocinando paella en La Marina de Val\u00e8ncia, un evento que se podr\u00e1 seguir en streaming. El\/la vencedor\/a recibir\u00e1 como premio el trofeo que le acreditar\u00e1 como ganador\/a de la III Edici\u00f3n de la World Paella Cup. Adem\u00e1s, los participantes recibir\u00e1n una chaquetilla personalizada y un certificado de su condici\u00f3n de finalista.<\/p>\n<p>El World Paella Day Cup es una iniciativa, en el marco de D\u00eda Mundial de la Paella, en la que participa el Ayuntamiento de Val\u00e8ncia, a trav\u00e9s de Visit Val\u00e8ncia, Turisme Comunitat Valenciana, la diputaci\u00f3n de Val\u00e8ncia, Turespa\u00f1a, Concurso Internacional de Paella Valenciana de Sueca, DO Arroz de Val\u00e8ncia, FEHV y Wikipaella.<\/p>\n","protected":false},"excerpt":{"rendered":"<p>El pasado viernes, 22 de julio, se hicieron p\u00fablicos los nombres de los diez finalistas de la pr\u00f3xima World Paella Day Cup 2022, entre los que se encuentra el chef mexicano Jos\u00e9 Curiel, tambi\u00e9n conocido como \u2018Pepe paellas\u2019. Comienza as\u00ed la cuenta atr\u00e1s para encender los fogones del concurso que elige al mejor chef internacional [&hellip;]<\/p>\n","protected":false},"author":1,"featured_media":362104,"comment_status":"open","ping_status":"closed","sticky":false,"template":"","format":"standard","meta":{"om_disable_all_campaigns":false,"jnews-multi-image_gallery":[],"jnews_single_post":{"source_name":"","source_url":"","via_name":"","via_url":"","override_template":"0","override":[{"template":"1","single_blog_custom":"","parallax":"1","fullscreen":"1","layout":"right-sidebar","sidebar":"default-sidebar","second_sidebar":"default-sidebar","sticky_sidebar":"1","share_position":"top","share_float_style":"share-monocrhome","show_share_counter":"1","show_view_counter":"1","show_featured":"1","show_post_meta":"1","show_post_author":"1","show_post_author_image":"1","show_post_date":"1","post_date_format":"default","post_date_format_custom":"Y\/m\/d","show_post_category":"1","show_post_reading_time":"0","post_reading_time_wpm":"300","show_zoom_button":"0","zoom_button_out_step":"2","zoom_button_in_step":"3","show_post_tag":"1","show_prev_next_post":"1","show_popup_post":"1","number_popup_post":"1","show_author_box":"0","show_post_related":"0","show_inline_post_related":"0"}],"override_image_size":"0","image_override":[{"single_post_thumbnail_size":"crop-500","single_post_gallery_size":"crop-500"}],"trending_post":"0","trending_post_position":"meta","trending_post_label":"Trending","sponsored_post":"0","sponsored_post_label":"Sponsored by","sponsored_post_name":"","sponsored_post_url":"","sponsored_post_logo_enable":"0","sponsored_post_logo":"","sponsored_post_desc":"","disable_ad":"0"},"jnews_primary_category":{"id":""},"jnews_social_meta":{"fb_title":"","fb_description":"","fb_image":"","twitter_title":"","twitter_description":"","twitter_image":""},"footnotes":""},"categories":[43],"tags":[],"class_list":["post-362078","post","type-post","status-publish","format-standard","has-post-thumbnail","hentry","category-gourmet"],"_links":{"self":[{"href":"https:\/\/dimensionturistica.com\/es\/wp-json\/wp\/v2\/posts\/362078","targetHints":{"allow":["GET"]}}],"collection":[{"href":"https:\/\/dimensionturistica.com\/es\/wp-json\/wp\/v2\/posts"}],"about":[{"href":"https:\/\/dimensionturistica.com\/es\/wp-json\/wp\/v2\/types\/post"}],"author":[{"embeddable":true,"href":"https:\/\/dimensionturistica.com\/es\/wp-json\/wp\/v2\/users\/1"}],"replies":[{"embeddable":true,"href":"https:\/\/dimensionturistica.com\/es\/wp-json\/wp\/v2\/comments?post=362078"}],"version-history":[{"count":0,"href":"https:\/\/dimensionturistica.com\/es\/wp-json\/wp\/v2\/posts\/362078\/revisions"}],"wp:featuredmedia":[{"embeddable":true,"href":"https:\/\/dimensionturistica.com\/es\/wp-json\/wp\/v2\/media\/362104"}],"wp:attachment":[{"href":"https:\/\/dimensionturistica.com\/es\/wp-json\/wp\/v2\/media?parent=362078"}],"wp:term":[{"taxonomy":"category","embeddable":true,"href":"https:\/\/dimensionturistica.com\/es\/wp-json\/wp\/v2\/categories?post=362078"},{"taxonomy":"post_tag","embeddable":true,"href":"https:\/\/dimensionturistica.com\/es\/wp-json\/wp\/v2\/tags?post=362078"}],"curies":[{"name":"wp","href":"https:\/\/api.w.org\/{rel}","templated":true}]}}