{"id":362052,"date":"2022-07-29T14:15:18","date_gmt":"2022-07-29T14:15:18","guid":{"rendered":"https:\/\/dimensionturistica.com\/es\/?p=362052"},"modified":"2022-07-29T14:15:18","modified_gmt":"2022-07-29T14:15:18","slug":"se-llevan-a-cabo-acciones-de-desarrollo-y-fortalecimiento-turistico-en-solidaridad","status":"publish","type":"post","link":"https:\/\/dimensionturistica.com\/es\/se-llevan-a-cabo-acciones-de-desarrollo-y-fortalecimiento-turistico-en-solidaridad\/","title":{"rendered":"Se llevan a cabo acciones de desarrollo y Fortalecimiento tur\u00edstico en Solidaridad"},"content":{"rendered":"<p><img decoding=\"async\" class=\"size-medium wp-image-362065 alignright\" src=\"https:\/\/dimensionturistica.com\/es\/wp-content\/uploads\/2022\/07\/SOLI3-300x238.jpg\" alt=\"\" width=\"300\" height=\"238\" srcset=\"https:\/\/dimensionturistica.com\/es\/wp-content\/uploads\/2022\/07\/SOLI3-300x238.jpg 300w, https:\/\/dimensionturistica.com\/es\/wp-content\/uploads\/2022\/07\/SOLI3.jpg 500w\" sizes=\"(max-width: 300px) 100vw, 300px\" \/>El Caribe Mexicano es el destino m\u00e1s importante de Latinoam\u00e9rica, reconocimiento que le ha permitido establecer acciones de desarrollo y fortalecimiento tur\u00edstico para todos los destinos del Estado.<br \/>\nEn ese sentido, el Gobernador Carlos Joaqu\u00edn presidi\u00f3 esta ma\u00f1ana la gira de trabajo por Solidaridad en compa\u00f1\u00eda de Bernardo Cueto Riestra, Secretario de Turismo de Quintana Roo, con el fin de avanzar con paso firme hacia la recuperaci\u00f3n econ\u00f3mica y consolidaci\u00f3n del sector en este municipio.<br \/>\nEl Gobierno del Estado ha emprendido acciones para el desarrollo y fortalecimiento del sector, impulsando la recuperaci\u00f3n, diversificaci\u00f3n de nuestros productos y la estandarizaci\u00f3n de la calidad de los procesos que integran al producto final que llega a manos del visitante; lo anterior basado en la Ley de Turismo del Estado de Quintana Roo, y con la cual se fortalecer\u00e1 la<img decoding=\"async\" class=\"size-medium wp-image-362068 alignleft\" src=\"https:\/\/dimensionturistica.com\/es\/wp-content\/uploads\/2022\/07\/SOLI6-225x300.jpg\" alt=\"\" width=\"225\" height=\"300\" srcset=\"https:\/\/dimensionturistica.com\/es\/wp-content\/uploads\/2022\/07\/SOLI6-225x300.jpg 225w, https:\/\/dimensionturistica.com\/es\/wp-content\/uploads\/2022\/07\/SOLI6.jpg 500w\" sizes=\"(max-width: 225px) 100vw, 225px\" \/> &#8220;Plataforma Estatal de Servicios Tur\u00edsticos&#8221; que en pr\u00f3ximas fechas ser\u00e1 lanzada su convocatoria a fin de conformar el cat\u00e1logo p\u00fablico, en el marco de las acciones establecidas en el Plan Maestro de Turismo Sustentable Quintana Roo 2030.<br \/>\nCon base en lo anterior, durante la gira de trabajo se llev\u00f3 a cabo la firma del Convenio General de Colaboraci\u00f3n y Cooperaci\u00f3n entre el Municipio de Solidaridad y la Secretar\u00eda de Turismo, con el objetivo de trabajar de forma conjunta en la implementaci\u00f3n del registro y actualizaci\u00f3n de los prestadores de servicios tur\u00edsticos del municipio de Solidaridad.<br \/>\nParalelo a la firma de este convenio, se hizo la entrega de Certificaciones en Protecci\u00f3n y Prevenci\u00f3n Sanitaria para Instalaciones<img decoding=\"async\" class=\"size-medium wp-image-362066 alignright\" src=\"https:\/\/dimensionturistica.com\/es\/wp-content\/uploads\/2022\/07\/SOLI4-225x300.jpg\" alt=\"\" width=\"225\" height=\"300\" srcset=\"https:\/\/dimensionturistica.com\/es\/wp-content\/uploads\/2022\/07\/SOLI4-225x300.jpg 225w, https:\/\/dimensionturistica.com\/es\/wp-content\/uploads\/2022\/07\/SOLI4.jpg 500w\" sizes=\"(max-width: 225px) 100vw, 225px\" \/> Tur\u00edsticas y Distintivos H, mismos que suman a los esfuerzos de profesionalizaci\u00f3n del sector.<br \/>\nActualmente el Caribe Mexicano cuenta con m\u00e1s de 1,500 prestadores de servicios avalados con Distintivos\u00a0en torno a la calidad y diversificaci\u00f3n, destacando m\u00e1s de 1,000 Distintivos H, 500 Distintivos Punto Limpio, sellos de turismo incluyente, entre otros.<br \/>\n\u201cEl fortalecimiento y desarrollo del sector se logra con el trabajo de todos los quintanarroenses; hemos avanzado en el camino de cumplir con la pol\u00edtica p\u00fablica de hacer que el turismo sirva para todos y contribuir a la generaci\u00f3n de un turismo justo, inclusivo, sustentable y responsable, que brinde prosperidad a todas y todos\u201d, coment\u00f3 Bernardo Cueto Riestra, Secretario de Turismo de Quintana Roo.<\/p>\n","protected":false},"excerpt":{"rendered":"<p>El Caribe Mexicano es el destino m\u00e1s importante de Latinoam\u00e9rica, reconocimiento que le ha permitido establecer acciones de desarrollo y fortalecimiento tur\u00edstico para todos los destinos del Estado. En ese sentido, el Gobernador Carlos Joaqu\u00edn presidi\u00f3 esta ma\u00f1ana la gira de trabajo por Solidaridad en compa\u00f1\u00eda de Bernardo Cueto Riestra, Secretario de Turismo de Quintana [&hellip;]<\/p>\n","protected":false},"author":1,"featured_media":362061,"comment_status":"open","ping_status":"closed","sticky":false,"template":"","format":"standard","meta":{"om_disable_all_campaigns":false,"jnews-multi-image_gallery":[],"jnews_single_post":{"source_name":"","source_url":"","via_name":"","via_url":"","override_template":"0","override":[{"template":"1","single_blog_custom":"","parallax":"1","fullscreen":"1","layout":"right-sidebar","sidebar":"default-sidebar","second_sidebar":"default-sidebar","sticky_sidebar":"1","share_position":"top","share_float_style":"share-monocrhome","show_share_counter":"1","show_view_counter":"1","show_featured":"1","show_post_meta":"1","show_post_author":"1","show_post_author_image":"1","show_post_date":"1","post_date_format":"default","post_date_format_custom":"Y\/m\/d","show_post_category":"1","show_post_reading_time":"0","post_reading_time_wpm":"300","show_zoom_button":"0","zoom_button_out_step":"2","zoom_button_in_step":"3","show_post_tag":"1","show_prev_next_post":"1","show_popup_post":"1","number_popup_post":"1","show_author_box":"0","show_post_related":"0","show_inline_post_related":"0"}],"override_image_size":"0","image_override":[{"single_post_thumbnail_size":"crop-500","single_post_gallery_size":"crop-500"}],"trending_post":"0","trending_post_position":"meta","trending_post_label":"Trending","sponsored_post":"0","sponsored_post_label":"Sponsored by","sponsored_post_name":"","sponsored_post_url":"","sponsored_post_logo_enable":"0","sponsored_post_logo":"","sponsored_post_desc":"","disable_ad":"0"},"jnews_primary_category":{"id":""},"jnews_social_meta":{"fb_title":"","fb_description":"","fb_image":"","twitter_title":"","twitter_description":"","twitter_image":""},"footnotes":""},"categories":[39],"tags":[],"class_list":["post-362052","post","type-post","status-publish","format-standard","has-post-thumbnail","hentry","category-viajes"],"_links":{"self":[{"href":"https:\/\/dimensionturistica.com\/es\/wp-json\/wp\/v2\/posts\/362052","targetHints":{"allow":["GET"]}}],"collection":[{"href":"https:\/\/dimensionturistica.com\/es\/wp-json\/wp\/v2\/posts"}],"about":[{"href":"https:\/\/dimensionturistica.com\/es\/wp-json\/wp\/v2\/types\/post"}],"author":[{"embeddable":true,"href":"https:\/\/dimensionturistica.com\/es\/wp-json\/wp\/v2\/users\/1"}],"replies":[{"embeddable":true,"href":"https:\/\/dimensionturistica.com\/es\/wp-json\/wp\/v2\/comments?post=362052"}],"version-history":[{"count":0,"href":"https:\/\/dimensionturistica.com\/es\/wp-json\/wp\/v2\/posts\/362052\/revisions"}],"wp:featuredmedia":[{"embeddable":true,"href":"https:\/\/dimensionturistica.com\/es\/wp-json\/wp\/v2\/media\/362061"}],"wp:attachment":[{"href":"https:\/\/dimensionturistica.com\/es\/wp-json\/wp\/v2\/media?parent=362052"}],"wp:term":[{"taxonomy":"category","embeddable":true,"href":"https:\/\/dimensionturistica.com\/es\/wp-json\/wp\/v2\/categories?post=362052"},{"taxonomy":"post_tag","embeddable":true,"href":"https:\/\/dimensionturistica.com\/es\/wp-json\/wp\/v2\/tags?post=362052"}],"curies":[{"name":"wp","href":"https:\/\/api.w.org\/{rel}","templated":true}]}}