{"id":361888,"date":"2022-07-29T06:36:43","date_gmt":"2022-07-29T06:36:43","guid":{"rendered":"https:\/\/dimensionturistica.com\/es\/?p=361888"},"modified":"2022-07-29T06:36:43","modified_gmt":"2022-07-29T06:36:43","slug":"los-mejores-destinos-de-interior-de-espana-para-pasar-mejor-el-caluroso-verano","status":"publish","type":"post","link":"https:\/\/dimensionturistica.com\/es\/los-mejores-destinos-de-interior-de-espana-para-pasar-mejor-el-caluroso-verano\/","title":{"rendered":"Los mejores destinos de interior de Espa\u00f1a para pasar mejor el caluroso verano"},"content":{"rendered":"<p> <br \/>\n<\/p>\n<div id=\"\">\n<p>Mucha gente est\u00e1 intentando escapar del caluroso verano. Son muchos los territorios de la denominada Espa\u00f1a vaciada que ofrece una amplia y variada oferta para disfrutar de este periodo estival.<\/p>\n<aside class=\"morenews\">\n<h3>Noticias relacionadas<\/h3>\n<\/aside>\n<h3 class=\"font--primary body-components__header\"><strong>Sierra de Francia<\/strong><\/h3>\n<p>La Mancomunidad de la <strong>Sierra de Francia, en la provincia de Salamanca, -formada por 15 pueblos <\/strong>ubicados en el <strong>Parque Pure de las Batuecas Sierra de Francia y en la Reserva de la Biosfera de las Sierra de B\u00e9jar y Francia<\/strong>&#8211; se posiciona como una <strong>alternativa pure y sostenible con una oferta tur\u00edstica llena de valor, cultura, patrimonio y naturaleza<\/strong>. Gracias a su privilegiado entorno pure y paisaj\u00edstico, rodeado de flora, fauna, sierra y r\u00edos y a su riqueza patrimonial y cultural, la Sierra de Francia ha preparado un listado de actividades a realizar en cualquiera de las localidades que la agrupan, que decantar\u00e1n a los viajeros a elegir este destino durante los meses de verano, <strong>evitando aglomeraciones y las altas temperaturas de otros destinos.<\/strong><\/p>\n<aside style=\"max-width:615px;min-width:300px;width:100%;height:462px\" class=\"ad all sunmedia1 bg-placeholder \"\/>\n<p><strong>La Alberca, Mogarraz, Miranda del Casta\u00f1ar, San Mart\u00edn del Casta\u00f1ar, Sequeros y Villanueva del Conde<\/strong> son los pueblos de la Sierra de Francia declarados conjuntos hist\u00f3ricos-art\u00edsticos. Su arquitectura tradicional serrana y el empedrado de sus calles hacen de estas poblaciones un paseo inolvidable. <strong>Su gastronom\u00eda y productos t\u00edpicos, su entorno pure, las mejores muestras del bordado serrano, su patrimonio y edificaciones, y sus gentes har\u00e1n de esta visita una experiencia \u00fanica.<\/strong><\/p>\n<figure class=\"image--is-responsive\">\n<div class=\"img-reserved-space\" style=\"padding-top:66.75%\">\n<div class=\"reserved-space-inside\"><picture><source srcset=\"https:\/\/www.larazon.es\/resizer\/hENT3fe_7hpMWNN-SNnNV9R_cKk=\/600x0\/smart\/filters:format(webp):quality(65)\/cloudfront-eu-central-1.images.arcpublishing.com\/larazon\/2N7EHMUAQFFGNE2AHWMJ6XYRQA.jpg 600w,&#10;https:\/\/www.larazon.es\/resizer\/hWSgI7NRUPBpFHuGVlbwm9aZ0Kk=\/420x0\/smart\/filters:format(webp):quality(65)\/cloudfront-eu-central-1.images.arcpublishing.com\/larazon\/2N7EHMUAQFFGNE2AHWMJ6XYRQA.jpg 420w\" type=\"image\/webp\"\/><img alt=\"La localidad salmantina de Mogarraz\" src=\"https:\/\/www.larazon.es\/resizer\/evpngtUiQaQbZuBRiYI9lukKyfg=\/600x0\/smart\/filters:format(jpg)\/cloudfront-eu-central-1.images.arcpublishing.com\/larazon\/2N7EHMUAQFFGNE2AHWMJ6XYRQA.jpg\" srcset=\"https:\/\/www.larazon.es\/resizer\/evpngtUiQaQbZuBRiYI9lukKyfg=\/600x0\/smart\/filters:format(jpg)\/cloudfront-eu-central-1.images.arcpublishing.com\/larazon\/2N7EHMUAQFFGNE2AHWMJ6XYRQA.jpg 600w,&#10;https:\/\/www.larazon.es\/resizer\/HwUthsHuMsxwhQEqGIXT8X-PMtA=\/420x0\/smart\/filters:format(jpg)\/cloudfront-eu-central-1.images.arcpublishing.com\/larazon\/2N7EHMUAQFFGNE2AHWMJ6XYRQA.jpg 420w\" sizes=\"auto, (max-width: 420px) 420px, 600px\" width=\"100%\" loading=\"lazy\" decoding=\"async\"\/><\/picture><\/div>\n<\/div><figcaption>La localidad salmantina de Mogarraz<span class=\"image__meta figcaption-author\"> <!-- -->FOTO: <!-- -->MARCOS MEDINA<\/span><\/figcaption><\/figure>\n<p>Uno de los motivos evidentes para elegir unas vacaciones en cualquiera de los pueblos de la Mancomunidad de la Sierra de Francia es las buenas temperaturas que registran en los meses de verano.<\/p>\n<p>La Sierra de Francia cuenta con un <strong>enclave \u00fanico y reconocido en toda la comarca: La piscina pure de aguas cristalinas de Valero.<\/strong><\/p>\n<p>A falta de playa, la Mancomunidad de la Sierra de Francia ofrece excelentes planes para disfrutar de su maravilloso entorno pure. <strong>Rutas micol\u00f3gicas, de cicloturismo, de senderismo y paseos asequibles a todos los p\u00fablicos<\/strong>.<\/p>\n<aside style=\"max-width:300px;min-width:300px;width:100%;height:600px\" class=\"ad all right1 bg-placeholder \"\/>\n<h3 class=\"font--primary body-components__header\"><strong>Sierra de la Demanda<\/strong><\/h3>\n<p>En la provincia de Burgos se sit\u00faa la Sierra de la Demanda,<strong> un destino perfecto para perderse, desconectar y respirar sin gente<\/strong> durante el verano.<\/p>\n<p>Se trata de un territorio que depara tranquilidad pero tambie\u0301n muchas sorpresas al viajero, que<strong> puede encontrarse con las huellas de los primeros pobladores de Europa<\/strong>, no solo humanos, <strong>caminar o pedalear junto a ri\u0301os y can\u0303ones, deleitarse con cascadas y lagunas glaciares<\/strong>, o coronar el techo de la provincia. Entre montan\u0303as, pinares y prados o junto a ri\u0301os, aparecen ermitas visigodas, monasterios roma\u0301nicos y pueblos que conservan sus casas como antan\u0303o.<\/p>\n<p>Hace miles y miles de an\u0303os, la Tierra estaba habitada por unos seres vivos enormes: <strong>los dinosaurios<\/strong>. Sus huellas pueden contemplarse en varios yacimientos de icnitas que se reparten entre Mambrillas de Lara, Regumiel de la Sierra y Salas de los Infantes.<\/p>\n<div data-oembed-type=\"youtube\" class=\"body-components__oembed st-swap-parent st-swap--active youtube-player-preview\">\n<figure><picture><source srcset=\"&#10;              https:\/\/img.youtube.com\/vi_webp\/JFtYCxwKm5w\/hqdefault.webp 480w,&#10;              https:\/\/img.youtube.com\/vi_webp\/JFtYCxwKm5w\/sddefault.webp 640w&#10;            \" type=\"image\/webp\"\/><img alt=\"Tierra de Dinosaurios en Burgos\" src=\"https:\/\/img.youtube.com\/vi\/JFtYCxwKm5w\/sddefault.jpg\" srcset=\"&#10;              https:\/\/img.youtube.com\/vi\/JFtYCxwKm5w\/hqdefault.jpg 420w,&#10;              https:\/\/img.youtube.com\/vi\/JFtYCxwKm5w\/sddefault.jpg 640w&#10;            \" sizes=\"auto, (max-width: 480px) calc(100vw - 16px), 600px\" width=\"100%\" loading=\"lazy\" decoding=\"async\"\/><\/picture><\/figure>\n<p><button class=\"play-button\" aria-label=\"Reproducir v\u00eddeo\"><svg width=\"100%\" height=\"100%\" version=\"1.1\" viewbox=\"0 0 68 48\" focusable=\"false\" role=\"presentation\"><path d=\"M66.52,7.74c-0.78-2.93-2.49-5.41-5.42-6.19C55.79,.13,34,0,34,0S12.21,.13,6.9,1.55 C3.97,2.33,2.27,4.81,1.48,7.74C0.06,13.05,0,24,0,24s0.06,10.95,1.48,16.26c0.78,2.93,2.49,5.41,5.42,6.19 C12.21,47.87,34,48,34,48s21.79-0.13,27.1-1.55c2.93-0.78,4.64-3.26,5.42-6.19C67.94,34.95,68,24,68,24S67.94,13.05,66.52,7.74z\" fill=\"#f00\"\/><path d=\"M 45,24 27,14 27,34\" fill=\"#fff\"\/><\/svg><\/button><template><\/p>\n<div class=\"jeg_video_container jeg_video_content\"><iframe loading=\"lazy\" title=\"Tierra de Dinosaurios en Burgos\" width=\"500\" height=\"281\" src=\"https:\/\/www.youtube.com\/embed\/JFtYCxwKm5w?feature=oembed\" frameborder=\"0\" allow=\"accelerometer; autoplay; clipboard-write; encrypted-media; gyroscope; picture-in-picture; web-share\" referrerpolicy=\"strict-origin-when-cross-origin\" allowfullscreen><\/iframe><\/div>\n<p>          <\/template><\/div>\n<p>A pie o en bicicleta. Desde Arlanzo\u0301n y hasta Monterrubio de la Demanda, la <strong>Vi\u0301a Verde de la Sierra de la Demanda<\/strong> asciende de manera constante a orillas del ri\u0301o Arlanzo\u0301n. Los robles, las hayas y los pinos enmarcan la estela de este viejo ferrocarril minero que transportaba el hierro extrai\u0301do de la sierra hasta Burgos.<\/p>\n<aside style=\"max-width:300px;min-width:300px;width:100%;height:600px\" class=\"ad all right2 bg-placeholder \"\/>\n<p>En las cumbres de la Sierra de la Demanda <strong>nacen multitud de arroyos que descienden entre montan\u0303as creando barrancos y valles<\/strong>, hasta unirse a los cursos principales. En su camino, <strong>sus juegos dan lugar a saltos de agua y pozas de enorme belleza, como las cascadas de Altuzarra o las Calderas de Neila<\/strong>.<\/p>\n<h3 class=\"font--primary body-components__header\"><strong>Lago de Sanabria<\/strong><\/h3>\n<p>En el Pleistoceno Superior, hace 100.000 a\u00f1os, un <strong>impresionante glaciar con lenguas de hielo de m\u00e1s de 20 kil\u00f3metros sirvi\u00f3 de origen al precise Lago de Sanabria<\/strong>. Hoy, sus 318 hect\u00e1reas de superficie y una profundidad que alcanza hasta 51 metros, lo convierten en el <strong>mayor lago glaciar de la Pen\u00ednsula Ib\u00e9rica.<\/strong><\/p>\n<figure class=\"image--is-responsive\">\n<div class=\"img-reserved-space\" style=\"padding-top:66.69%\">\n<div class=\"reserved-space-inside\"><picture><source srcset=\"https:\/\/www.larazon.es\/resizer\/Ffl1YhGdHcq3OLuWIHtU0Pannfc=\/600x0\/smart\/filters:format(webp):quality(65)\/cloudfront-eu-central-1.images.arcpublishing.com\/larazon\/3TW7AUGKNRHTZEGZXZS4NXL52Y.jpg 600w,&#10;https:\/\/www.larazon.es\/resizer\/MHm4KZh3mE3N-0RP46CKUGgfQTA=\/420x0\/smart\/filters:format(webp):quality(65)\/cloudfront-eu-central-1.images.arcpublishing.com\/larazon\/3TW7AUGKNRHTZEGZXZS4NXL52Y.jpg 420w\" type=\"image\/webp\"\/><img alt=\"Lago de Sanabria, en Zamora\" src=\"https:\/\/www.larazon.es\/resizer\/hb-S10OCH5JNk09aclnFpnqMDcE=\/600x0\/smart\/filters:format(jpg)\/cloudfront-eu-central-1.images.arcpublishing.com\/larazon\/3TW7AUGKNRHTZEGZXZS4NXL52Y.jpg\" srcset=\"https:\/\/www.larazon.es\/resizer\/hb-S10OCH5JNk09aclnFpnqMDcE=\/600x0\/smart\/filters:format(jpg)\/cloudfront-eu-central-1.images.arcpublishing.com\/larazon\/3TW7AUGKNRHTZEGZXZS4NXL52Y.jpg 600w,&#10;https:\/\/www.larazon.es\/resizer\/7JRI75jLrhwaD4kYIikWjOK3Xk4=\/420x0\/smart\/filters:format(jpg)\/cloudfront-eu-central-1.images.arcpublishing.com\/larazon\/3TW7AUGKNRHTZEGZXZS4NXL52Y.jpg 420w\" sizes=\"auto, (max-width: 420px) 420px, 600px\" width=\"100%\" loading=\"lazy\" decoding=\"async\"\/><\/picture><\/div>\n<\/div><figcaption>Lago de Sanabria, en Zamora<span class=\"image__meta figcaption-author\"> <!-- -->FOTO: <!-- -->Maria Lorenzo<\/span><\/figcaption><\/figure>\n<p>Los<strong> bosques<\/strong> m\u00e1s abundantes en el entorno del Lago de Sanabria son los formados por el roble melojo o rebollo. Tambi\u00e9n se localizan unas interesantes manchas de acebo y tejo, mientras que los abedules y alisos son abundantes en las riberas de los <strong>caudalosos r\u00edos<\/strong> que descienden de las cimas o comunican entre s\u00ed las distintas lagunas localizadas en el inside del Parque Pure.<\/p>\n<aside style=\"max-width:615px;min-width:300px;width:100%;height:462px\" class=\"ad all sunmedia2 bg-placeholder \"\/>\n<h3 class=\"font--primary body-components__header\"><strong>Laguna Negra<\/strong><\/h3>\n<p>Esta oscura, fascinante y enigm\u00e1tica laguna, envuelta en leyendas, forma unos de los parajes m\u00e1s bellos de la provincia soriana. De <strong>origen glacial<\/strong>, encajada a unos <strong>2.000 metros de altura<\/strong>, entre paredes gran\u00edticas y bordeada por infinitos pinares, dan a esta laguna su aspecto oscuro y tenebroso.<\/p>\n<div data-oembed-type=\"youtube\" class=\"body-components__oembed st-swap-parent st-swap--active youtube-player-preview\">\n<figure><picture><source srcset=\"&#10;              https:\/\/img.youtube.com\/vi_webp\/2j68BoOnIKI\/hqdefault.webp 480w,&#10;              https:\/\/img.youtube.com\/vi_webp\/2j68BoOnIKI\/sddefault.webp 640w&#10;            \" type=\"image\/webp\"\/><img alt=\"Laguna Negra - Soria Ni Te La Imaginas\" src=\"https:\/\/img.youtube.com\/vi\/2j68BoOnIKI\/sddefault.jpg\" srcset=\"&#10;              https:\/\/img.youtube.com\/vi\/2j68BoOnIKI\/hqdefault.jpg 420w,&#10;              https:\/\/img.youtube.com\/vi\/2j68BoOnIKI\/sddefault.jpg 640w&#10;            \" sizes=\"auto, (max-width: 480px) calc(100vw - 16px), 600px\" width=\"100%\" loading=\"lazy\" decoding=\"async\"\/><\/picture><\/figure>\n<p><button class=\"play-button\" aria-label=\"Reproducir v\u00eddeo\"><svg width=\"100%\" height=\"100%\" version=\"1.1\" viewbox=\"0 0 68 48\" focusable=\"false\" role=\"presentation\"><path d=\"M66.52,7.74c-0.78-2.93-2.49-5.41-5.42-6.19C55.79,.13,34,0,34,0S12.21,.13,6.9,1.55 C3.97,2.33,2.27,4.81,1.48,7.74C0.06,13.05,0,24,0,24s0.06,10.95,1.48,16.26c0.78,2.93,2.49,5.41,5.42,6.19 C12.21,47.87,34,48,34,48s21.79-0.13,27.1-1.55c2.93-0.78,4.64-3.26,5.42-6.19C67.94,34.95,68,24,68,24S67.94,13.05,66.52,7.74z\" fill=\"#f00\"\/><path d=\"M 45,24 27,14 27,34\" fill=\"#fff\"\/><\/svg><\/button><template><\/p>\n<div class=\"jeg_video_container jeg_video_content\"><iframe loading=\"lazy\" title=\"Laguna Negra - Soria Ni Te La Imaginas\" width=\"500\" height=\"281\" src=\"https:\/\/www.youtube.com\/embed\/2j68BoOnIKI?feature=oembed\" frameborder=\"0\" allow=\"accelerometer; autoplay; clipboard-write; encrypted-media; gyroscope; picture-in-picture; web-share\" referrerpolicy=\"strict-origin-when-cross-origin\" allowfullscreen><\/iframe><\/div>\n<p>          <\/template><\/div>\n<p>La Laguna Negra est\u00e1 situada a tan solo <strong>50 kil\u00f3metros de distancia de la capital.<\/strong> Para llegar hasta all\u00ed, cogeremos la N-234 direcci\u00f3n Burgos hasta la localidad de Cidones. Al closing del pueblo, se tomar\u00e1 el desv\u00edo a mano derecha en direcci\u00f3n Vinuesa. Cerca de esta localidad ya se puede acceder a la Laguna Negra por el encantador Valle del Revinuesa entre <strong>pinos silvestres<\/strong> de buen porte y altura.<\/p>\n<\/div>\n\n<p><em> &#8221; Fuentes www.larazon.es &#8221; <\/em><\/p>\n","protected":false},"excerpt":{"rendered":"<p>Mucha gente est\u00e1 intentando escapar del caluroso verano. Son muchos los territorios de la denominada Espa\u00f1a vaciada que ofrece una amplia y variada oferta para disfrutar de este periodo estival. Noticias relacionadas Sierra de Francia La Mancomunidad de la Sierra de Francia, en la provincia de Salamanca, -formada por 15 pueblos ubicados en el Parque [&hellip;]<\/p>\n","protected":false},"author":4,"featured_media":361889,"comment_status":"open","ping_status":"closed","sticky":false,"template":"","format":"standard","meta":{"om_disable_all_campaigns":false,"jnews-multi-image_gallery":[],"jnews_single_post":[],"jnews_primary_category":[],"jnews_social_meta":[],"footnotes":""},"categories":[39],"tags":[2026,544],"class_list":["post-361888","post","type-post","status-publish","format-standard","has-post-thumbnail","hentry","category-viajes","tag-castilla-y-leon","tag-turismo"],"_links":{"self":[{"href":"https:\/\/dimensionturistica.com\/es\/wp-json\/wp\/v2\/posts\/361888","targetHints":{"allow":["GET"]}}],"collection":[{"href":"https:\/\/dimensionturistica.com\/es\/wp-json\/wp\/v2\/posts"}],"about":[{"href":"https:\/\/dimensionturistica.com\/es\/wp-json\/wp\/v2\/types\/post"}],"author":[{"embeddable":true,"href":"https:\/\/dimensionturistica.com\/es\/wp-json\/wp\/v2\/users\/4"}],"replies":[{"embeddable":true,"href":"https:\/\/dimensionturistica.com\/es\/wp-json\/wp\/v2\/comments?post=361888"}],"version-history":[{"count":0,"href":"https:\/\/dimensionturistica.com\/es\/wp-json\/wp\/v2\/posts\/361888\/revisions"}],"wp:featuredmedia":[{"embeddable":true,"href":"https:\/\/dimensionturistica.com\/es\/wp-json\/wp\/v2\/media\/361889"}],"wp:attachment":[{"href":"https:\/\/dimensionturistica.com\/es\/wp-json\/wp\/v2\/media?parent=361888"}],"wp:term":[{"taxonomy":"category","embeddable":true,"href":"https:\/\/dimensionturistica.com\/es\/wp-json\/wp\/v2\/categories?post=361888"},{"taxonomy":"post_tag","embeddable":true,"href":"https:\/\/dimensionturistica.com\/es\/wp-json\/wp\/v2\/tags?post=361888"}],"curies":[{"name":"wp","href":"https:\/\/api.w.org\/{rel}","templated":true}]}}