{"id":361737,"date":"2022-07-28T22:52:55","date_gmt":"2022-07-28T22:52:55","guid":{"rendered":"https:\/\/dimensionturistica.com\/es\/?p=361737"},"modified":"2022-07-28T22:52:55","modified_gmt":"2022-07-28T22:52:55","slug":"establece-una-alianza-estrategica-pricetravel-holding-y-la-secretaria-de-turismo-del-estado-de-queretaro","status":"publish","type":"post","link":"https:\/\/dimensionturistica.com\/es\/establece-una-alianza-estrategica-pricetravel-holding-y-la-secretaria-de-turismo-del-estado-de-queretaro\/","title":{"rendered":"Establece una alianza estrat\u00e9gica Pricetravel Holding y la Secretaria de Turismo del Estado de Quer\u00e9taro"},"content":{"rendered":"<p><img decoding=\"async\" class=\"wp-image-361750 alignright\" src=\"https:\/\/dimensionturistica.com\/es\/wp-content\/uploads\/2022\/07\/PAGACOMOPUEDAS-300x240.jpg\" alt=\"\" width=\"515\" height=\"412\" srcset=\"https:\/\/dimensionturistica.com\/es\/wp-content\/uploads\/2022\/07\/PAGACOMOPUEDAS-300x240.jpg 300w, https:\/\/dimensionturistica.com\/es\/wp-content\/uploads\/2022\/07\/PAGACOMOPUEDAS-1024x819.jpg 1024w, https:\/\/dimensionturistica.com\/es\/wp-content\/uploads\/2022\/07\/PAGACOMOPUEDAS-768x614.jpg 768w, https:\/\/dimensionturistica.com\/es\/wp-content\/uploads\/2022\/07\/PAGACOMOPUEDAS-1536x1229.jpg 1536w, https:\/\/dimensionturistica.com\/es\/wp-content\/uploads\/2022\/07\/PAGACOMOPUEDAS-750x600.jpg 750w, https:\/\/dimensionturistica.com\/es\/wp-content\/uploads\/2022\/07\/PAGACOMOPUEDAS-1140x912.jpg 1140w, https:\/\/dimensionturistica.com\/es\/wp-content\/uploads\/2022\/07\/PAGACOMOPUEDAS.jpg 2048w\" sizes=\"(max-width: 515px) 100vw, 515px\" \/>Con la intenci\u00f3n de fortalecer las herramientas de promoci\u00f3n tur\u00edstica y potenciar la venta directa de los prestadores de servicios tur\u00edsticos de Quer\u00e9taro, la Secretar\u00eda de Turismo del estado (Sectur) y la empresa PriceTravel Ho\u00a3lding establecieron una alianza comercial estrat\u00e9gica a trav\u00e9s de un motor de reservaciones on line en: https:\/\/reservar.queretaro.travel\/ y https:\/\/queretaro.travel.<br \/>\nDe esta manera, la empresa multicanal con enfoque total en tecnolog\u00eda y contenido, ofrecer\u00e1 el desarrollo e integraci\u00f3n total de un motor de reservaciones para paquetes din\u00e1micos, adaptado con el look &amp; feel del destino y enfocado en la experiencia de usuario, para que sus clientes vivan una experiencia de compra intuitiva, confiable y segura a trav\u00e9s de esta plataforma de ventas.<br \/>\n\u201cEsta alianza comercial, viene a fortalecer y a redondear los esfuerzos de promoci\u00f3n tur\u00edstica que hemos venido implementando desde el inicio de la administraci\u00f3n que encabeza el gobernador Mauricio Kuri.\u00a0Tenemos el objetivo de llevar a Quer\u00e9taro al siguiente nivel como destino tur\u00edstico, a trav\u00e9s del incremento en las ventas y las oportunidades para nuestros prestadores de servicios tur\u00edsticos. Con este motor de reservaciones, facilitamos y mejoramos la experiencia de viajar a nuestro destino, desde el primer acercamiento\u201d, sostuvo la titular de Sectur, Mariela Moran Ocampo.<br \/>\nDetall\u00f3 que el motor de reservaciones se integrar\u00e1 a la p\u00e1gina web del destino y permitir\u00e1 al usuario conocer, comparar y reservar los servicios tur\u00edsticos y las experiencias de su agrado de manera f\u00e1cil y r\u00e1pida. Con ello, subray\u00f3, \u201cavanzamos para convertir a Quer\u00e9taro en un destino tur\u00edstico m\u00e1s accesible, m\u00e1s entra\u00f1able y con servicios de alta calidad\u201d.<br \/>\nPor su parte, Juan Socas, Director de Alianzas Comerciales de PriceTravel Holding, coment\u00f3: \u201cEstamos felices de concretar nuestra primera alianza con Quer\u00e9taro, un destino tur\u00edstico referente para M\u00e9xico, que cuenta con una historia \u00fanica. Confiamos en que la experiencia tecnol\u00f3gica de PriceTravel Holding, permitir\u00e1 una\u00a0mayor conversi\u00f3n en ventas y beneficiar\u00e1 a todos los viajeros\u201d.<br \/>\nAdem\u00e1s, el grupo tur\u00edstico ofrecer\u00e1 un contact center dedicado y con l\u00ednea de atenci\u00f3n exclusiva y personalizada para Quer\u00e9taro, como parte de una soluci\u00f3n integral que ofrece tecnolog\u00eda, contenido y servicio. \u201cNuestros asesores expertos, atender\u00e1n a los clientes que busquen vacaciones hacia este destino, con los m\u00e1s altos est\u00e1ndares de calidad y servicio las 24 horas del d\u00eda los 7 d\u00edas de la semana\u201d, concluy\u00f3 Socas.<br \/>\nLa red de alianzas comerciales y la capacidad de distribuci\u00f3n de PriceTravel Holding son diferenciadores que identific\u00f3 Quer\u00e9taro para formalizar la alianza, aunado a la diversidad de producto a trav\u00e9s de contratos directos, precios competitivos, ofertas y promociones exclusivas, as\u00ed como una poderosa pasarela de pagos.<br \/>\nPriceTravel Holding, a trav\u00e9s de su unidad de negocios \u201cTravelinn\u201d, reactiv\u00f3 este a\u00f1o sus caravanas en M\u00e9xico, para seguir promoviendo el turismo a trav\u00e9s de los agentes de viajes.<br \/>\nEn este sentido, Quer\u00e9taro trabaja coordinadamente en las caravanas para continuar la promoci\u00f3n del turismo a trav\u00e9s de los agentes de viajes de todo el pa\u00eds. En dicha actividad, el estado particip\u00f3 como una de las ciudades sede, junto a destinos como Canc\u00fan, Chihuahua, Ciudad de M\u00e9xico, Cuernavaca y Le\u00f3n, con la participaci\u00f3n de m\u00e1s de mil agentes de viajes.<br \/>\nAsimismo, PriceTravel Holding realiz\u00f3 su Seminario para Hoteles en el destino, con la participaci\u00f3n de la Secretaria de Turismo y de m\u00e1s de 80 hoteleros. El evento tuvo como principal objetivo dar a conocer los beneficios de sumarse al importante portafolio de hoteles, producto distribuido a trav\u00e9s de su modelo de distribuci\u00f3n y conocer el alcance que pueden tener al pertenecer al vasto contenido de la compa\u00f1\u00eda.<br \/>\nCon este tipo de acciones e iniciativas, Quer\u00e9taro y PriceTravel Holding ofrecen al viajero una experiencia integral de viaje y la entidad se consolida como un protagonista del panorama tur\u00edstico nacional.<\/p>\n","protected":false},"excerpt":{"rendered":"<p>Con la intenci\u00f3n de fortalecer las herramientas de promoci\u00f3n tur\u00edstica y potenciar la venta directa de los prestadores de servicios tur\u00edsticos de Quer\u00e9taro, la Secretar\u00eda de Turismo del estado (Sectur) y la empresa PriceTravel Ho\u00a3lding establecieron una alianza comercial estrat\u00e9gica a trav\u00e9s de un motor de reservaciones on line en: https:\/\/reservar.queretaro.travel\/ y https:\/\/queretaro.travel. De esta [&hellip;]<\/p>\n","protected":false},"author":1,"featured_media":361738,"comment_status":"open","ping_status":"closed","sticky":false,"template":"","format":"standard","meta":{"om_disable_all_campaigns":false,"jnews-multi-image_gallery":[],"jnews_single_post":{"source_name":"","source_url":"","via_name":"","via_url":"","override_template":"0","override":[{"template":"1","single_blog_custom":"","parallax":"1","fullscreen":"1","layout":"right-sidebar","sidebar":"default-sidebar","second_sidebar":"default-sidebar","sticky_sidebar":"1","share_position":"top","share_float_style":"share-monocrhome","show_share_counter":"1","show_view_counter":"1","show_featured":"1","show_post_meta":"1","show_post_author":"1","show_post_author_image":"1","show_post_date":"1","post_date_format":"default","post_date_format_custom":"Y\/m\/d","show_post_category":"1","show_post_reading_time":"0","post_reading_time_wpm":"300","show_zoom_button":"0","zoom_button_out_step":"2","zoom_button_in_step":"3","show_post_tag":"1","show_prev_next_post":"1","show_popup_post":"1","number_popup_post":"1","show_author_box":"0","show_post_related":"0","show_inline_post_related":"0"}],"override_image_size":"0","image_override":[{"single_post_thumbnail_size":"crop-500","single_post_gallery_size":"crop-500"}],"trending_post":"0","trending_post_position":"meta","trending_post_label":"Trending","sponsored_post":"0","sponsored_post_label":"Sponsored by","sponsored_post_name":"","sponsored_post_url":"","sponsored_post_logo_enable":"0","sponsored_post_logo":"","sponsored_post_desc":"","disable_ad":"0"},"jnews_primary_category":{"id":""},"jnews_social_meta":{"fb_title":"","fb_description":"","fb_image":"","twitter_title":"","twitter_description":"","twitter_image":""},"footnotes":""},"categories":[39],"tags":[],"class_list":["post-361737","post","type-post","status-publish","format-standard","has-post-thumbnail","hentry","category-viajes"],"_links":{"self":[{"href":"https:\/\/dimensionturistica.com\/es\/wp-json\/wp\/v2\/posts\/361737","targetHints":{"allow":["GET"]}}],"collection":[{"href":"https:\/\/dimensionturistica.com\/es\/wp-json\/wp\/v2\/posts"}],"about":[{"href":"https:\/\/dimensionturistica.com\/es\/wp-json\/wp\/v2\/types\/post"}],"author":[{"embeddable":true,"href":"https:\/\/dimensionturistica.com\/es\/wp-json\/wp\/v2\/users\/1"}],"replies":[{"embeddable":true,"href":"https:\/\/dimensionturistica.com\/es\/wp-json\/wp\/v2\/comments?post=361737"}],"version-history":[{"count":0,"href":"https:\/\/dimensionturistica.com\/es\/wp-json\/wp\/v2\/posts\/361737\/revisions"}],"wp:featuredmedia":[{"embeddable":true,"href":"https:\/\/dimensionturistica.com\/es\/wp-json\/wp\/v2\/media\/361738"}],"wp:attachment":[{"href":"https:\/\/dimensionturistica.com\/es\/wp-json\/wp\/v2\/media?parent=361737"}],"wp:term":[{"taxonomy":"category","embeddable":true,"href":"https:\/\/dimensionturistica.com\/es\/wp-json\/wp\/v2\/categories?post=361737"},{"taxonomy":"post_tag","embeddable":true,"href":"https:\/\/dimensionturistica.com\/es\/wp-json\/wp\/v2\/tags?post=361737"}],"curies":[{"name":"wp","href":"https:\/\/api.w.org\/{rel}","templated":true}]}}