{"id":361712,"date":"2022-07-28T22:15:05","date_gmt":"2022-07-28T22:15:05","guid":{"rendered":"https:\/\/dimensionturistica.com\/es\/?p=361712"},"modified":"2022-07-28T22:15:05","modified_gmt":"2022-07-28T22:15:05","slug":"dan-el-banderazo-del-operativo-vacacional-verano-2022-en-la-paz-baja-california-sur","status":"publish","type":"post","link":"https:\/\/dimensionturistica.com\/es\/dan-el-banderazo-del-operativo-vacacional-verano-2022-en-la-paz-baja-california-sur\/","title":{"rendered":"Dan el banderazo del Operativo Vacacional Verano 2022 en La Paz, Baja California Sur"},"content":{"rendered":"<p>&nbsp;<\/p>\n<p><img decoding=\"async\" class=\"size-medium wp-image-361716 alignright\" src=\"https:\/\/dimensionturistica.com\/es\/wp-content\/uploads\/2022\/07\/Banderazo-de-Operarivo-Vacacional-2022-5-300x200.jpeg\" alt=\"\" width=\"300\" height=\"200\" srcset=\"https:\/\/dimensionturistica.com\/es\/wp-content\/uploads\/2022\/07\/Banderazo-de-Operarivo-Vacacional-2022-5-300x200.jpeg 300w, https:\/\/dimensionturistica.com\/es\/wp-content\/uploads\/2022\/07\/Banderazo-de-Operarivo-Vacacional-2022-5-1024x683.jpeg 1024w, https:\/\/dimensionturistica.com\/es\/wp-content\/uploads\/2022\/07\/Banderazo-de-Operarivo-Vacacional-2022-5-768x512.jpeg 768w, https:\/\/dimensionturistica.com\/es\/wp-content\/uploads\/2022\/07\/Banderazo-de-Operarivo-Vacacional-2022-5-750x500.jpeg 750w, https:\/\/dimensionturistica.com\/es\/wp-content\/uploads\/2022\/07\/Banderazo-de-Operarivo-Vacacional-2022-5.jpeg 1080w\" sizes=\"(max-width: 300px) 100vw, 300px\" \/>El subsecretario de Turismo, Humberto Hern\u00e1ndez Haddad, en representaci\u00f3n del secretario de Turismo del Gobierno de M\u00e9xico, Miguel Torruco Marqu\u00e9s, y el gobernador de Baja California Sur, V\u00edctor Manuel Castro Cos\u00edo, encabezaron el banderazo del Operativo Vacacional Verano 2022, en la ciudad de La Paz.<br \/>\nAcompa\u00f1ado de la secretaria de Turismo y Econom\u00eda de Baja California Sur, Rosa Maribel Collins S\u00e1nchez, y de la presidenta municipal de la Paz, Milena Quiroga Romero, el subsecretario de Turismo inform\u00f3 que esta temporada vacacional, que comprende los meses de julio y agosto, se prev\u00e9 la llegada de 51 millones 765 mil turistas, de los cuales 22 millones 291 mil se hospedar\u00e1n en hotel, 78% nacionales y 22% extranjeros, significando un incremento del 14.5% comparado con el mismo periodo del 2021, y una recuperaci\u00f3n del 92.3%, respecto a 2019.<br \/>\nIndic\u00f3 que a su vez, 29 millones 474 mil turistas, 90.8% nacionales y 9.2% extranjeros, se alojar\u00e1n en otra forma de hospedaje, ya sea en casa de familiares y amigos o en segundas residencias.<br \/>\nAsimismo, se\u00f1al\u00f3 que se prev\u00e9 una derrama econ\u00f3mica por concepto de hospedaje de 59 mil 93 millones<img decoding=\"async\" class=\"size-medium wp-image-361717 alignright\" src=\"https:\/\/dimensionturistica.com\/es\/wp-content\/uploads\/2022\/07\/Banderazo-de-Operarivo-Vacacional-2022-4-300x200.jpeg\" alt=\"\" width=\"300\" height=\"200\" srcset=\"https:\/\/dimensionturistica.com\/es\/wp-content\/uploads\/2022\/07\/Banderazo-de-Operarivo-Vacacional-2022-4-300x200.jpeg 300w, https:\/\/dimensionturistica.com\/es\/wp-content\/uploads\/2022\/07\/Banderazo-de-Operarivo-Vacacional-2022-4-1024x682.jpeg 1024w, https:\/\/dimensionturistica.com\/es\/wp-content\/uploads\/2022\/07\/Banderazo-de-Operarivo-Vacacional-2022-4-768x512.jpeg 768w, https:\/\/dimensionturistica.com\/es\/wp-content\/uploads\/2022\/07\/Banderazo-de-Operarivo-Vacacional-2022-4-1536x1023.jpeg 1536w, https:\/\/dimensionturistica.com\/es\/wp-content\/uploads\/2022\/07\/Banderazo-de-Operarivo-Vacacional-2022-4-750x500.jpeg 750w, https:\/\/dimensionturistica.com\/es\/wp-content\/uploads\/2022\/07\/Banderazo-de-Operarivo-Vacacional-2022-4-1140x760.jpeg 1140w, https:\/\/dimensionturistica.com\/es\/wp-content\/uploads\/2022\/07\/Banderazo-de-Operarivo-Vacacional-2022-4.jpeg 1600w\" sizes=\"(max-width: 300px) 100vw, 300px\" \/> de pesos, que aunado a otros servicios, alcanzar\u00e1 un consumo tur\u00edstico de 649 mil 25 millones de pesos.<br \/>\nLa ocupaci\u00f3n hotelera promedio a nivel nacional, se espera sea del 57.8%, esto es, 12.3 puntos porcentuales m\u00e1s que en los meses de julio y agosto de 2021, que fue de 45.5%, apunt\u00f3 Hern\u00e1ndez Haddad.<br \/>\nEl subsecretario de Turismo subray\u00f3 que el Operativo Vacacional Verano 2022 se aplicar\u00e1 del 29 de julio al 28 de agosto, y se desplegar\u00e1n m\u00e1s de 700 elementos de \u00c1ngeles Verdes, distribuidos en 198 tramos carreteros, que representan una cobertura de 37 mil kil\u00f3metros.<br \/>\nPara ello, har\u00e1n uso de 188 radio-patrullas, 42 gr\u00faas y 54 remolques tipo camper, con lo que se espera dar atenci\u00f3n a 45 mil 240 turistas, recorriendo m\u00e1s de 899 mil 251 kil\u00f3metros, y recibir alrededor de 2 mil 260 llamadas de emergencia a trav\u00e9s del 078.<br \/>\nAdem\u00e1s, este operativo es un ejercicio transversal de protecci\u00f3n tur\u00edstica, donde trabajan en estrecha vinculaci\u00f3n otras dependencias de gobierno como Secretar\u00eda de Marina, Secretar\u00eda de la Defensa Nacional, Guardia Nacional, Instituto Nacional de Migraci\u00f3n, Banj\u00e9rcito, Caminos y Puentes Federales, Procuradur\u00eda Federal del Consumidor, el Servicio de Administraci\u00f3n Tributaria, entre otras.<br \/>\nHern\u00e1ndez Haddad destac\u00f3 que el periodo vacacional Verano 2022 contribuir\u00e1 al fortalecimiento de nuestro<img decoding=\"async\" class=\"size-medium wp-image-361719 alignright\" src=\"https:\/\/dimensionturistica.com\/es\/wp-content\/uploads\/2022\/07\/Banderazo-de-Operarivo-Vacacional-2022-2-300x200.jpeg\" alt=\"\" width=\"300\" height=\"200\" srcset=\"https:\/\/dimensionturistica.com\/es\/wp-content\/uploads\/2022\/07\/Banderazo-de-Operarivo-Vacacional-2022-2-300x200.jpeg 300w, https:\/\/dimensionturistica.com\/es\/wp-content\/uploads\/2022\/07\/Banderazo-de-Operarivo-Vacacional-2022-2-1024x682.jpeg 1024w, https:\/\/dimensionturistica.com\/es\/wp-content\/uploads\/2022\/07\/Banderazo-de-Operarivo-Vacacional-2022-2-768x512.jpeg 768w, https:\/\/dimensionturistica.com\/es\/wp-content\/uploads\/2022\/07\/Banderazo-de-Operarivo-Vacacional-2022-2-1536x1023.jpeg 1536w, https:\/\/dimensionturistica.com\/es\/wp-content\/uploads\/2022\/07\/Banderazo-de-Operarivo-Vacacional-2022-2-750x500.jpeg 750w, https:\/\/dimensionturistica.com\/es\/wp-content\/uploads\/2022\/07\/Banderazo-de-Operarivo-Vacacional-2022-2-1140x760.jpeg 1140w, https:\/\/dimensionturistica.com\/es\/wp-content\/uploads\/2022\/07\/Banderazo-de-Operarivo-Vacacional-2022-2.jpeg 1600w\" sizes=\"(max-width: 300px) 100vw, 300px\" \/> turismo, en el que los visitantes podr\u00e1n disfrutar de la riqueza tur\u00edstica de destinos como Baja California Sur, en donde destacan sus dos enigm\u00e1ticos Pueblos M\u00e1gicos, \u201cTodos Santos\u201d y \u201cLoreto\u201d, as\u00ed como sus tres maravillosos Sitios Patrimonio de la Humanidad: el Santuario de Ballenas de El Vizca\u00edno, las Pinturas rupestres de la Sierra de San Francisco y las Islas y \u00c1reas Protegidas del Golfo de California.<br \/>\nComo parte de las acciones para impulsar el turismo en la entidad, la Secretar\u00eda de Turismo (Sectur) y el gobierno de Baja California Sur han desarrollado eventos de alto impacto como la Carrera \u201cMar a Mar\u201d, una competencia que se realizar\u00e1 en tres etapas del 2 al 4 de diciembre del presente a\u00f1o, con un recorrido total de aproximadamente 100 kil\u00f3metros, partiendo del poblado \u201cLos Barriles\u201d, en La Paz, y concluyendo en \u201cTodos Santos\u201d.<br \/>\nPor su parte, el gobernador de Baja California Sur, V\u00edctor Manuel Castro Cos\u00edo, agradeci\u00f3 el respaldo del gobierno federal y dijo que, si bien es cierto el turismo es motor de la econom\u00eda de la entidad, se debe trabajar para tener mejores inversiones, porque si hay desarrollo, hay desarrollo, bienestar y paz.<br \/>\nEn tanto, la alcaldesa de La Paz, Milena Quiroga Romero, declar\u00f3 que su administraci\u00f3n trabaja en \u201cfortalecer las comunidades que tienen el potencial tur\u00edstico, y apoyar el desarrollo sustentable mediante la coordinaci\u00f3n de esfuerzos y acciones que involucren la participaci\u00f3n de todas y todos, tal como lo hicimos en la visita del secretario Miguel Torruco en nuestro Pueblo M\u00e1gico de Todos Santos\u201d.<br \/>\nEn su oportunidad, la secretaria de Turismo y Econom\u00eda de Baja California Sur, Rosa Maribel Collins S\u00e1nchez, coment\u00f3: \u201cCelebramos hoy la distinci\u00f3n que nos hace la Secretar\u00eda de Turismo del Gobierno de M\u00e9xico de dar el banderazo nacional para el Periodo Vacacional de Verano 2022. Es la primera vez que recibimos tal distinci\u00f3n y qu\u00e9 mejor que hacerlo en La Paz, ciudad que hace honor a su nombre\u201d.<br \/>\nAgreg\u00f3 que el turismo implica poner en sinton\u00eda muchas materias, entre ellas, seguridad. \u201cSobre todo este \u00faltimo rengl\u00f3n, es sustantivo para que la experiencia de viaje sea placentera e inolvidable\u201d, dijo.<img decoding=\"async\" class=\"size-medium wp-image-361720 alignright\" src=\"https:\/\/dimensionturistica.com\/es\/wp-content\/uploads\/2022\/07\/Banderazo-de-Operarivo-Vacacional-2022-1-300x200.jpeg\" alt=\"\" width=\"300\" height=\"200\" srcset=\"https:\/\/dimensionturistica.com\/es\/wp-content\/uploads\/2022\/07\/Banderazo-de-Operarivo-Vacacional-2022-1-300x200.jpeg 300w, https:\/\/dimensionturistica.com\/es\/wp-content\/uploads\/2022\/07\/Banderazo-de-Operarivo-Vacacional-2022-1-1024x682.jpeg 1024w, https:\/\/dimensionturistica.com\/es\/wp-content\/uploads\/2022\/07\/Banderazo-de-Operarivo-Vacacional-2022-1-768x512.jpeg 768w, https:\/\/dimensionturistica.com\/es\/wp-content\/uploads\/2022\/07\/Banderazo-de-Operarivo-Vacacional-2022-1-1536x1023.jpeg 1536w, https:\/\/dimensionturistica.com\/es\/wp-content\/uploads\/2022\/07\/Banderazo-de-Operarivo-Vacacional-2022-1-750x500.jpeg 750w, https:\/\/dimensionturistica.com\/es\/wp-content\/uploads\/2022\/07\/Banderazo-de-Operarivo-Vacacional-2022-1-1140x760.jpeg 1140w, https:\/\/dimensionturistica.com\/es\/wp-content\/uploads\/2022\/07\/Banderazo-de-Operarivo-Vacacional-2022-1.jpeg 1600w\" sizes=\"(max-width: 300px) 100vw, 300px\" \/><br \/>\nEn el banderazo del Operativo Vacacional Verano 2022 estuvieron presentes tambi\u00e9n el almirante Santiago Jorge Morgado G\u00f3mez, comandante de la Cuarta Regi\u00f3n Naval de la Secretar\u00eda de Marina; el general de Divisi\u00f3n Inocente Prado L\u00f3pez, jefe de la III Zona Militar; Alejandro Z\u00fa\u00f1iga Bernal, titular de la Direcci\u00f3n General de Servicios al Turista \u00c1ngeles Verdes, entre otras entidades. Dan el banderazo del Operativo Vacacional Verano 2022 en La Paz, Baja California Sur El gobernador de Baja California Sur, V\u00edctor Manuel Castro Cos\u00edo, agradeci\u00f3 el respaldo del gobierno federal en el impulso de la actividad tur\u00edstica en la entidad.<\/p>\n<p>El subsecretario de Turismo, Humberto Hern\u00e1ndez Haddad, en representaci\u00f3n del secretario de Turismo del Gobierno de M\u00e9xico, Miguel Torruco Marqu\u00e9s, y el gobernador de Baja California Sur, V\u00edctor Manuel Castro Cos\u00edo, encabezaron el banderazo del Operativo Vacacional Verano 2022, en la ciudad de La Paz.<br \/>\nAcompa\u00f1ado de la secretaria de Turismo y Econom\u00eda de Baja California Sur, Rosa Maribel Collins S\u00e1nchez, y de la presidenta municipal de la Paz, Milena Quiroga Romero, el subsecretario de Turismo inform\u00f3 que esta temporada vacacional, que comprende los meses de julio y agosto, se prev\u00e9 la llegada de 51 millones 765 mil turistas, de los cuales 22 millones 291 mil se hospedar\u00e1n en hotel, 78% nacionales y 22% extranjeros, significando un incremento del 14.5% comparado con el mismo periodo del 2021, y una recuperaci\u00f3n del 92.3%, respecto a 2019.<br \/>\nIndic\u00f3 que a su vez, 29 millones 474 mil turistas, 90.8% nacionales y 9.2% extranjeros, se alojar\u00e1n en otra forma de hospedaje, ya sea en casa de familiares y amigos o en segundas residencias.<br \/>\nAsimismo, se\u00f1al\u00f3 que se prev\u00e9 una derrama econ\u00f3mica por concepto de hospedaje de 59 mil 93 millones de pesos, que aunado a otros servicios, alcanzar\u00e1 un consumo tur\u00edstico de 649 mil 25 millones de pesos.<br \/>\nLa ocupaci\u00f3n hotelera promedio a nivel nacional, se espera sea del 57.8%, esto es, 12.3 puntos porcentuales m\u00e1s que en los meses de julio y agosto de 2021, que fue de 45.5%, apunt\u00f3 Hern\u00e1ndez Haddad.<br \/>\nEl subsecretario de Turismo subray\u00f3 que el Operativo Vacacional Verano 2022 se aplicar\u00e1 del 29 de julio al 28 de agosto, y se desplegar\u00e1n m\u00e1s de 700 elementos de \u00c1ngeles Verdes, distribuidos en 198 tramos carreteros, que representan una cobertura de 37 mil kil\u00f3metros.<br \/>\nPara ello, har\u00e1n uso de 188 radio-patrullas, 42 gr\u00faas y 54 remolques tipo camper, con lo que se espera dar atenci\u00f3n a 45 mil 240 turistas, recorriendo m\u00e1s de 899 mil 251 kil\u00f3metros, y recibir alrededor de 2 mil 260 llamadas de emergencia a trav\u00e9s del 078.<br \/>\nAdem\u00e1s, este operativo es un ejercicio transversal de protecci\u00f3n tur\u00edstica, donde trabajan en estrecha vinculaci\u00f3n otras dependencias de gobierno como Secretar\u00eda de Marina, Secretar\u00eda de la Defensa Nacional, Guardia Nacional, Instituto Nacional de Migraci\u00f3n, Banj\u00e9rcito, Caminos y Puentes Federales, Procuradur\u00eda Federal del Consumidor, el Servicio de Administraci\u00f3n Tributaria, entre otras.<br \/>\nHern\u00e1ndez Haddad destac\u00f3 que el periodo vacacional Verano 2022 contribuir\u00e1 al fortalecimiento de nuestro turismo, en el que los visitantes podr\u00e1n disfrutar de la riqueza tur\u00edstica de destinos como Baja California Sur, en donde destacan sus dos enigm\u00e1ticos Pueblos M\u00e1gicos, \u201cTodos Santos\u201d y \u201cLoreto\u201d, as\u00ed como sus tres maravillosos Sitios Patrimonio de la Humanidad: el Santuario de Ballenas de El Vizca\u00edno, las Pinturas rupestres de la Sierra de San Francisco y las Islas y \u00c1reas Protegidas del Golfo de California.<br \/>\nComo parte de las acciones para impulsar el turismo en la entidad, la Secretar\u00eda de Turismo (Sectur) y el gobierno de Baja California Sur han desarrollado eventos de alto impacto como la Carrera \u201cMar a Mar\u201d, una competencia que se realizar\u00e1 en tres etapas del 2 al 4 de diciembre del presente a\u00f1o, con un recorrido total de aproximadamente 100 kil\u00f3metros, partiendo del poblado \u201cLos Barriles\u201d, en La Paz, y concluyendo en \u201cTodos Santos\u201d.<br \/>\nPor su parte, el gobernador de Baja California Sur, V\u00edctor Manuel Castro Cos\u00edo, agradeci\u00f3 el respaldo del gobierno federal y dijo que, si bien es cierto el turismo es motor de la econom\u00eda de la entidad, se debe trabajar para tener mejores inversiones, porque si hay desarrollo, hay desarrollo, bienestar y paz.<br \/>\nEn tanto, la alcaldesa de La Paz, Milena Quiroga Romero, declar\u00f3 que su administraci\u00f3n trabaja en \u201cfortalecer las comunidades que tienen el potencial tur\u00edstico, y apoyar el desarrollo sustentable mediante la coordinaci\u00f3n de esfuerzos y acciones que involucren la participaci\u00f3n de todas y todos, tal como lo hicimos en la visita del secretario Miguel Torruco en nuestro Pueblo M\u00e1gico de Todos Santos\u201d.<br \/>\nEn su oportunidad, la secretaria de Turismo y Econom\u00eda de Baja California Sur, Rosa Maribel Collins S\u00e1nchez, coment\u00f3: \u201cCelebramos hoy la distinci\u00f3n que nos hace la Secretar\u00eda de Turismo del Gobierno de M\u00e9xico de dar el banderazo nacional para el Periodo Vacacional de Verano 2022. Es la primera vez que recibimos tal distinci\u00f3n y qu\u00e9 mejor que hacerlo en La Paz, ciudad que hace honor a su nombre\u201d.<br \/>\nAgreg\u00f3 que el turismo implica poner en sinton\u00eda muchas materias, entre ellas, seguridad. \u201cSobre todo este \u00faltimo rengl\u00f3n, es sustantivo para que la experiencia de viaje sea placentera e inolvidable\u201d, dijo.<br \/>\nEn el banderazo del Operativo Vacacional Verano 2022 estuvieron presentes tambi\u00e9n el almirante Santiago Jorge Morgado G\u00f3mez, comandante de la Cuarta Regi\u00f3n Naval de la Secretar\u00eda de Marina; el general de Divisi\u00f3n Inocente Prado L\u00f3pez, jefe de la III Zona Militar; Alejandro Z\u00fa\u00f1iga Bernal, titular de la Direcci\u00f3n General de Servicios al Turista \u00c1ngeles Verdes, entre otras entidades.<\/p>\n<p>&nbsp;<\/p>\n<p>Dan el banderazo del Operativo Vacacional Verano 2022 en La Paz, Baja California Sur<\/p>\n<p>El gobernador de Baja California Sur, V\u00edctor Manuel Castro Cos\u00edo, agradeci\u00f3 el respaldo del gobierno federal en el impulso de la actividad tur\u00edstica en la entidad.<\/p>\n<p>El subsecretario de Turismo, Humberto Hern\u00e1ndez Haddad, en representaci\u00f3n del secretario de Turismo del Gobierno de M\u00e9xico, Miguel Torruco Marqu\u00e9s, y el gobernador de Baja California Sur, V\u00edctor Manuel Castro Cos\u00edo, encabezaron el banderazo del Operativo Vacacional Verano 2022, en la ciudad de La Paz.<br \/>\nAcompa\u00f1ado de la secretaria de Turismo y Econom\u00eda de Baja California Sur, Rosa Maribel Collins S\u00e1nchez, y de la presidenta municipal de la Paz, Milena Quiroga Romero, el subsecretario de Turismo inform\u00f3 que esta temporada vacacional, que comprende los meses de julio y agosto, se prev\u00e9 la llegada de 51 millones 765 mil turistas, de los cuales 22 millones 291 mil se hospedar\u00e1n en hotel, 78% nacionales y 22% extranjeros, significando un incremento del 14.5% comparado con el mismo periodo del 2021, y una recuperaci\u00f3n del 92.3%, respecto a 2019.<br \/>\nIndic\u00f3 que a su vez, 29 millones 474 mil turistas, 90.8% nacionales y 9.2% extranjeros, se alojar\u00e1n en otra forma de hospedaje, ya sea en casa de familiares y amigos o en segundas residencias.<br \/>\nAsimismo, se\u00f1al\u00f3 que se prev\u00e9 una derrama econ\u00f3mica por concepto de hospedaje de 59 mil 93 millones de pesos, que aunado a otros servicios, alcanzar\u00e1 un consumo tur\u00edstico de 649 mil 25 millones de pesos.<br \/>\nLa ocupaci\u00f3n hotelera promedio a nivel nacional, se espera sea del 57.8%, esto es, 12.3 puntos porcentuales m\u00e1s que en los meses de julio y agosto de 2021, que fue de 45.5%, apunt\u00f3 Hern\u00e1ndez Haddad.<br \/>\nEl subsecretario de Turismo subray\u00f3 que el Operativo Vacacional Verano 2022 se aplicar\u00e1 del 29 de julio al 28 de agosto, y se desplegar\u00e1n m\u00e1s de 700 elementos de \u00c1ngeles Verdes, distribuidos en 198 tramos carreteros, que representan una cobertura de 37 mil kil\u00f3metros.<br \/>\nPara ello, har\u00e1n uso de 188 radio-patrullas, 42 gr\u00faas y 54 remolques tipo camper, con lo que se espera dar atenci\u00f3n a 45 mil 240 turistas, recorriendo m\u00e1s de 899 mil 251 kil\u00f3metros, y recibir alrededor de 2 mil 260 llamadas de emergencia a trav\u00e9s del 078.<br \/>\nAdem\u00e1s, este operativo es un ejercicio transversal de protecci\u00f3n tur\u00edstica, donde trabajan en estrecha vinculaci\u00f3n otras dependencias de gobierno como Secretar\u00eda de Marina, Secretar\u00eda de la Defensa Nacional, Guardia Nacional, Instituto Nacional de Migraci\u00f3n, Banj\u00e9rcito, Caminos y Puentes Federales, Procuradur\u00eda Federal del Consumidor, el Servicio de Administraci\u00f3n Tributaria, entre otras.<br \/>\nHern\u00e1ndez Haddad destac\u00f3 que el periodo vacacional Verano 2022 contribuir\u00e1 al fortalecimiento de nuestro turismo, en el que los visitantes podr\u00e1n disfrutar de la riqueza tur\u00edstica de destinos como Baja California Sur, en donde destacan sus dos enigm\u00e1ticos Pueblos M\u00e1gicos, \u201cTodos Santos\u201d y \u201cLoreto\u201d, as\u00ed como sus tres maravillosos Sitios Patrimonio de la Humanidad: el Santuario de Ballenas de El Vizca\u00edno, las Pinturas rupestres de la Sierra de San Francisco y las Islas y \u00c1reas Protegidas del Golfo de California.<br \/>\nComo parte de las acciones para impulsar el turismo en la entidad, la Secretar\u00eda de Turismo (Sectur) y el gobierno de Baja California Sur han desarrollado eventos de alto impacto como la Carrera \u201cMar a Mar\u201d, una competencia que se realizar\u00e1 en tres etapas del 2 al 4 de diciembre del presente a\u00f1o, con un recorrido total de aproximadamente 100 kil\u00f3metros, partiendo del poblado \u201cLos Barriles\u201d, en La Paz, y concluyendo en \u201cTodos Santos\u201d.<br \/>\nPor su parte, el gobernador de Baja California Sur, V\u00edctor Manuel Castro Cos\u00edo, agradeci\u00f3 el respaldo del gobierno federal y dijo que, si bien es cierto el turismo es motor de la econom\u00eda de la entidad, se debe trabajar para tener mejores inversiones, porque si hay desarrollo, hay desarrollo, bienestar y paz.<br \/>\nEn tanto, la alcaldesa de La Paz, Milena Quiroga Romero, declar\u00f3 que su administraci\u00f3n trabaja en \u201cfortalecer las comunidades que tienen el potencial tur\u00edstico, y apoyar el desarrollo sustentable mediante la coordinaci\u00f3n de esfuerzos y acciones que involucren la participaci\u00f3n de todas y todos, tal como lo hicimos en la visita del secretario Miguel Torruco en nuestro Pueblo M\u00e1gico de Todos Santos\u201d.<br \/>\nEn su oportunidad, la secretaria de Turismo y Econom\u00eda de Baja California Sur, Rosa Maribel Collins S\u00e1nchez, coment\u00f3: \u201cCelebramos hoy la distinci\u00f3n que nos hace la Secretar\u00eda de Turismo del Gobierno de M\u00e9xico de dar el banderazo nacional para el Periodo Vacacional de Verano 2022. Es la primera vez que recibimos tal distinci\u00f3n y qu\u00e9 mejor que hacerlo en La Paz, ciudad que hace honor a su nombre\u201d.<br \/>\nAgreg\u00f3 que el turismo implica poner en sinton\u00eda muchas materias, entre ellas, seguridad. \u201cSobre todo este \u00faltimo rengl\u00f3n, es sustantivo para que la experiencia de viaje sea placentera e inolvidable\u201d, dijo.<br \/>\nEn el banderazo del Operativo Vacacional Verano 2022 estuvieron presentes tambi\u00e9n el almirante Santiago Jorge Morgado G\u00f3mez, comandante de la Cuarta Regi\u00f3n Naval de la Secretar\u00eda de Marina; el general de Divisi\u00f3n Inocente Prado L\u00f3pez, jefe de la III Zona Militar; Alejandro Z\u00fa\u00f1iga Bernal, titular de la Direcci\u00f3n General de Servicios al Turista \u00c1ngeles Verdes, entre otras entidades.<\/p>\n<p>&nbsp;<\/p>\n","protected":false},"excerpt":{"rendered":"<p>&nbsp; El subsecretario de Turismo, Humberto Hern\u00e1ndez Haddad, en representaci\u00f3n del secretario de Turismo del Gobierno de M\u00e9xico, Miguel Torruco Marqu\u00e9s, y el gobernador de Baja California Sur, V\u00edctor Manuel Castro Cos\u00edo, encabezaron el banderazo del Operativo Vacacional Verano 2022, en la ciudad de La Paz. Acompa\u00f1ado de la secretaria de Turismo y Econom\u00eda de [&hellip;]<\/p>\n","protected":false},"author":1,"featured_media":361718,"comment_status":"open","ping_status":"closed","sticky":false,"template":"","format":"standard","meta":{"om_disable_all_campaigns":false,"jnews-multi-image_gallery":[],"jnews_single_post":{"source_name":"","source_url":"","via_name":"","via_url":"","override_template":"0","override":[{"template":"1","single_blog_custom":"","parallax":"1","fullscreen":"1","layout":"right-sidebar","sidebar":"default-sidebar","second_sidebar":"default-sidebar","sticky_sidebar":"1","share_position":"top","share_float_style":"share-monocrhome","show_share_counter":"1","show_view_counter":"1","show_featured":"1","show_post_meta":"1","show_post_author":"1","show_post_author_image":"1","show_post_date":"1","post_date_format":"default","post_date_format_custom":"Y\/m\/d","show_post_category":"1","show_post_reading_time":"0","post_reading_time_wpm":"300","show_zoom_button":"0","zoom_button_out_step":"2","zoom_button_in_step":"3","show_post_tag":"1","show_prev_next_post":"1","show_popup_post":"1","number_popup_post":"1","show_author_box":"0","show_post_related":"0","show_inline_post_related":"0"}],"override_image_size":"0","image_override":[{"single_post_thumbnail_size":"crop-500","single_post_gallery_size":"crop-500"}],"trending_post":"0","trending_post_position":"meta","trending_post_label":"Trending","sponsored_post":"0","sponsored_post_label":"Sponsored by","sponsored_post_name":"","sponsored_post_url":"","sponsored_post_logo_enable":"0","sponsored_post_logo":"","sponsored_post_desc":"","disable_ad":"0"},"jnews_primary_category":{"id":""},"jnews_social_meta":{"fb_title":"","fb_description":"","fb_image":"","twitter_title":"","twitter_description":"","twitter_image":""},"footnotes":""},"categories":[39],"tags":[],"class_list":["post-361712","post","type-post","status-publish","format-standard","has-post-thumbnail","hentry","category-viajes"],"_links":{"self":[{"href":"https:\/\/dimensionturistica.com\/es\/wp-json\/wp\/v2\/posts\/361712","targetHints":{"allow":["GET"]}}],"collection":[{"href":"https:\/\/dimensionturistica.com\/es\/wp-json\/wp\/v2\/posts"}],"about":[{"href":"https:\/\/dimensionturistica.com\/es\/wp-json\/wp\/v2\/types\/post"}],"author":[{"embeddable":true,"href":"https:\/\/dimensionturistica.com\/es\/wp-json\/wp\/v2\/users\/1"}],"replies":[{"embeddable":true,"href":"https:\/\/dimensionturistica.com\/es\/wp-json\/wp\/v2\/comments?post=361712"}],"version-history":[{"count":0,"href":"https:\/\/dimensionturistica.com\/es\/wp-json\/wp\/v2\/posts\/361712\/revisions"}],"wp:featuredmedia":[{"embeddable":true,"href":"https:\/\/dimensionturistica.com\/es\/wp-json\/wp\/v2\/media\/361718"}],"wp:attachment":[{"href":"https:\/\/dimensionturistica.com\/es\/wp-json\/wp\/v2\/media?parent=361712"}],"wp:term":[{"taxonomy":"category","embeddable":true,"href":"https:\/\/dimensionturistica.com\/es\/wp-json\/wp\/v2\/categories?post=361712"},{"taxonomy":"post_tag","embeddable":true,"href":"https:\/\/dimensionturistica.com\/es\/wp-json\/wp\/v2\/tags?post=361712"}],"curies":[{"name":"wp","href":"https:\/\/api.w.org\/{rel}","templated":true}]}}