{"id":361598,"date":"2022-07-28T20:18:47","date_gmt":"2022-07-28T20:18:47","guid":{"rendered":"https:\/\/dimensionturistica.com\/es\/?p=361598"},"modified":"2022-07-28T20:36:15","modified_gmt":"2022-07-28T20:36:15","slug":"de-cumplir-con-las-especificaciones-y-requisitos-tula-hidalgo-podria-convertirse-en-pueblo-magico-en-esta-administracion","status":"publish","type":"post","link":"https:\/\/dimensionturistica.com\/es\/de-cumplir-con-las-especificaciones-y-requisitos-tula-hidalgo-podria-convertirse-en-pueblo-magico-en-esta-administracion\/","title":{"rendered":"De cumplir con las especificaciones y requisitos Tula, Hidalgo, podr\u00eda convertirse en Pueblo M\u00e1gico en esta administraci\u00f3n"},"content":{"rendered":"<p><img decoding=\"async\" class=\"size-medium wp-image-361602 alignright\" src=\"https:\/\/dimensionturistica.com\/es\/wp-content\/uploads\/2022\/07\/Gira-de-trabajo-Tula-12-300x225.jpeg\" alt=\"\" width=\"300\" height=\"225\" srcset=\"https:\/\/dimensionturistica.com\/es\/wp-content\/uploads\/2022\/07\/Gira-de-trabajo-Tula-12-300x225.jpeg 300w, https:\/\/dimensionturistica.com\/es\/wp-content\/uploads\/2022\/07\/Gira-de-trabajo-Tula-12-1024x766.jpeg 1024w, https:\/\/dimensionturistica.com\/es\/wp-content\/uploads\/2022\/07\/Gira-de-trabajo-Tula-12-768x575.jpeg 768w, https:\/\/dimensionturistica.com\/es\/wp-content\/uploads\/2022\/07\/Gira-de-trabajo-Tula-12-750x561.jpeg 750w, https:\/\/dimensionturistica.com\/es\/wp-content\/uploads\/2022\/07\/Gira-de-trabajo-Tula-12-1140x853.jpeg 1140w, https:\/\/dimensionturistica.com\/es\/wp-content\/uploads\/2022\/07\/Gira-de-trabajo-Tula-12.jpeg 1280w\" sizes=\"(max-width: 300px) 100vw, 300px\" \/>El secretario de Turismo del Gobierno de M\u00e9xico, Miguel Torruco Marqu\u00e9s, realiz\u00f3 una gira de trabajo por Tula, Hidalgo, en donde dio a conocer que, de cumplir con las especificaciones y requisitos, podr\u00eda convertirse en Pueblo M\u00e1gico.<br \/>\nAcompa\u00f1ado del secretario de Turismo de Hidalgo, Eduardo Javier Ba\u00f1os G\u00f3mez; el presidente municipal de Tula, Manuel Hern\u00e1ndez Badillo; as\u00ed como Estela Moreno Cornejo, Consejera Nacional de Concanaco Servytur Hidalgo; entre otros representantes del sector empresarial, el titular de la Secretar\u00eda de Turismo (Sectur) estrech\u00f3 los lazos de cooperaci\u00f3n para fortalecer la reactivaci\u00f3n del sector tur\u00edstico y se impulsen acciones que beneficien a la actividad tur\u00edstica de la entidad.<br \/>\nDestac\u00f3 que Tula cuenta con atractivos tur\u00edsticos y una herencia cultural y gastron\u00f3mica que lo distinguen,<img decoding=\"async\" class=\"size-medium wp-image-361606 alignright\" src=\"https:\/\/dimensionturistica.com\/es\/wp-content\/uploads\/2022\/07\/Gira-de-trabajo-Tula-10-300x225.jpeg\" alt=\"\" width=\"300\" height=\"225\" srcset=\"https:\/\/dimensionturistica.com\/es\/wp-content\/uploads\/2022\/07\/Gira-de-trabajo-Tula-10-300x225.jpeg 300w, https:\/\/dimensionturistica.com\/es\/wp-content\/uploads\/2022\/07\/Gira-de-trabajo-Tula-10-1024x766.jpeg 1024w, https:\/\/dimensionturistica.com\/es\/wp-content\/uploads\/2022\/07\/Gira-de-trabajo-Tula-10-768x575.jpeg 768w, https:\/\/dimensionturistica.com\/es\/wp-content\/uploads\/2022\/07\/Gira-de-trabajo-Tula-10-750x561.jpeg 750w, https:\/\/dimensionturistica.com\/es\/wp-content\/uploads\/2022\/07\/Gira-de-trabajo-Tula-10-1140x853.jpeg 1140w, https:\/\/dimensionturistica.com\/es\/wp-content\/uploads\/2022\/07\/Gira-de-trabajo-Tula-10.jpeg 1280w\" sizes=\"(max-width: 300px) 100vw, 300px\" \/> y que impulsan la diversificaci\u00f3n de la actividad tur\u00edstica hacia m\u00e1s plazas del pa\u00eds.<br \/>\nIndic\u00f3 que las actividades tur\u00edsticas se vieron frenadas por la emergencia sanitaria Covid 19, sin embargo, la pol\u00edtica tur\u00edstica del Gobierno de M\u00e9xico y Sectur fue no administrar inercias, sino innovar para cambiar, renovarse y ser mejores.<br \/>\nEl secretario de Turismo sostuvo un encuentro con empresarios y autoridades, con quienes escuch\u00f3 sus inquietudes y propuestas para impulsar acciones concretas que detonen la actividad tur\u00edstica, la creaci\u00f3n de productos ancla y el desarrollo de eventos de alto impacto, como se hace con otros destinos.<br \/>\nComo parte de su gira de trabajo, la comitiva encabezada por el secretario de Turismo realiz\u00f3 un recorrido por el Parque La Tolteca, proyecto que tiene como objetivo principal aprovechar las edificaciones de la Antigua Planta Tolteca fusionada con la arquitect\u00f3nica industrial para crear un espacio \u00fanico y vibrante para<img decoding=\"async\" class=\"size-medium wp-image-361607 alignright\" src=\"https:\/\/dimensionturistica.com\/es\/wp-content\/uploads\/2022\/07\/Gira-de-trabajo-Tula-8-300x225.jpeg\" alt=\"\" width=\"300\" height=\"225\" srcset=\"https:\/\/dimensionturistica.com\/es\/wp-content\/uploads\/2022\/07\/Gira-de-trabajo-Tula-8-300x225.jpeg 300w, https:\/\/dimensionturistica.com\/es\/wp-content\/uploads\/2022\/07\/Gira-de-trabajo-Tula-8-1024x766.jpeg 1024w, https:\/\/dimensionturistica.com\/es\/wp-content\/uploads\/2022\/07\/Gira-de-trabajo-Tula-8-768x575.jpeg 768w, https:\/\/dimensionturistica.com\/es\/wp-content\/uploads\/2022\/07\/Gira-de-trabajo-Tula-8-750x561.jpeg 750w, https:\/\/dimensionturistica.com\/es\/wp-content\/uploads\/2022\/07\/Gira-de-trabajo-Tula-8-1140x853.jpeg 1140w, https:\/\/dimensionturistica.com\/es\/wp-content\/uploads\/2022\/07\/Gira-de-trabajo-Tula-8.jpeg 1280w\" sizes=\"(max-width: 300px) 100vw, 300px\" \/> los visitantes.<br \/>\nAdem\u00e1s visitaron la Zona Arqueol\u00f3gica de Tula, lugar m\u00e1gico lleno de herencia y de tradiciones prehisp\u00e1nicas representativo de la cultura tolteca; en donde destacan sus emblem\u00e1ticos Atlantes de Tula.<br \/>\nLas autoridades y empresarios tambi\u00e9n recorrieron la Catedral de San Jos\u00e9, convento levantado por los evangelizadores de la Orden Franciscana durante la \u00e9poca de la conquista.<br \/>\nLa comitiva visit\u00f3 las instalaciones del hotel \u201cReal Catedral\u201d, lugar preferido para los turistas que gustan de la historia, ya que en \u00e9ste se hosped\u00f3 Benito Ju\u00e1rez durante su exilio y Jos\u00e9 Joaqu\u00edn Fern\u00e1ndez de Lizardi, autor de la obra \u201cPeriquillo Sarniento\u201d.<br \/>\nTorruco Marqu\u00e9s hizo alusi\u00f3n a estos distinguidos hu\u00e9spedes, al destacar que uno ser\u00e1 recordado hasta el momento como el mejor Presidente que ha tenido M\u00e9xico, y el otro, por su gran obra, escrita casi al t\u00e9rmino<img decoding=\"async\" class=\"size-medium wp-image-361608 alignright\" src=\"https:\/\/dimensionturistica.com\/es\/wp-content\/uploads\/2022\/07\/Gira-de-trabajo-Tula-4-300x225.jpeg\" alt=\"\" width=\"300\" height=\"225\" srcset=\"https:\/\/dimensionturistica.com\/es\/wp-content\/uploads\/2022\/07\/Gira-de-trabajo-Tula-4-300x225.jpeg 300w, https:\/\/dimensionturistica.com\/es\/wp-content\/uploads\/2022\/07\/Gira-de-trabajo-Tula-4-1024x766.jpeg 1024w, https:\/\/dimensionturistica.com\/es\/wp-content\/uploads\/2022\/07\/Gira-de-trabajo-Tula-4-768x575.jpeg 768w, https:\/\/dimensionturistica.com\/es\/wp-content\/uploads\/2022\/07\/Gira-de-trabajo-Tula-4-750x561.jpeg 750w, https:\/\/dimensionturistica.com\/es\/wp-content\/uploads\/2022\/07\/Gira-de-trabajo-Tula-4-1140x853.jpeg 1140w, https:\/\/dimensionturistica.com\/es\/wp-content\/uploads\/2022\/07\/Gira-de-trabajo-Tula-4.jpeg 1280w\" sizes=\"(max-width: 300px) 100vw, 300px\" \/> del virreinato de la Nueva Espa\u00f1a.<br \/>\nLa gira de trabajo por Tula tambi\u00e9n incluy\u00f3 recorridos por el Andador Quetzalc\u00f3atl, el r\u00edo Tula y concluy\u00f3 en el Rancho Los \u00c1lamos, con lo que el titular de Sectur pudo constatar el estado que guarda la infraestructura tur\u00edstica del destino, y el potencial para consolidarse como Pueblo M\u00e1gico.<br \/>\nPor su parte, el empresario John McCarthy, enfatiz\u00f3 la importancia de potenciar el destino tur\u00edstico de Tula, gracias al valor extraordinario que tiene y se puede capitalizar, lo cual se lograr\u00e1 con el apoyo del secretario de Turismo.<\/p>\n","protected":false},"excerpt":{"rendered":"<p>El secretario de Turismo del Gobierno de M\u00e9xico, Miguel Torruco Marqu\u00e9s, realiz\u00f3 una gira de trabajo por Tula, Hidalgo, en donde dio a conocer que, de cumplir con las especificaciones y requisitos, podr\u00eda convertirse en Pueblo M\u00e1gico. Acompa\u00f1ado del secretario de Turismo de Hidalgo, Eduardo Javier Ba\u00f1os G\u00f3mez; el presidente municipal de Tula, Manuel Hern\u00e1ndez [&hellip;]<\/p>\n","protected":false},"author":1,"featured_media":361601,"comment_status":"open","ping_status":"closed","sticky":false,"template":"","format":"standard","meta":{"om_disable_all_campaigns":false,"jnews-multi-image_gallery":[],"jnews_single_post":{"source_name":"","source_url":"","via_name":"","via_url":"","override_template":"0","override":[{"template":"1","single_blog_custom":"","parallax":"1","fullscreen":"1","layout":"right-sidebar","sidebar":"default-sidebar","second_sidebar":"default-sidebar","sticky_sidebar":"1","share_position":"top","share_float_style":"share-monocrhome","show_share_counter":"1","show_view_counter":"1","show_featured":"1","show_post_meta":"1","show_post_author":"1","show_post_author_image":"1","show_post_date":"1","post_date_format":"default","post_date_format_custom":"Y\/m\/d","show_post_category":"1","show_post_reading_time":"0","post_reading_time_wpm":"300","show_zoom_button":"0","zoom_button_out_step":"2","zoom_button_in_step":"3","show_post_tag":"1","show_prev_next_post":"1","show_popup_post":"1","number_popup_post":"1","show_author_box":"0","show_post_related":"0","show_inline_post_related":"0"}],"override_image_size":"0","image_override":[{"single_post_thumbnail_size":"crop-500","single_post_gallery_size":"crop-500"}],"trending_post":"0","trending_post_position":"meta","trending_post_label":"Trending","sponsored_post":"0","sponsored_post_label":"Sponsored by","sponsored_post_name":"","sponsored_post_url":"","sponsored_post_logo_enable":"0","sponsored_post_logo":"","sponsored_post_desc":"","disable_ad":"0"},"jnews_primary_category":{"id":""},"jnews_social_meta":{"fb_title":"","fb_description":"","fb_image":"","twitter_title":"","twitter_description":"","twitter_image":""},"footnotes":""},"categories":[39],"tags":[],"class_list":["post-361598","post","type-post","status-publish","format-standard","has-post-thumbnail","hentry","category-viajes"],"_links":{"self":[{"href":"https:\/\/dimensionturistica.com\/es\/wp-json\/wp\/v2\/posts\/361598","targetHints":{"allow":["GET"]}}],"collection":[{"href":"https:\/\/dimensionturistica.com\/es\/wp-json\/wp\/v2\/posts"}],"about":[{"href":"https:\/\/dimensionturistica.com\/es\/wp-json\/wp\/v2\/types\/post"}],"author":[{"embeddable":true,"href":"https:\/\/dimensionturistica.com\/es\/wp-json\/wp\/v2\/users\/1"}],"replies":[{"embeddable":true,"href":"https:\/\/dimensionturistica.com\/es\/wp-json\/wp\/v2\/comments?post=361598"}],"version-history":[{"count":0,"href":"https:\/\/dimensionturistica.com\/es\/wp-json\/wp\/v2\/posts\/361598\/revisions"}],"wp:featuredmedia":[{"embeddable":true,"href":"https:\/\/dimensionturistica.com\/es\/wp-json\/wp\/v2\/media\/361601"}],"wp:attachment":[{"href":"https:\/\/dimensionturistica.com\/es\/wp-json\/wp\/v2\/media?parent=361598"}],"wp:term":[{"taxonomy":"category","embeddable":true,"href":"https:\/\/dimensionturistica.com\/es\/wp-json\/wp\/v2\/categories?post=361598"},{"taxonomy":"post_tag","embeddable":true,"href":"https:\/\/dimensionturistica.com\/es\/wp-json\/wp\/v2\/tags?post=361598"}],"curies":[{"name":"wp","href":"https:\/\/api.w.org\/{rel}","templated":true}]}}