{"id":361589,"date":"2022-07-28T20:03:26","date_gmt":"2022-07-28T20:03:26","guid":{"rendered":"https:\/\/dimensionturistica.com\/es\/?p=361589"},"modified":"2022-07-28T20:03:26","modified_gmt":"2022-07-28T20:03:26","slug":"ministerio-de-turismo-coordina-acciones-para-la-preparacion-de-colaboradores-que-demandara-nuevo-puerto-turistico-de-cabo-rojo","status":"publish","type":"post","link":"https:\/\/dimensionturistica.com\/es\/ministerio-de-turismo-coordina-acciones-para-la-preparacion-de-colaboradores-que-demandara-nuevo-puerto-turistico-de-cabo-rojo\/","title":{"rendered":"Ministerio de Turismo coordina acciones para la preparaci\u00f3n de colaboradores que demandar\u00e1 nuevo puerto tur\u00edstico de Cabo Rojo"},"content":{"rendered":"<p> <br \/>\n<\/p>\n<div>\n<p><span><span><span>Santo Domingo.- Con el enfoque de <strong>priorizar la inclusi\u00f3n social<\/strong> en beneficio de los pobladores de la regi\u00f3n Enriquillo y Pedernales, el <strong>Ministerio de Turismo (MITUR)<\/strong> inici\u00f3 la coordinaci\u00f3n con otras instituciones, a los fines de trabajar en conjunto la b\u00fasqueda del private que se requerir\u00e1 en los puestos de trabajo para la <strong>construcci\u00f3n y operaci\u00f3n del nuevo puerto de Cabo Rojo.<\/strong><\/span><\/span><\/span><\/p>\n<p><span><span><span>El primer picazo para este proyecto en Pedernales fue realizado recientemente por el <strong>Presidente Luis Abinader<\/strong>.<\/span><\/span><\/span><\/p>\n<p><span><span><span>Adem\u00e1s del MITUR, <strong>el Ministerio de Trabajo, el Instituto de Formaci\u00f3n T\u00e9cnico Profesional (INFOTEP) y la empresa de capital mexicano ITM Group, <\/strong>integran el equipo para llevar a cabo la captaci\u00f3n de recursos humanos.<\/span><\/span><\/span><\/p>\n<p><span><span><span>El encuentro, coordinado por <strong>Carlos Peguero, viceministro de Cooperaci\u00f3n Internacional y director ejecutivo del Proyecto Pedernales<\/strong>, busca formar una sinergia entre las citadas instituciones, as\u00ed como la creaci\u00f3n por parte del Ministerio de Trabajo de la <strong>Oficina de Coordinaci\u00f3n Laboral<\/strong> que asumir\u00e1 el management del private requerido en las distintas fases de construcci\u00f3n y operaci\u00f3n de dicha terminal tur\u00edstica, junto a ITM Group.<\/span><\/span><\/span><\/p>\n<p><span><span><span>Peguero justific\u00f3 el inicio de las mesas de trabajo, al tiempo de informar que lo que primero arrancar\u00e1 en el <strong>Plan Tur\u00edstico de Pedernales<\/strong> ser\u00e1 el tema de los cruceros antes que los proyectos hoteleros.<\/span><\/span><\/span><\/p>\n<p><span><span><span>Consider\u00f3 que para el Gobierno y la Comisi\u00f3n de Desarrollo Tur\u00edstico de Pedernales representa un desaf\u00edo <strong>tener listos todos los procesos de formaci\u00f3n y reclutamiento del recurso humano<\/strong> antes del inicio de operaciones del puerto de Cabo Rojo en noviembre de 2023, como ha sido el deseo del Presidente Luis Abinader<strong>.<\/strong><\/span><\/span><\/span><\/p>\n<h3><span><span><span><strong>Inclusi\u00f3n Social<\/strong><\/span><\/span><\/span><\/h3>\n<p><span><span><span>El viceministro reafirm\u00f3 que \u201c<em>todo este plan de reclutamiento del recurso humano que tendr\u00e1n el Ministerio de Trabajo e ITM Group se har\u00e1 con complete enfoque de inclusi\u00f3n social en favor de los residentes de la regi\u00f3n Enriquillo&#8221;.<\/em><\/span><\/span><\/span><\/p>\n<p><span><span><span><em>\u201cLo importante es que los habitantes de la regi\u00f3n ser\u00e1n los que ocupen primariamente todos los puestos de trabajo que va a generar el puerto de Pedernales\u201d, <\/em>dijo Peguero, en relaci\u00f3n con el papel que tendr\u00e1n en lo adelante las citadas instituciones junto a ITM Group.<\/span><\/span><\/span><\/p>\n<p><span><span><span>A\u00f1adi\u00f3 que <em>\u201cesas 4,700 habitaciones que generar\u00e1n unos 10,000 empleos directos, deben salir de la regi\u00f3n Enriquillo<\/em>\u201d,\u00a0 y que de no encontrar esos puestos de trabajo se buscar\u00e1n en otros lugares fuera de la regi\u00f3n.<\/span><\/span><\/span><\/p>\n<p><span><span><span>En esta primera reuni\u00f3n, llevada a cabo en la sede del MITUR, participaron por ITM Goup, Karen L\u00f3pez, gerente de Relaciones Internacionales; Jos\u00e9 Antonio Rivero, gerente de Tr\u00e1mites, y Orfila Salazar, directora de Cruceros del MITUR.<\/span><\/span><\/span><\/p>\n<p><span><span><span>Por el Ministerio de Trabajo asistieron Juli\u00e1n Mateo Jes\u00fas, viceministro para Inspecciones; Juan Ram\u00f3n Ventura, director de Inspecci\u00f3n, y Claudia P\u00e9rez, encargada de Migraci\u00f3n Laboral. Por INFOTEP, estuvo Luis Beltr\u00e9, director Regional Sur.<\/span><\/span><\/span><\/p>\n<p><span><span><span>Entre los temas discutidos en la mesa de trabajo figuran <strong>llegar a un consenso con la fecha para la realizaci\u00f3n de una feria de empleo<\/strong>, a cargo del Ministerio de Trabajo; <strong>la coordinaci\u00f3n de una campa\u00f1a de reclutamiento del private<\/strong> que se requiere para la fase de construcci\u00f3n de obras del puerto, a solicitud de ITM, <strong>y la implementaci\u00f3n de programas especiales de capacitaci\u00f3n<\/strong> de parte de INFOTEP en\u00a0 \u00e1reas que demande la zona.<\/span><\/span><\/span><\/p>\n<p><span><span><span>Tambi\u00e9n figur\u00f3 en el encuentro la firma de un <strong>memor\u00e1ndum de entendimiento<\/strong> entre las instituciones presentes junto a la Comisi\u00f3n Presidencial de Desarrollo Tur\u00edstico de Pedernales.<\/span><\/span><\/span><\/p>\n<h3><span><span><span><strong>Inicio del Proyecto<\/strong><\/span><\/span><\/span><\/h3>\n<p><span><span><span>La construcci\u00f3n del puerto de Cabo Rojo, que se extender\u00e1 hasta diciembre de 2023, tendr\u00e1 una <strong>inversi\u00f3n de 98 millones de d\u00f3lares y generar\u00e1 m\u00e1s de 5,000 empleos directos e indirectos.<\/strong> La misma inici\u00f3 a finales de mayo pasado, con un acto encabezado por el Presidente Luis Abinader y Mauricio Hamui, director ejecutivo de ITM Group.<\/span><\/span><\/span><\/p>\n<p><span><span><span>En ese acto el mandatario afirm\u00f3 que Pedernales &#8220;<em>ser\u00e1 el destino de cruceros m\u00e1s importante del Caribe<\/em>&#8220;.<\/span><\/span><\/span><\/p>\n<p><span><span><span>Dentro del Plan de Desarrollo Tur\u00edstico de Cabo Rojo, Pedernales, en el aspecto de la formaci\u00f3n del private que requerir\u00e1n los hoteles y otras \u00e1reas de servicios tur\u00edsticos\u00a0 para la provincia y el suroeste, <strong>ya fue investido un primer grupo con cerca de mil j\u00f3venes<\/strong>, en su mayor\u00eda del g\u00e9nero femenino, en diferentes especialidades.<\/span><\/span><\/span><\/p>\n<\/div>\n\n<p><em> &#8221; Fuentes presidencia.gob.do &#8221; <\/em><\/p>\n","protected":false},"excerpt":{"rendered":"<p>Santo Domingo.- Con el enfoque de priorizar la inclusi\u00f3n social en beneficio de los pobladores de la regi\u00f3n Enriquillo y Pedernales, el Ministerio de Turismo (MITUR) inici\u00f3 la coordinaci\u00f3n con otras instituciones, a los fines de trabajar en conjunto la b\u00fasqueda del private que se requerir\u00e1 en los puestos de trabajo para la construcci\u00f3n y [&hellip;]<\/p>\n","protected":false},"author":4,"featured_media":361590,"comment_status":"open","ping_status":"closed","sticky":false,"template":"","format":"standard","meta":{"om_disable_all_campaigns":false,"jnews-multi-image_gallery":[],"jnews_single_post":[],"jnews_primary_category":[],"jnews_social_meta":[],"footnotes":""},"categories":[41],"tags":[544],"class_list":["post-361589","post","type-post","status-publish","format-standard","has-post-thumbnail","hentry","category-cruceros","tag-turismo"],"_links":{"self":[{"href":"https:\/\/dimensionturistica.com\/es\/wp-json\/wp\/v2\/posts\/361589","targetHints":{"allow":["GET"]}}],"collection":[{"href":"https:\/\/dimensionturistica.com\/es\/wp-json\/wp\/v2\/posts"}],"about":[{"href":"https:\/\/dimensionturistica.com\/es\/wp-json\/wp\/v2\/types\/post"}],"author":[{"embeddable":true,"href":"https:\/\/dimensionturistica.com\/es\/wp-json\/wp\/v2\/users\/4"}],"replies":[{"embeddable":true,"href":"https:\/\/dimensionturistica.com\/es\/wp-json\/wp\/v2\/comments?post=361589"}],"version-history":[{"count":0,"href":"https:\/\/dimensionturistica.com\/es\/wp-json\/wp\/v2\/posts\/361589\/revisions"}],"wp:featuredmedia":[{"embeddable":true,"href":"https:\/\/dimensionturistica.com\/es\/wp-json\/wp\/v2\/media\/361590"}],"wp:attachment":[{"href":"https:\/\/dimensionturistica.com\/es\/wp-json\/wp\/v2\/media?parent=361589"}],"wp:term":[{"taxonomy":"category","embeddable":true,"href":"https:\/\/dimensionturistica.com\/es\/wp-json\/wp\/v2\/categories?post=361589"},{"taxonomy":"post_tag","embeddable":true,"href":"https:\/\/dimensionturistica.com\/es\/wp-json\/wp\/v2\/tags?post=361589"}],"curies":[{"name":"wp","href":"https:\/\/api.w.org\/{rel}","templated":true}]}}