{"id":361551,"date":"2022-07-28T19:14:36","date_gmt":"2022-07-28T19:14:36","guid":{"rendered":"https:\/\/dimensionturistica.com\/es\/?p=361551"},"modified":"2022-07-28T19:14:36","modified_gmt":"2022-07-28T19:14:36","slug":"reactiva-yucatan-la-conectividad-area-con-el-bajio","status":"publish","type":"post","link":"https:\/\/dimensionturistica.com\/es\/reactiva-yucatan-la-conectividad-area-con-el-bajio\/","title":{"rendered":"Reactiva Yucat\u00e1n la conectividad \u00e1rea con el Baj\u00edo"},"content":{"rendered":"<p><img decoding=\"async\" class=\"size-medium wp-image-361555 alignright\" src=\"https:\/\/dimensionturistica.com\/es\/wp-content\/uploads\/2022\/07\/AEROPUERTOMERIDA-300x146.jpg\" alt=\"\" width=\"300\" height=\"146\" srcset=\"https:\/\/dimensionturistica.com\/es\/wp-content\/uploads\/2022\/07\/AEROPUERTOMERIDA-300x146.jpg 300w, https:\/\/dimensionturistica.com\/es\/wp-content\/uploads\/2022\/07\/AEROPUERTOMERIDA-768x374.jpg 768w, https:\/\/dimensionturistica.com\/es\/wp-content\/uploads\/2022\/07\/AEROPUERTOMERIDA-750x365.jpg 750w, https:\/\/dimensionturistica.com\/es\/wp-content\/uploads\/2022\/07\/AEROPUERTOMERIDA.jpg 1024w\" sizes=\"(max-width: 300px) 100vw, 300px\" \/> El Gobierno de Yucat\u00e1n, a trav\u00e9s de la Secretar\u00eda de Fomento Tur\u00edstico de Yucat\u00e1n (Sefotur) y Volaris, la aerol\u00ednea de ultra bajo costo que opera en M\u00e9xico, Estados Unidos, Centro y Sudam\u00e9rica, anunciaron el pr\u00f3ximo inicio de operaciones de la nueva y exclusiva ruta a\u00e9rea entre las ciudades de Guanajuato y M\u00e9rida, la cual iniciar\u00e1 operaciones a partir del 18 de noviembre 2022.<br \/>\nDe acuerdo con la Sefotur estatal, durante mayo de 2022, M\u00e9rida concentr\u00f3 casi el 79 por ciento del total de visitantes con pernocta en la entidad. Actualmente est\u00e1 dentro de los diez destinos mexicanos con mayor remuneraci\u00f3n por turismo, subiendo la aportaci\u00f3n del sector al PIB estatal por encima del 11 por ciento.<br \/>\nMichelle Fridman Hirsch, titular de la Secretar\u00eda de Fomento Tur\u00edstico (Sefotur) de Yucat\u00e1n, destac\u00f3 la importancia de esta ruta, con la que Yucat\u00e1n estar\u00e1 conectado no s\u00f3lo con Guanajuato, sino con todo el Baj\u00edo y zona centro del pa\u00eds, como Aguascalientes, San Luis Potos\u00ed y otros estados aleda\u00f1os y que concentra cerca del 40% de la poblaci\u00f3n en un per\u00edmetro cercano a este aeropuerto.<br \/>\n\u201cEstamos muy contentos de recuperar una de las rutas que nos faltaba para alcanzar la recuperaci\u00f3n de los indicadores pre pandemia, que nos conecta con el Baj\u00edo, donde podemos trabajar de la mano con Volaris y con el gobierno del estado de Guanajuato para fortalecer la promoci\u00f3n conjunta\u201d, finaliz\u00f3.<br \/>\nCon esta nueva ruta, Volaris se consolida como la aerol\u00ednea que ofrece m\u00e1s asientos y el mayor n\u00famero de rutas, desde el Baj\u00edo con 12 en el Aeropuerto Internacional de Guanajuato (BJX) y seis en el Aeropuerto Internacional de M\u00e9rida (MID), Tijuana, Oaxaca, Guadalajara, Ciudad de M\u00e9xico, Oakland y pr\u00f3ximamente<img decoding=\"async\" class=\"size-medium wp-image-361556 alignright\" src=\"https:\/\/dimensionturistica.com\/es\/wp-content\/uploads\/2022\/07\/LEON-300x147.jpg\" alt=\"\" width=\"300\" height=\"147\" srcset=\"https:\/\/dimensionturistica.com\/es\/wp-content\/uploads\/2022\/07\/LEON-300x147.jpg 300w, https:\/\/dimensionturistica.com\/es\/wp-content\/uploads\/2022\/07\/LEON.jpg 474w\" sizes=\"(max-width: 300px) 100vw, 300px\" \/> con Baj\u00edo.<br \/>\n\u201cEsta conexi\u00f3n ampliar\u00e1 nuestra oferta para que m\u00e1s personas puedan viajar desde Le\u00f3n, una de las ciudades m\u00e1s importantes del pa\u00eds para quienes visitan amigos y familiares, a uno de los destinos de turismo y negocios con m\u00e1s crecimiento durante el \u00faltimo a\u00f1o. Adem\u00e1s, esta ruta reducir\u00e1 el tiempo de traslado en autob\u00fas, al pasar de 28 horas de camino a solo 2 horas de vuelo\u201d, se\u00f1al\u00f3 Omar Carrera, director comercial de Volaris.<br \/>\nDurante los meses posteriores al inicio de la recuperaci\u00f3n econ\u00f3mica y tur\u00edstica, Yucat\u00e1n inicio una ardua labor de la mano de la industria tur\u00edstica del Estado para reactivarse y comenzar a restablecer los indicadores que se ten\u00edan hasta el 2019, un a\u00f1o r\u00e9cord para para la entidad en este sector, que por primera vez en su historia registr\u00f3 m\u00e1s de 3 millones de visitantes y se ubic\u00f3 en los primeros tres lugares de crecimiento en el rubro a nivel nacional, generando una derrama superior a los 8,264 millones de pesos.<br \/>\nLo anterior, se ve reflejado en la tendencia continua de crecimiento en la llegada de turistas nacionales respecto a registros previos a la pandemia por Covid-19, siendo que, de enero a mayo del presente, la entidad registr\u00f3 un total de 647,233 turistas, superando la cifra del mismo periodo en 2019 y la ocupaci\u00f3n de vuelos durante el mes de mayo, en llegadas y salidas que operan desde el Aeropuerto Internacional de la Ciudad de M\u00e9rida, se ubic\u00f3 por encima del 82 por ciento.<br \/>\nHasta el mes de julio, Yucat\u00e1n ha tenido una importante recuperaci\u00f3n de rutas nacionales e internacionales respecto al periodo previo a pandemia, siendo que actualmente cuenta con 191 vuelos semanales y la reactivaci\u00f3n del 94.6 por ciento de asientos disponibles, tambi\u00e9n semanalmente.<br \/>\nVolaris aterriz\u00f3 por primera vez en M\u00e9rida en 2007, y desde entonces ha transportado m\u00e1s de cuatro millones de pasajeros. Los interesados en experimentar esta ruta pueden hacerlo desde $699 pesos en vuelo sencillo e impuestos incluidos a partir del 18 de noviembre del 2022, los d\u00edas lunes y viernes saliendo de M\u00e9rida a las 10:23 horas y llegando a Guanajuato a las 12:37 horas, y saliendo de Guanajuato a las 13:12 horas y aterrizando en tierras yucatecas a las 15:16 horas.<\/p>\n","protected":false},"excerpt":{"rendered":"<p>El Gobierno de Yucat\u00e1n, a trav\u00e9s de la Secretar\u00eda de Fomento Tur\u00edstico de Yucat\u00e1n (Sefotur) y Volaris, la aerol\u00ednea de ultra bajo costo que opera en M\u00e9xico, Estados Unidos, Centro y Sudam\u00e9rica, anunciaron el pr\u00f3ximo inicio de operaciones de la nueva y exclusiva ruta a\u00e9rea entre las ciudades de Guanajuato y M\u00e9rida, la cual iniciar\u00e1 [&hellip;]<\/p>\n","protected":false},"author":1,"featured_media":361557,"comment_status":"open","ping_status":"closed","sticky":false,"template":"","format":"standard","meta":{"om_disable_all_campaigns":false,"jnews-multi-image_gallery":[],"jnews_single_post":{"source_name":"","source_url":"","via_name":"","via_url":"","override_template":"0","override":[{"template":"1","single_blog_custom":"","parallax":"1","fullscreen":"1","layout":"right-sidebar","sidebar":"default-sidebar","second_sidebar":"default-sidebar","sticky_sidebar":"1","share_position":"top","share_float_style":"share-monocrhome","show_share_counter":"1","show_view_counter":"1","show_featured":"1","show_post_meta":"1","show_post_author":"1","show_post_author_image":"1","show_post_date":"1","post_date_format":"default","post_date_format_custom":"Y\/m\/d","show_post_category":"1","show_post_reading_time":"0","post_reading_time_wpm":"300","show_zoom_button":"0","zoom_button_out_step":"2","zoom_button_in_step":"3","show_post_tag":"1","show_prev_next_post":"1","show_popup_post":"1","number_popup_post":"1","show_author_box":"0","show_post_related":"0","show_inline_post_related":"0"}],"override_image_size":"0","image_override":[{"single_post_thumbnail_size":"crop-500","single_post_gallery_size":"crop-500"}],"trending_post":"0","trending_post_position":"meta","trending_post_label":"Trending","sponsored_post":"0","sponsored_post_label":"Sponsored by","sponsored_post_name":"","sponsored_post_url":"","sponsored_post_logo_enable":"0","sponsored_post_logo":"","sponsored_post_desc":"","disable_ad":"0"},"jnews_primary_category":{"id":""},"jnews_social_meta":{"fb_title":"","fb_description":"","fb_image":"","twitter_title":"","twitter_description":"","twitter_image":""},"footnotes":""},"categories":[39],"tags":[],"class_list":["post-361551","post","type-post","status-publish","format-standard","has-post-thumbnail","hentry","category-viajes"],"_links":{"self":[{"href":"https:\/\/dimensionturistica.com\/es\/wp-json\/wp\/v2\/posts\/361551","targetHints":{"allow":["GET"]}}],"collection":[{"href":"https:\/\/dimensionturistica.com\/es\/wp-json\/wp\/v2\/posts"}],"about":[{"href":"https:\/\/dimensionturistica.com\/es\/wp-json\/wp\/v2\/types\/post"}],"author":[{"embeddable":true,"href":"https:\/\/dimensionturistica.com\/es\/wp-json\/wp\/v2\/users\/1"}],"replies":[{"embeddable":true,"href":"https:\/\/dimensionturistica.com\/es\/wp-json\/wp\/v2\/comments?post=361551"}],"version-history":[{"count":0,"href":"https:\/\/dimensionturistica.com\/es\/wp-json\/wp\/v2\/posts\/361551\/revisions"}],"wp:featuredmedia":[{"embeddable":true,"href":"https:\/\/dimensionturistica.com\/es\/wp-json\/wp\/v2\/media\/361557"}],"wp:attachment":[{"href":"https:\/\/dimensionturistica.com\/es\/wp-json\/wp\/v2\/media?parent=361551"}],"wp:term":[{"taxonomy":"category","embeddable":true,"href":"https:\/\/dimensionturistica.com\/es\/wp-json\/wp\/v2\/categories?post=361551"},{"taxonomy":"post_tag","embeddable":true,"href":"https:\/\/dimensionturistica.com\/es\/wp-json\/wp\/v2\/tags?post=361551"}],"curies":[{"name":"wp","href":"https:\/\/api.w.org\/{rel}","templated":true}]}}