{"id":361386,"date":"2022-07-28T14:25:24","date_gmt":"2022-07-28T14:25:24","guid":{"rendered":"https:\/\/dimensionturistica.com\/es\/?p=361386"},"modified":"2022-07-28T14:25:24","modified_gmt":"2022-07-28T14:25:24","slug":"imagina-el-mundo-en-las-galerias-y-centros-de-arte-de-queretaro","status":"publish","type":"post","link":"https:\/\/dimensionturistica.com\/es\/imagina-el-mundo-en-las-galerias-y-centros-de-arte-de-queretaro\/","title":{"rendered":"Imagina el mundo en las galer\u00edas y centros de arte de Quer\u00e9taro"},"content":{"rendered":"<p><img decoding=\"async\" class=\"size-medium wp-image-361403 alignright\" src=\"https:\/\/dimensionturistica.com\/es\/wp-content\/uploads\/2022\/07\/unnamed-1-2-300x175.png\" alt=\"\" width=\"300\" height=\"175\" srcset=\"https:\/\/dimensionturistica.com\/es\/wp-content\/uploads\/2022\/07\/unnamed-1-2-300x175.png 300w, https:\/\/dimensionturistica.com\/es\/wp-content\/uploads\/2022\/07\/unnamed-1-2-1024x598.png 1024w, https:\/\/dimensionturistica.com\/es\/wp-content\/uploads\/2022\/07\/unnamed-1-2-768x449.png 768w, https:\/\/dimensionturistica.com\/es\/wp-content\/uploads\/2022\/07\/unnamed-1-2-750x438.png 750w, https:\/\/dimensionturistica.com\/es\/wp-content\/uploads\/2022\/07\/unnamed-1-2-1140x666.png 1140w, https:\/\/dimensionturistica.com\/es\/wp-content\/uploads\/2022\/07\/unnamed-1-2.png 1282w\" sizes=\"(max-width: 300px) 100vw, 300px\" \/>El Hay Festival llega a Quer\u00e9taro del 1 al 4 de septiembre y con este gran festival de ideas, la posibilidad de visitar los centros culturales y las galer\u00edas de Quer\u00e9taro. Por ello, la Secretar\u00eda de Cultura del estado informa sobre estos espacios en donde adem\u00e1s de presentar y exhibir obras emergentes, hay opciones para la profesionalizaci\u00f3n de la comunidad.<br \/>\nEl Centro de Arte Emergente busca ser un espacio de formaci\u00f3n, creaci\u00f3n, di\u00e1logo y difusi\u00f3n de las artes emergentes, as\u00ed como el impulso lo urbano, la m\u00fasica, pintura, danza como ritmos latinos, hip-hop, rap, k-pop, talleres de grabado, lectura infantil, entre otros.<br \/>\nEl Centro de las Artes de Quer\u00e9taro se ubica en el Real Colegio de Santa Rosa de Viterbo, que originalmente fue colegio para ni\u00f1as y beatas. El templo fue dise\u00f1ado por el arquitecto Mariano de las Casas e inaugurado el 24 de enero de 1752. A lo largo de la vida de Quer\u00e9taro, el centro ha tenido diversos usos, entre ellos la escuela secundaria, escuela de artes gr\u00e1ficas, y actualmente es la sede de la Secretar\u00eda de Cultura del Estado y Centro de las Artes de Quer\u00e9taro.<img decoding=\"async\" class=\"size-medium wp-image-361405 alignright\" src=\"https:\/\/dimensionturistica.com\/es\/wp-content\/uploads\/2022\/07\/JUNIO_30_expo_ventanas-1-300x225.jpeg\" alt=\"\" width=\"300\" height=\"225\" srcset=\"https:\/\/dimensionturistica.com\/es\/wp-content\/uploads\/2022\/07\/JUNIO_30_expo_ventanas-1-300x225.jpeg 300w, https:\/\/dimensionturistica.com\/es\/wp-content\/uploads\/2022\/07\/JUNIO_30_expo_ventanas-1-1024x768.jpeg 1024w, https:\/\/dimensionturistica.com\/es\/wp-content\/uploads\/2022\/07\/JUNIO_30_expo_ventanas-1-768x576.jpeg 768w, https:\/\/dimensionturistica.com\/es\/wp-content\/uploads\/2022\/07\/JUNIO_30_expo_ventanas-1-750x563.jpeg 750w, https:\/\/dimensionturistica.com\/es\/wp-content\/uploads\/2022\/07\/JUNIO_30_expo_ventanas-1-1140x855.jpeg 1140w, https:\/\/dimensionturistica.com\/es\/wp-content\/uploads\/2022\/07\/JUNIO_30_expo_ventanas-1.jpeg 1280w\" sizes=\"(max-width: 300px) 100vw, 300px\" \/><br \/>\nEn el centro hay un taller de cer\u00e1mica, taller de grabado y aulas para diferentes talleres o actividades que la comunidad art\u00edstica puede desarrollar. En los jardines se puede admirar vestigios de la acequia madre, que abasteci\u00f3 de agua a los habitantes de Quer\u00e9taro en sus inicios.<br \/>\nEl Centro Queretano de la Imagen, ubicado en la Casa de los Leones, un bello edificio que se debe al fil\u00e1ntropo queretano don Trinidad Rivera, hoy es el espacio responsable de preservar y difundir el valor de la imagen fotogr\u00e1fica como patrimonio cultural, que lleve al fortalecimiento de la identidad local y nacional.<br \/>\nEl Centro Queretano de la Imagen cuenta con tres salas de exposiciones temporales y la poblaci\u00f3n puede<img decoding=\"async\" class=\"size-medium wp-image-361406 alignleft\" src=\"https:\/\/dimensionturistica.com\/es\/wp-content\/uploads\/2022\/07\/Galeria-libertad-240x300.jpg\" alt=\"\" width=\"240\" height=\"300\" srcset=\"https:\/\/dimensionturistica.com\/es\/wp-content\/uploads\/2022\/07\/Galeria-libertad-240x300.jpg 240w, https:\/\/dimensionturistica.com\/es\/wp-content\/uploads\/2022\/07\/Galeria-libertad-819x1024.jpg 819w, https:\/\/dimensionturistica.com\/es\/wp-content\/uploads\/2022\/07\/Galeria-libertad-768x960.jpg 768w, https:\/\/dimensionturistica.com\/es\/wp-content\/uploads\/2022\/07\/Galeria-libertad-1229x1536.jpg 1229w, https:\/\/dimensionturistica.com\/es\/wp-content\/uploads\/2022\/07\/Galeria-libertad-750x938.jpg 750w, https:\/\/dimensionturistica.com\/es\/wp-content\/uploads\/2022\/07\/Galeria-libertad-1140x1425.jpg 1140w, https:\/\/dimensionturistica.com\/es\/wp-content\/uploads\/2022\/07\/Galeria-libertad.jpg 1500w\" sizes=\"(max-width: 240px) 100vw, 240px\" \/> disfrutar de talleres, conferencias, conversatorios, exposiciones temporales, presentaciones de libros y proyecciones de cine.<br \/>\nLa Galer\u00eda Libertad fue creada en 1987, ha tenido un papel protagonista en el desarrollo de la vida cultural y art\u00edstica de la ciudad. Actualmente cuenta con cuatro espacios de exposici\u00f3n temporal, en donde se muestra arte contempor\u00e1neo de todo tipo.<br \/>\nEstos espacios se ubican en el centro de Quer\u00e9taro, los horarios y ubicaciones de cada uno se pueden consultar en las redes sociales y la p\u00e1gina oficial de la Secretar\u00eda de Cultura del estado, as\u00ed como las cuentas de cada centro o galer\u00eda.<\/p>\n","protected":false},"excerpt":{"rendered":"<p>El Hay Festival llega a Quer\u00e9taro del 1 al 4 de septiembre y con este gran festival de ideas, la posibilidad de visitar los centros culturales y las galer\u00edas de Quer\u00e9taro. Por ello, la Secretar\u00eda de Cultura del estado informa sobre estos espacios en donde adem\u00e1s de presentar y exhibir obras emergentes, hay opciones para [&hellip;]<\/p>\n","protected":false},"author":1,"featured_media":361402,"comment_status":"open","ping_status":"closed","sticky":false,"template":"","format":"standard","meta":{"om_disable_all_campaigns":false,"jnews-multi-image_gallery":[],"jnews_single_post":{"source_name":"","source_url":"","via_name":"","via_url":"","override_template":"0","override":[{"template":"1","single_blog_custom":"","parallax":"1","fullscreen":"1","layout":"right-sidebar","sidebar":"default-sidebar","second_sidebar":"default-sidebar","sticky_sidebar":"1","share_position":"top","share_float_style":"share-monocrhome","show_share_counter":"1","show_view_counter":"1","show_featured":"1","show_post_meta":"1","show_post_author":"1","show_post_author_image":"1","show_post_date":"1","post_date_format":"default","post_date_format_custom":"Y\/m\/d","show_post_category":"1","show_post_reading_time":"0","post_reading_time_wpm":"300","show_zoom_button":"0","zoom_button_out_step":"2","zoom_button_in_step":"3","show_post_tag":"1","show_prev_next_post":"1","show_popup_post":"1","number_popup_post":"1","show_author_box":"0","show_post_related":"0","show_inline_post_related":"0"}],"override_image_size":"0","image_override":[{"single_post_thumbnail_size":"crop-500","single_post_gallery_size":"crop-500"}],"trending_post":"0","trending_post_position":"meta","trending_post_label":"Trending","sponsored_post":"0","sponsored_post_label":"Sponsored by","sponsored_post_name":"","sponsored_post_url":"","sponsored_post_logo_enable":"0","sponsored_post_logo":"","sponsored_post_desc":"","disable_ad":"0"},"jnews_primary_category":{"id":""},"jnews_social_meta":{"fb_title":"","fb_description":"","fb_image":"","twitter_title":"","twitter_description":"","twitter_image":""},"footnotes":""},"categories":[40],"tags":[],"class_list":["post-361386","post","type-post","status-publish","format-standard","has-post-thumbnail","hentry","category-industria"],"_links":{"self":[{"href":"https:\/\/dimensionturistica.com\/es\/wp-json\/wp\/v2\/posts\/361386","targetHints":{"allow":["GET"]}}],"collection":[{"href":"https:\/\/dimensionturistica.com\/es\/wp-json\/wp\/v2\/posts"}],"about":[{"href":"https:\/\/dimensionturistica.com\/es\/wp-json\/wp\/v2\/types\/post"}],"author":[{"embeddable":true,"href":"https:\/\/dimensionturistica.com\/es\/wp-json\/wp\/v2\/users\/1"}],"replies":[{"embeddable":true,"href":"https:\/\/dimensionturistica.com\/es\/wp-json\/wp\/v2\/comments?post=361386"}],"version-history":[{"count":0,"href":"https:\/\/dimensionturistica.com\/es\/wp-json\/wp\/v2\/posts\/361386\/revisions"}],"wp:featuredmedia":[{"embeddable":true,"href":"https:\/\/dimensionturistica.com\/es\/wp-json\/wp\/v2\/media\/361402"}],"wp:attachment":[{"href":"https:\/\/dimensionturistica.com\/es\/wp-json\/wp\/v2\/media?parent=361386"}],"wp:term":[{"taxonomy":"category","embeddable":true,"href":"https:\/\/dimensionturistica.com\/es\/wp-json\/wp\/v2\/categories?post=361386"},{"taxonomy":"post_tag","embeddable":true,"href":"https:\/\/dimensionturistica.com\/es\/wp-json\/wp\/v2\/tags?post=361386"}],"curies":[{"name":"wp","href":"https:\/\/api.w.org\/{rel}","templated":true}]}}