{"id":361378,"date":"2022-07-28T14:17:54","date_gmt":"2022-07-28T14:17:54","guid":{"rendered":"https:\/\/dimensionturistica.com\/es\/?p=361378"},"modified":"2022-07-28T14:17:54","modified_gmt":"2022-07-28T14:17:54","slug":"stps-y-sectur-coordinan-esfuerzos-y-lanzan-estrategia-de-fomento-al-empleo-para-el-sector-turismo","status":"publish","type":"post","link":"https:\/\/dimensionturistica.com\/es\/stps-y-sectur-coordinan-esfuerzos-y-lanzan-estrategia-de-fomento-al-empleo-para-el-sector-turismo\/","title":{"rendered":"STPS y SECTUR coordinan esfuerzos y lanzan estrategia de fomento al empleo para el sector turismo"},"content":{"rendered":"<p><img decoding=\"async\" class=\"wp-image-361390 alignright\" src=\"https:\/\/dimensionturistica.com\/es\/wp-content\/uploads\/2022\/07\/Trabajo-en-conjunto-STPC-y-Sectur-300x119.jpeg\" alt=\"\" width=\"512\" height=\"203\" srcset=\"https:\/\/dimensionturistica.com\/es\/wp-content\/uploads\/2022\/07\/Trabajo-en-conjunto-STPC-y-Sectur-300x119.jpeg 300w, https:\/\/dimensionturistica.com\/es\/wp-content\/uploads\/2022\/07\/Trabajo-en-conjunto-STPC-y-Sectur.jpeg 576w\" sizes=\"(max-width: 512px) 100vw, 512px\" \/>El Programa J\u00f3venes Construyendo el Futuro (JCF) y el Servicio Nacional de Empleo (SNE) ser\u00e1n los ejes principales de la estrategia de fomento al empleo en el sector turismo que facilita la vinculaci\u00f3n laboral entre personas buscadoras de empleo y empresas a nivel nacional, as\u00ed lo dieron a conocer los subsecretarios Marath Bola\u00f1os L\u00f3pez y Humberto Hern\u00e1ndez Haddad, de la Secretar\u00eda del Trabajo y Previsi\u00f3n Social (STPS) y de la Secretar\u00eda de Turismo (SECTUR), respectivamente.<br \/>\nEn reuni\u00f3n virtual, los funcionarios detallaron que ser\u00e1 a trav\u00e9s de acciones de fortalecimiento, coordinaci\u00f3n institucional y difusi\u00f3n en los 32 estados del pa\u00eds, como se impulsar\u00e1 la participaci\u00f3n de las y los buscadores de empleo en actividades relacionadas con el comercio, la industria restaurantera (alimentos y bebidas), transportaci\u00f3n (a\u00e9rea, terrestre y mar\u00edtima), agencias de viajes, hospedaje (hoteles, moteles, boutique, villas y hostales), parques acu\u00e1ticos y balnearios, entre algunos otras actividades.<br \/>\nEntre los compromisos, destaca que el SNE presentar\u00e1 el micrositio de turismo del Portal del Empleo, una plataforma digital gratuita que concentrar\u00e1 la oferta de vacantes para facilitar la b\u00fasqueda de oportunidades laborales.<br \/>\nAdem\u00e1s, se convoc\u00f3 a las empresas a registrar sus plazas vacantes en el sitio https:\/\/ferias.empleo.gob.mx y participar en los cerca de 60 eventos a realizarse en todo el pa\u00eds durante agosto, en el marco de la Feria Nacional de Empleo para la Inclusi\u00f3n Laboral de la Juventud 2022.<br \/>\nEn su participaci\u00f3n, el subsecretario de Empleo y Productividad Laboral de la STPS, Marath Bola\u00f1os, expres\u00f3 la responsabilidad de la STPS por facilitar que las personas tengan un empleo y alcancen un desarrollo<img decoding=\"async\" class=\" wp-image-361391 alignright\" src=\"https:\/\/dimensionturistica.com\/es\/wp-content\/uploads\/2022\/07\/Trabajo-en-conjunto-STPC-y-Sectur-2-300x156.jpeg\" alt=\"\" width=\"398\" height=\"207\" srcset=\"https:\/\/dimensionturistica.com\/es\/wp-content\/uploads\/2022\/07\/Trabajo-en-conjunto-STPC-y-Sectur-2-300x156.jpeg 300w, https:\/\/dimensionturistica.com\/es\/wp-content\/uploads\/2022\/07\/Trabajo-en-conjunto-STPC-y-Sectur-2.jpeg 578w\" sizes=\"(max-width: 398px) 100vw, 398px\" \/> profesional; destac\u00f3 el cumplimiento de la meta sexenal de 2.3 millones de beneficiarios del Programa J\u00f3venes Construyendo el Futuro como lo comprometi\u00f3 el presidente Andr\u00e9s Manuel L\u00f3pez Obrador, al tiempo de mencionar que el SNE logr\u00f3 colocar a cerca de 1.4 millones de personas en un trabajo formal.<br \/>\nPara Humberto Hern\u00e1ndez Haddad, subsecretario de Turismo en la SECTUR, \u201cel objetivo de promover el turismo mediante el SNE es una tarea de la mayor importancia social, econ\u00f3mica y productiva para M\u00e9xico\u201d.<br \/>\nAfirm\u00f3 que \u201clos 5 estados con menor poblaci\u00f3n ocupacional son Guerrero, Tabasco, Veracruz, Sinaloa y la Ciudad de M\u00e9xico, y que los dos destinos tur\u00edsticos con mayor oferta de trabajo en este momento son los estados de Quintana Roo y Oaxaca\u201d.<br \/>\nFinalmente, se\u00f1al\u00f3 que el sector econ\u00f3mico que m\u00e1s plazas de ocupaci\u00f3n laboral aporta para los j\u00f3venes de M\u00e9xico es el turismo, y es el segundo lugar para las mujeres, \u201cdada esa trascendencia social y econ\u00f3mica, hablamos de que se est\u00e1 sembrando en terreno f\u00e9rtil, apoyando la ocupaci\u00f3n laboral de la industria tur\u00edstica\u201d, destac\u00f3.<br \/>\nLa sesi\u00f3n cont\u00f3 con la participaci\u00f3n de Rodrigo Ram\u00edrez Quintana, titular del Servicio Nacional de Empleo; representantes de las oficinas estatales del SNE; funcionarios de la Secretar\u00eda de Turismo y organizaciones del sector como la Confederaci\u00f3n de C\u00e1maras Nacionales de Comercio, Servicios y Turismo; el Consejo Nacional Empresarial Tur\u00edstico; la Confederaci\u00f3n Patronal de la Rep\u00fablica Mexicana; la Asociaci\u00f3n Mexicana de Hoteles y Moteles; y la Federaci\u00f3n Mexicana de Asociaciones Tur\u00edsticas.<\/p>\n","protected":false},"excerpt":{"rendered":"<p>El Programa J\u00f3venes Construyendo el Futuro (JCF) y el Servicio Nacional de Empleo (SNE) ser\u00e1n los ejes principales de la estrategia de fomento al empleo en el sector turismo que facilita la vinculaci\u00f3n laboral entre personas buscadoras de empleo y empresas a nivel nacional, as\u00ed lo dieron a conocer los subsecretarios Marath Bola\u00f1os L\u00f3pez y [&hellip;]<\/p>\n","protected":false},"author":1,"featured_media":361395,"comment_status":"open","ping_status":"closed","sticky":false,"template":"","format":"standard","meta":{"om_disable_all_campaigns":false,"jnews-multi-image_gallery":[],"jnews_single_post":{"source_name":"","source_url":"","via_name":"","via_url":"","override_template":"0","override":[{"template":"1","single_blog_custom":"","parallax":"1","fullscreen":"1","layout":"right-sidebar","sidebar":"default-sidebar","second_sidebar":"default-sidebar","sticky_sidebar":"1","share_position":"top","share_float_style":"share-monocrhome","show_share_counter":"1","show_view_counter":"1","show_featured":"1","show_post_meta":"1","show_post_author":"1","show_post_author_image":"1","show_post_date":"1","post_date_format":"default","post_date_format_custom":"Y\/m\/d","show_post_category":"1","show_post_reading_time":"0","post_reading_time_wpm":"300","show_zoom_button":"0","zoom_button_out_step":"2","zoom_button_in_step":"3","show_post_tag":"1","show_prev_next_post":"1","show_popup_post":"1","number_popup_post":"1","show_author_box":"0","show_post_related":"0","show_inline_post_related":"0"}],"override_image_size":"0","image_override":[{"single_post_thumbnail_size":"crop-500","single_post_gallery_size":"crop-500"}],"trending_post":"0","trending_post_position":"meta","trending_post_label":"Trending","sponsored_post":"0","sponsored_post_label":"Sponsored by","sponsored_post_name":"","sponsored_post_url":"","sponsored_post_logo_enable":"0","sponsored_post_logo":"","sponsored_post_desc":"","disable_ad":"0"},"jnews_primary_category":{"id":""},"jnews_social_meta":{"fb_title":"","fb_description":"","fb_image":"","twitter_title":"","twitter_description":"","twitter_image":""},"footnotes":""},"categories":[39],"tags":[],"class_list":["post-361378","post","type-post","status-publish","format-standard","has-post-thumbnail","hentry","category-viajes"],"_links":{"self":[{"href":"https:\/\/dimensionturistica.com\/es\/wp-json\/wp\/v2\/posts\/361378","targetHints":{"allow":["GET"]}}],"collection":[{"href":"https:\/\/dimensionturistica.com\/es\/wp-json\/wp\/v2\/posts"}],"about":[{"href":"https:\/\/dimensionturistica.com\/es\/wp-json\/wp\/v2\/types\/post"}],"author":[{"embeddable":true,"href":"https:\/\/dimensionturistica.com\/es\/wp-json\/wp\/v2\/users\/1"}],"replies":[{"embeddable":true,"href":"https:\/\/dimensionturistica.com\/es\/wp-json\/wp\/v2\/comments?post=361378"}],"version-history":[{"count":0,"href":"https:\/\/dimensionturistica.com\/es\/wp-json\/wp\/v2\/posts\/361378\/revisions"}],"wp:featuredmedia":[{"embeddable":true,"href":"https:\/\/dimensionturistica.com\/es\/wp-json\/wp\/v2\/media\/361395"}],"wp:attachment":[{"href":"https:\/\/dimensionturistica.com\/es\/wp-json\/wp\/v2\/media?parent=361378"}],"wp:term":[{"taxonomy":"category","embeddable":true,"href":"https:\/\/dimensionturistica.com\/es\/wp-json\/wp\/v2\/categories?post=361378"},{"taxonomy":"post_tag","embeddable":true,"href":"https:\/\/dimensionturistica.com\/es\/wp-json\/wp\/v2\/tags?post=361378"}],"curies":[{"name":"wp","href":"https:\/\/api.w.org\/{rel}","templated":true}]}}