{"id":361360,"date":"2022-07-28T14:07:45","date_gmt":"2022-07-28T14:07:45","guid":{"rendered":"https:\/\/dimensionturistica.com\/es\/?p=361360"},"modified":"2022-07-28T14:07:45","modified_gmt":"2022-07-28T14:07:45","slug":"eventos-de-talla-internacional-detonaran-el-turismo-en-san-luis-potosi","status":"publish","type":"post","link":"https:\/\/dimensionturistica.com\/es\/eventos-de-talla-internacional-detonaran-el-turismo-en-san-luis-potosi\/","title":{"rendered":"Eventos de talla internacional detonar\u00e1n el turismo en San Luis Potos\u00ed"},"content":{"rendered":"<p><img decoding=\"async\" class=\"size-medium wp-image-361366 alignleft\" src=\"https:\/\/dimensionturistica.com\/es\/wp-content\/uploads\/2022\/07\/SAN1-300x200.jpg\" alt=\"\" width=\"300\" height=\"200\" srcset=\"https:\/\/dimensionturistica.com\/es\/wp-content\/uploads\/2022\/07\/SAN1-300x200.jpg 300w, https:\/\/dimensionturistica.com\/es\/wp-content\/uploads\/2022\/07\/SAN1.jpg 500w\" sizes=\"(max-width: 300px) 100vw, 300px\" \/>El secretario de Turismo del Gobierno de M\u00e9xico, Miguel Torruco Marqu\u00e9s, y la secretaria de Turismo de San Luis Potos\u00ed, Patricia Elizabeth V\u00e9liz Alem\u00e1n, anunciaron el regreso de la Feria Nacional Potosina (Fenapo), a celebrarse del 5 al 28 de agosto, la cual concluir\u00e1 con la etapa San Luis Potos\u00ed de la prestigiada Carrera Ciclista del Tour de Francia.<br \/>\nAcompa\u00f1ado tambi\u00e9n de la secretaria de Turismo de la Ciudad de M\u00e9xico, Nathalie Desplas Puel, el titular de la Secretar\u00eda de Turismo (Sectur) indic\u00f3 que la realizaci\u00f3n de estos eventos de talla internacional contribuyen a impulsar la diversificaci\u00f3n de la actividad tur\u00edstica al detonar la llegada de turistas de diversos pa\u00edses e incrementar al gasto promedio por visitante.<img decoding=\"async\" class=\"size-medium wp-image-361367 alignright\" src=\"https:\/\/dimensionturistica.com\/es\/wp-content\/uploads\/2022\/07\/SAN6-300x230.jpg\" alt=\"\" width=\"300\" height=\"230\" srcset=\"https:\/\/dimensionturistica.com\/es\/wp-content\/uploads\/2022\/07\/SAN6-300x230.jpg 300w, https:\/\/dimensionturistica.com\/es\/wp-content\/uploads\/2022\/07\/SAN6.jpg 500w\" sizes=\"(max-width: 300px) 100vw, 300px\" \/><br \/>\n\u201cLa diversificaci\u00f3n de la oferta tur\u00edstica es un factor determinante para posicionar un destino y hacerlo m\u00e1s competitivo. Cuando hablamos de diversificar, nos referimos a que el turista tenga la posibilidad de vivir diferentes experiencias en un mismo lugar, y claramente, la \u2018Feria Nacional Potosina\u2019 y la etapa San Luis Potos\u00ed de la Tour de Francia, cumplen con ese cometido\u201d, coment\u00f3.<br \/>\nTorruco Marqu\u00e9s se\u00f1al\u00f3 que la Fenapo, que se lleva a cabo en la ciudad de San Luis Potos\u00ed, es la feria m\u00e1s importante del estado, con proyecci\u00f3n mundial, que en su 80 aniversario contar\u00e1 con diversas actividades culturales, art\u00edsticas, musicales, gastron\u00f3micas y deportivas, as\u00ed como con juegos mec\u00e1nicos.<br \/>\nAgreg\u00f3 que como un valor agregado, en el marco de esta festividad, se llevar\u00e1 a cabo, por primera vez en su<img decoding=\"async\" class=\"size-medium wp-image-361372 alignleft\" src=\"https:\/\/dimensionturistica.com\/es\/wp-content\/uploads\/2022\/07\/SAN3-300x200.jpg\" alt=\"\" width=\"300\" height=\"200\" srcset=\"https:\/\/dimensionturistica.com\/es\/wp-content\/uploads\/2022\/07\/SAN3-300x200.jpg 300w, https:\/\/dimensionturistica.com\/es\/wp-content\/uploads\/2022\/07\/SAN3.jpg 500w\" sizes=\"(max-width: 300px) 100vw, 300px\" \/> historia, la etapa San Luis Potos\u00ed de la prestigiada Carrera Ciclista del Tour de Francia, en la que se prev\u00e9 la participaci\u00f3n de 2 mil competidores nacionales y extranjeros y la asistencia de 6 mil espectadores.<br \/>\n\u201cEsta justa deportiva, que incluye tres tipos de rutas: sprint de 35 km, corta de 70 km y larga de 125 km, tendr\u00e1 verificativo el domingo 28 de agosto, a fin de cerrar con \u2018broche de oro\u2019 la \u2018Feria Nacional Potosina\u2019\u201d, apunt\u00f3.<br \/>\nEl secretario de Turismo puntualiz\u00f3 que San Luis Potos\u00ed tiene una participaci\u00f3n del 1.4% en el PIB Tur\u00edstico nacional, y en los primeros cinco meses del 2022 registr\u00f3 la llegada de 106 mil 84 pasajeros v\u00eda a\u00e9rea, lo que represent\u00f3 un crecimiento del 38.2% con respecto al mismo periodo del 2021. Asimismo, se registr\u00f3 el arribo de mil 555 vuelos, un incremento del 25.7% en comparaci\u00f3n con enero-mayo del a\u00f1o pasado.<br \/>\nPor su parte, la secretaria de Turismo de San Luis Potos\u00ed, Patricia Elizabeth V\u00e9liz Alem\u00e1n, invit\u00f3 al p\u00fablico en general a asistir a la Fenapo 2022, con instalaciones totalmente remodeladas, nuevas y mejores atracciones, y con entrada libre.<br \/>\nEl evento incluye desde la Feria de Escaramuzas, rodeo, corridas de toros, y palenque de gallos hasta Voladores de Tamaletom, ilusi\u00f3n On Ice, circo, entre otras actividades, as\u00ed como la presentaci\u00f3n de reconocidos artistas nacionales e internacionales.<br \/>\nV\u00e9liz Alem\u00e1n subray\u00f3 que se espera una afluencia de m\u00e1s de 4 millones de personas, superando los r\u00e9cords de asistencia de las anteriores administraciones, dejando una derrama econ\u00f3mica aproximada de mil millones de pesos para toda la cadena de valor tur\u00edstica.<br \/>\nEn su oportunidad, Carlos Borboa, director del M\u00e9xico Selection del Concours Mondial de Bruxelles, dio a<img decoding=\"async\" class=\"size-medium wp-image-361373 alignleft\" src=\"https:\/\/dimensionturistica.com\/es\/wp-content\/uploads\/2022\/07\/SAN2-300x200.jpg\" alt=\"\" width=\"300\" height=\"200\" srcset=\"https:\/\/dimensionturistica.com\/es\/wp-content\/uploads\/2022\/07\/SAN2-300x200.jpg 300w, https:\/\/dimensionturistica.com\/es\/wp-content\/uploads\/2022\/07\/SAN2.jpg 500w\" sizes=\"(max-width: 300px) 100vw, 300px\" \/> conocer a los tres ganadores potosinos de este reconocido concurso internacional, que triunfaron entre m\u00e1s de 2 mil muestras de vinos, licores y mezcales.<br \/>\nExplic\u00f3 que el Concours Mondial de Bruxelles es un concurso internacional en el que los productores presentan miles de vinos para que un panel de expertos los cate y eval\u00fae.<br \/>\nEn esta ocasi\u00f3n fueron Mezcal Laguna Seca, Mezcal Patat\u00fas<img decoding=\"async\" class=\"size-medium wp-image-361376 alignright\" src=\"https:\/\/dimensionturistica.com\/es\/wp-content\/uploads\/2022\/07\/SAN5-1-300x200.jpg\" alt=\"\" width=\"300\" height=\"200\" srcset=\"https:\/\/dimensionturistica.com\/es\/wp-content\/uploads\/2022\/07\/SAN5-1-300x200.jpg 300w, https:\/\/dimensionturistica.com\/es\/wp-content\/uploads\/2022\/07\/SAN5-1.jpg 500w\" sizes=\"(max-width: 300px) 100vw, 300px\" \/> y La Penca Imperial, las tres marcas de mezcales potosinos ganadoras de dos medallas de plata y una de oro, respectivamente, as\u00ed como el Syrah 2016 de Vin\u00edcola Pozo de Luna, el cual regres\u00f3 a casa con otra medalla de Oro, despu\u00e9s de haber ganado en 2020 como mejor Malbec del mundo.<br \/>\nEn el anuncio de estos importantes eventos que tendr\u00e1n lugar en San Luis Potos\u00ed, tambi\u00e9n estuvieron presentes Emmanuel Rey, director general de Promoci\u00f3n y Asuntos Internacionales de Sectur; Julian Levin Balcells, director de Comunicaci\u00f3n Institucional e Imagen de CIbanco; Fernando Escand\u00f3n, de Mezcal Patat\u00fas; V\u00edctor Lomel\u00ed, Mezcal La Penca Imperial; y Alfredo Oria, de Vin\u00edcola Pozo de Luna.<\/p>\n","protected":false},"excerpt":{"rendered":"<p>El secretario de Turismo del Gobierno de M\u00e9xico, Miguel Torruco Marqu\u00e9s, y la secretaria de Turismo de San Luis Potos\u00ed, Patricia Elizabeth V\u00e9liz Alem\u00e1n, anunciaron el regreso de la Feria Nacional Potosina (Fenapo), a celebrarse del 5 al 28 de agosto, la cual concluir\u00e1 con la etapa San Luis Potos\u00ed de la prestigiada Carrera Ciclista [&hellip;]<\/p>\n","protected":false},"author":1,"featured_media":361375,"comment_status":"open","ping_status":"closed","sticky":false,"template":"","format":"standard","meta":{"om_disable_all_campaigns":false,"jnews-multi-image_gallery":[],"jnews_single_post":{"source_name":"","source_url":"","via_name":"","via_url":"","override_template":"0","override":[{"template":"1","single_blog_custom":"","parallax":"1","fullscreen":"1","layout":"right-sidebar","sidebar":"default-sidebar","second_sidebar":"default-sidebar","sticky_sidebar":"1","share_position":"top","share_float_style":"share-monocrhome","show_share_counter":"1","show_view_counter":"1","show_featured":"1","show_post_meta":"1","show_post_author":"1","show_post_author_image":"1","show_post_date":"1","post_date_format":"default","post_date_format_custom":"Y\/m\/d","show_post_category":"1","show_post_reading_time":"0","post_reading_time_wpm":"300","show_zoom_button":"0","zoom_button_out_step":"2","zoom_button_in_step":"3","show_post_tag":"1","show_prev_next_post":"1","show_popup_post":"1","number_popup_post":"1","show_author_box":"0","show_post_related":"0","show_inline_post_related":"0"}],"override_image_size":"0","image_override":[{"single_post_thumbnail_size":"crop-500","single_post_gallery_size":"crop-500"}],"trending_post":"0","trending_post_position":"meta","trending_post_label":"Trending","sponsored_post":"0","sponsored_post_label":"Sponsored by","sponsored_post_name":"","sponsored_post_url":"","sponsored_post_logo_enable":"0","sponsored_post_logo":"","sponsored_post_desc":"","disable_ad":"0"},"jnews_primary_category":{"id":""},"jnews_social_meta":{"fb_title":"","fb_description":"","fb_image":"","twitter_title":"","twitter_description":"","twitter_image":""},"footnotes":""},"categories":[43],"tags":[],"class_list":["post-361360","post","type-post","status-publish","format-standard","has-post-thumbnail","hentry","category-gourmet"],"_links":{"self":[{"href":"https:\/\/dimensionturistica.com\/es\/wp-json\/wp\/v2\/posts\/361360","targetHints":{"allow":["GET"]}}],"collection":[{"href":"https:\/\/dimensionturistica.com\/es\/wp-json\/wp\/v2\/posts"}],"about":[{"href":"https:\/\/dimensionturistica.com\/es\/wp-json\/wp\/v2\/types\/post"}],"author":[{"embeddable":true,"href":"https:\/\/dimensionturistica.com\/es\/wp-json\/wp\/v2\/users\/1"}],"replies":[{"embeddable":true,"href":"https:\/\/dimensionturistica.com\/es\/wp-json\/wp\/v2\/comments?post=361360"}],"version-history":[{"count":0,"href":"https:\/\/dimensionturistica.com\/es\/wp-json\/wp\/v2\/posts\/361360\/revisions"}],"wp:featuredmedia":[{"embeddable":true,"href":"https:\/\/dimensionturistica.com\/es\/wp-json\/wp\/v2\/media\/361375"}],"wp:attachment":[{"href":"https:\/\/dimensionturistica.com\/es\/wp-json\/wp\/v2\/media?parent=361360"}],"wp:term":[{"taxonomy":"category","embeddable":true,"href":"https:\/\/dimensionturistica.com\/es\/wp-json\/wp\/v2\/categories?post=361360"},{"taxonomy":"post_tag","embeddable":true,"href":"https:\/\/dimensionturistica.com\/es\/wp-json\/wp\/v2\/tags?post=361360"}],"curies":[{"name":"wp","href":"https:\/\/api.w.org\/{rel}","templated":true}]}}