{"id":361151,"date":"2022-07-28T05:44:14","date_gmt":"2022-07-28T05:44:14","guid":{"rendered":"https:\/\/dimensionturistica.com\/es\/?p=361151"},"modified":"2022-07-28T05:44:14","modified_gmt":"2022-07-28T05:44:14","slug":"detienen-a-una-mujer-por-presunta-estafa-masiva-en-agencia-de-viajes","status":"publish","type":"post","link":"https:\/\/dimensionturistica.com\/es\/detienen-a-una-mujer-por-presunta-estafa-masiva-en-agencia-de-viajes\/","title":{"rendered":"Detienen a una mujer por presunta estafa masiva en agencia de viajes"},"content":{"rendered":"<p> <br \/>\n<\/p>\n<div mlnid=\"idcon=536673;order=7.0\">\n<p class=\"p_0\">La Fiscal\u00eda Normal del Estado y la Polic\u00eda Nacional allan\u00f3 una <b>agencia de viajes<\/b> de <b>Machala<\/b>, capital de la provincia de El Oro.<\/p>\n<p class=\"p_1\">La diligencia se realiz\u00f3 despu\u00e9s de que se present\u00f3 una denuncia por <b>presunta estafa masiva<\/b> contra personas que habr\u00edan comprado paquetes de viajes.<\/p>\n<p class=\"p_2\">De manera preliminar se dio a conocer que la propietaria del native, ubicado en la avenida Errol Cartwright Betancourt y Col\u00f3n, habr\u00eda cobrado por excursions a <b>diferentes partes del mundo,<\/b> que no se cumplieron.<\/p>\n<p class=\"p_3\">Entre las ofertas estaba un <b>viaje a Catar<\/b>, pa\u00eds donde se llevar\u00e1 a cabo el mundial de f\u00fatbol, en el que <b>Ecuador jugar\u00e1 <\/b>el pr\u00f3ximo noviembre al haber clasificado.<\/p>\n<p class=\"p_4\">Asimismo, seg\u00fan las denuncias, hab\u00eda <b>paquetes tur\u00edsticos programados para el 2020<\/b>, que hasta el momento no hab\u00edan sido cumplidos.<\/p>\n<p class=\"p_5\">De acuerdo con F\u00e9lix Romero, abogado de los afectados, cont\u00f3 que \u00e9l esta defendiendo a alrededor de 40 personas, y que los paquetes ten\u00edan un valor aproximado de <b>5.000 d\u00f3lares<\/b> por persona.<\/p>\n<p class=\"p_6\">\u201cEntre los afectados existen <b>personas de la tercera edad,<\/b> quienes compraron un paquete tur\u00edstico para disfrutar de su trabajo, pero fueron <b>enga\u00f1ados<\/b>\u201d, cont\u00f3.<\/p>\n<p class=\"p_7\">Asimismo, Romero indic\u00f3 que habr\u00eda otras denuncias en contra de la propietaria identificada como<b> Kerli M.<\/b>, por lo que pidi\u00f3 la intervenci\u00f3n de las autoridades para que la mujer devuelva el dinero a los afectados.<\/p>\n<p class=\"p_8\">\u201cEl perjuicio bordea cerca del <b>mill\u00f3n de d\u00f3lares<\/b> que esta se\u00f1ora ha estafado y sigue estafando&#8230; Sigue ofreciendo paquetes tur\u00edsticos y la gente est\u00e1 siendo perjudicada y eso no lo <b>vamos a permitir<\/b>\u201d, indic\u00f3.<\/p>\n<p class=\"p_9\">Tras el allanamiento de las instalaciones<b>, Kerli M.<\/b>, fue llevada hasta la Fiscal\u00eda para que rinda su versi\u00f3n sobre lo acontecido. Adem\u00e1s, las autoridades se llevaron varios <b>equipos tecnol\u00f3gicos <\/b>para realizar las investigaciones respectivas.<\/p>\n<p class=\"p_10\">Seg\u00fan el medio digital, Machala M\u00f3vil, la tarde de este 27 de julio concluy\u00f3 la <b>audiencia de formulaci\u00f3n de cargos<\/b> en contra de la sospechosa, quien ser\u00eda propietaria de una <b>agencia de viajes. <\/b>El juez orden\u00f3 la <b>prisi\u00f3n preventiva<\/b> en contra de la mujer.<\/p>\n<\/p><\/div>\n\n<p><em> &#8221; Fuentes www.vistazo.com &#8221; <\/em><\/p>\n","protected":false},"excerpt":{"rendered":"<p>La Fiscal\u00eda Normal del Estado y la Polic\u00eda Nacional allan\u00f3 una agencia de viajes de Machala, capital de la provincia de El Oro. La diligencia se realiz\u00f3 despu\u00e9s de que se present\u00f3 una denuncia por presunta estafa masiva contra personas que habr\u00edan comprado paquetes de viajes. De manera preliminar se dio a conocer que la [&hellip;]<\/p>\n","protected":false},"author":4,"featured_media":361152,"comment_status":"open","ping_status":"closed","sticky":false,"template":"","format":"standard","meta":{"om_disable_all_campaigns":false,"jnews-multi-image_gallery":[],"jnews_single_post":[],"jnews_primary_category":[],"jnews_social_meta":[],"footnotes":""},"categories":[39],"tags":[752],"class_list":["post-361151","post","type-post","status-publish","format-standard","has-post-thumbnail","hentry","category-viajes","tag-agencia"],"_links":{"self":[{"href":"https:\/\/dimensionturistica.com\/es\/wp-json\/wp\/v2\/posts\/361151","targetHints":{"allow":["GET"]}}],"collection":[{"href":"https:\/\/dimensionturistica.com\/es\/wp-json\/wp\/v2\/posts"}],"about":[{"href":"https:\/\/dimensionturistica.com\/es\/wp-json\/wp\/v2\/types\/post"}],"author":[{"embeddable":true,"href":"https:\/\/dimensionturistica.com\/es\/wp-json\/wp\/v2\/users\/4"}],"replies":[{"embeddable":true,"href":"https:\/\/dimensionturistica.com\/es\/wp-json\/wp\/v2\/comments?post=361151"}],"version-history":[{"count":0,"href":"https:\/\/dimensionturistica.com\/es\/wp-json\/wp\/v2\/posts\/361151\/revisions"}],"wp:featuredmedia":[{"embeddable":true,"href":"https:\/\/dimensionturistica.com\/es\/wp-json\/wp\/v2\/media\/361152"}],"wp:attachment":[{"href":"https:\/\/dimensionturistica.com\/es\/wp-json\/wp\/v2\/media?parent=361151"}],"wp:term":[{"taxonomy":"category","embeddable":true,"href":"https:\/\/dimensionturistica.com\/es\/wp-json\/wp\/v2\/categories?post=361151"},{"taxonomy":"post_tag","embeddable":true,"href":"https:\/\/dimensionturistica.com\/es\/wp-json\/wp\/v2\/tags?post=361151"}],"curies":[{"name":"wp","href":"https:\/\/api.w.org\/{rel}","templated":true}]}}