{"id":361135,"date":"2022-07-28T04:55:07","date_gmt":"2022-07-28T04:55:07","guid":{"rendered":"https:\/\/dimensionturistica.com\/es\/?p=361135"},"modified":"2022-07-28T04:55:08","modified_gmt":"2022-07-28T04:55:08","slug":"el-viaje-del-molinero","status":"publish","type":"post","link":"https:\/\/dimensionturistica.com\/es\/el-viaje-del-molinero\/","title":{"rendered":"El viaje del molinero"},"content":{"rendered":"<p> <br \/>\n<\/p>\n<p>\n        Un cartel recuerda<strong> la prohibici\u00f3n de hacer rallies.<\/strong> La carretera hacia Centenera invita al <strong>derrape descerebrado<\/strong>. Estrecha y serpenteante. En una bajada queda una recia construcci\u00f3n de altos muros de piedra. Es Molino Centenera. Varias tiendas descansan en el prado vecino, un antiguo huerto de patatas. Alg\u00fan coche siembra de ruido la paz de un lugar que descubre al fondo el Turb\u00f3n. Julia aprovecha la leve cobertura para hablar con <a rel=\"nofollow noopener\" target=\"_blank\" href=\"https:\/\/www.elperiodicodearagon.com\/tags\/madrid\/\" title=\"Madrid\" class=\"link copy\">Madrid<\/a> desde la casita de tablas colgada de un \u00e1rbol. Javier se despierta de la siesta. \u00ab<strong>En este costado de la campa pondremos la pantalla. De seis metros. Ser\u00e1 hinchable<\/strong>\u00bb\u00bb, advierte.\n<\/p>\n<div wp_automatic_readability=\"105\">\n<p class=\"article-body__text \">\n        Javier es el molinero. El barranco de Pinares baja seco. Antes rug\u00eda para moler el trigo y oliva, producir energ\u00eda que marchaba a Erdao o alg\u00fan Mas en Fantova, todos abandonados. \u00abAparece en los documentos de la desamortizaci\u00f3n de Madoz a mediados del siglo XIX, pero ser\u00e1 anterior. <strong>Ten\u00eda tres usos y un horno donde se hac\u00eda pan, algo \u00fanico<\/strong>. Estuvo activo hasta los setenta\u00bb, cuenta su propietario. Su producci\u00f3n hoy es de sue\u00f1os, de viajes hechos y por hacer, geogr\u00e1ficos y vitales, esos que Javier Selva quiere proyectar en un pageant que nace sostenible, verde, rural, al aire libre y con un cartel in\u00e9dito para un punto tan rec\u00f3ndito como <strong>Molino Centenera.<\/strong>\n<\/p>\n<p class=\"article-body__text \">\n        Vagamundos es la \u00faltima aventura de este manchego \u00abenamorado del Pirineo\u00bb que encontr\u00f3 su lugar en el mundo hace quince a\u00f1os en este rinconet de Ribagorza despu\u00e9s de perderse por la Ant\u00e1rtida, Tierra de Fuego, Alaska, Groenlandia, Himalaya&#8230; \u00abLo m\u00e1s parecido que hay en la tierra a la Ant\u00e1rtida es Marte.<strong> No se parece a nada de lo que has visto nunca<\/strong>, aunque hayas estado en Groenlandia o en Islandia, te deja una huella\u00bb, afirma este productor, c\u00e1mara y fot\u00f3grafo especializado en condiciones extremas.\n<\/p>\n<p class=\"article-body__text \">\n        Y condiciones extremas es montar de la nada un pageant \u00abbajo las estrellas\u00bb. Las del cielo y las del cine. \u00ab<strong>Ha estado a un pelo de venir Maribel Verd\u00fa<\/strong>\u00bb, anuncia este productor, de pel\u00edculas y de tomates rosas ecol\u00f3gicos.\n<\/p>\n<article class=\"article-photo article-photo-- \" wp_automatic_readability=\"27\">\n    <!-- \/.multimedia-block__element --><\/p>\n<p class=\"article-photo__footer\">\n            <em>La turbina el\u00e9ctrica del molino surtir\u00e1 de energ\u00eda sostenible al evento. | S. R.A.<\/em>                    <\/p>\n<p><!-- \/.article-photo__footer --><br \/>\n    <\/article>\n<p><!-- \/.article-photo article-photo-- --><\/p>\n<h2 class=\"article-body__ladillo\"><strong>Tirar de contactos<\/strong><\/h2>\n<p class=\"article-body__text \">\n        Del 4 al 6 de agosto vendr\u00e1n a su casa el consagrado director <strong>Gerardo Olivares<\/strong> (14 kil\u00f3metros, El faro de las horcas\u2026), que intervendr\u00e1 en el posterior coloquio tras ver <strong>Cuatro latas<\/strong>, e Isabel Coixet y Carla Sim\u00f3n, en esp\u00edritu y v\u00eddeo. \u00abAmbas nos han dejado un peque\u00f1o mensaje grabado\u00bb. De ellas proyectar\u00e1n las premiadas <strong>Nadie quiere la noche<\/strong>, con la participaci\u00f3n del explorador polar espa\u00f1ol Ignacio Oficialdegui, y<strong> Alcarr\u00e1s<\/strong>, con la presencia de parte de los actores que la han protagonizado y el soci\u00f3logo rural Manuel Gonz\u00e1lez Fern\u00e1ndez.\n<\/p>\n<p class=\"article-body__text \">\n        Javier ha tirado de agenda y contactos para montar <strong>un evento que se cubrir\u00e1 con tres talleres especializados<\/strong>. El periodista Dioni Serrano impartir\u00e1 el primero sobre literatura de viajes, la profesora de Bellas Artes Julia Vallesp\u00edn hablar\u00e1 sobre cuadernos y dibujos de viajes y el c\u00e1mara Luis L\u00f3pez Soriano explicar\u00e1 la dificultad de grabar en condiciones extremas.\n<\/p>\n<p class=\"article-body__text \">\n        La colaboraci\u00f3n no es externa. Su alianza con<strong> la asociaci\u00f3n cultural Llagure de La Puebla de Fantova<\/strong> ha llevado a varias acciones, como lavar la cara de las antiguas escuelas, habilitadas como Espacio Joven para la proyecci\u00f3n de documentales y cortos. \u00abPara el pueblo es todo un acontecimiento. <strong>Lo vamos a poner en el mapa<\/strong>. No es que tenga una econom\u00eda vinculada al turismo, pero si tiene \u00e9xito, esto tendr\u00e1 una continuidad. Me gustar\u00eda que el pageant se alargar\u00e1 durante cinco o seis d\u00edas, a\u00f1adir conciertos o performances\u00bb, indica optimista Selva. Para empezar, han habilitado una zona de acampada y alojamientos en el Albergue del Castillo de Fantova.\n<\/p>\n<p class=\"article-body__text \">\n        Su intenci\u00f3n es<strong> perdurar.<\/strong> Para ello ha puesto el sello del primer pageant sostenible y sin emisiones. A la apuesta por el reciclaje, sin pl\u00e1sticos y m\u00ednimos residuos, se suma la autogeneraci\u00f3n de energ\u00eda renovable desde la turbina el\u00e9ctrica del propio molino y otro e\u00f3lico. \u00abAspiramos a que <strong>vengan 200 o 300 personas.<\/strong> Ser un polo de atracci\u00f3n para que se conozcan estos pueblos. Y que alguno repita. Y de esos, que alguno se enamor\u00e9 del lugar y quiera quedarse\u00bb, a\u00f1ade Javier Selva. Como hizo \u00e9l en su molino<strong>. <\/strong>\n<\/p>\n<\/p><\/div>\n\n<p><em> &#8221; Fuentes www.elperiodicodearagon.com &#8221; <\/em><\/p>\n","protected":false},"excerpt":{"rendered":"<p>Un cartel recuerda la prohibici\u00f3n de hacer rallies. La carretera hacia Centenera invita al derrape descerebrado. Estrecha y serpenteante. En una bajada queda una recia construcci\u00f3n de altos muros de piedra. Es Molino Centenera. Varias tiendas descansan en el prado vecino, un antiguo huerto de patatas. Alg\u00fan coche siembra de ruido la paz de un [&hellip;]<\/p>\n","protected":false},"author":4,"featured_media":361136,"comment_status":"open","ping_status":"closed","sticky":false,"template":"","format":"standard","meta":{"om_disable_all_campaigns":false,"jnews-multi-image_gallery":[],"jnews_single_post":[],"jnews_primary_category":[],"jnews_social_meta":[],"footnotes":""},"categories":[39],"tags":[50400,681],"class_list":["post-361135","post","type-post","status-publish","format-standard","has-post-thumbnail","hentry","category-viajes","tag-molinero","tag-viaje"],"_links":{"self":[{"href":"https:\/\/dimensionturistica.com\/es\/wp-json\/wp\/v2\/posts\/361135","targetHints":{"allow":["GET"]}}],"collection":[{"href":"https:\/\/dimensionturistica.com\/es\/wp-json\/wp\/v2\/posts"}],"about":[{"href":"https:\/\/dimensionturistica.com\/es\/wp-json\/wp\/v2\/types\/post"}],"author":[{"embeddable":true,"href":"https:\/\/dimensionturistica.com\/es\/wp-json\/wp\/v2\/users\/4"}],"replies":[{"embeddable":true,"href":"https:\/\/dimensionturistica.com\/es\/wp-json\/wp\/v2\/comments?post=361135"}],"version-history":[{"count":0,"href":"https:\/\/dimensionturistica.com\/es\/wp-json\/wp\/v2\/posts\/361135\/revisions"}],"wp:featuredmedia":[{"embeddable":true,"href":"https:\/\/dimensionturistica.com\/es\/wp-json\/wp\/v2\/media\/361136"}],"wp:attachment":[{"href":"https:\/\/dimensionturistica.com\/es\/wp-json\/wp\/v2\/media?parent=361135"}],"wp:term":[{"taxonomy":"category","embeddable":true,"href":"https:\/\/dimensionturistica.com\/es\/wp-json\/wp\/v2\/categories?post=361135"},{"taxonomy":"post_tag","embeddable":true,"href":"https:\/\/dimensionturistica.com\/es\/wp-json\/wp\/v2\/tags?post=361135"}],"curies":[{"name":"wp","href":"https:\/\/api.w.org\/{rel}","templated":true}]}}