{"id":360866,"date":"2022-07-27T19:30:41","date_gmt":"2022-07-27T19:30:41","guid":{"rendered":"https:\/\/dimensionturistica.com\/es\/?p=360866"},"modified":"2022-07-27T19:30:41","modified_gmt":"2022-07-27T19:30:41","slug":"cinco-tips-de-salud-para-la-higiene-bucal-de-los-viajeros","status":"publish","type":"post","link":"https:\/\/dimensionturistica.com\/es\/cinco-tips-de-salud-para-la-higiene-bucal-de-los-viajeros\/","title":{"rendered":"Cinco tips de salud para la higiene bucal de los viajeros"},"content":{"rendered":"<p><img decoding=\"async\" class=\"size-medium wp-image-360873 alignright\" src=\"https:\/\/dimensionturistica.com\/es\/wp-content\/uploads\/2022\/07\/unnamed-1-21-300x213.jpg\" alt=\"\" width=\"300\" height=\"213\" srcset=\"https:\/\/dimensionturistica.com\/es\/wp-content\/uploads\/2022\/07\/unnamed-1-21-300x213.jpg 300w, https:\/\/dimensionturistica.com\/es\/wp-content\/uploads\/2022\/07\/unnamed-1-21-1024x726.jpg 1024w, https:\/\/dimensionturistica.com\/es\/wp-content\/uploads\/2022\/07\/unnamed-1-21-768x544.jpg 768w, https:\/\/dimensionturistica.com\/es\/wp-content\/uploads\/2022\/07\/unnamed-1-21-120x86.jpg 120w, https:\/\/dimensionturistica.com\/es\/wp-content\/uploads\/2022\/07\/unnamed-1-21-350x250.jpg 350w, https:\/\/dimensionturistica.com\/es\/wp-content\/uploads\/2022\/07\/unnamed-1-21-750x531.jpg 750w, https:\/\/dimensionturistica.com\/es\/wp-content\/uploads\/2022\/07\/unnamed-1-21.jpg 1136w\" sizes=\"(max-width: 300px) 100vw, 300px\" \/> Usualmente cuando hacemos la maleta para salir de viaje, ya tenemos nuestra rutina de preparaci\u00f3n que incluye ropa y accesorios de limpieza personal, b\u00e1sicamente. Enfocados en el tema de la salud bucal, lo m\u00e1s com\u00fan es que s\u00f3lo se viaje con un cepillo y una pasta dental peque\u00f1a, por aquello del espacio en la maleta, pero \u00bfrealmente estamos llevando lo necesario para cuidar nuestros dientes?<br \/>\nB360, marca creada por especialistas en cuidado de la salud bucal por casi 50 a\u00f1os, te presenta cinco tips que debes tomar en cuenta, para que t\u00fa y tu sonrisa, viajen seguros.<br \/>\nLleva un kit de limpieza<br \/>\n<img decoding=\"async\" class=\"size-medium wp-image-360875 alignleft\" src=\"https:\/\/dimensionturistica.com\/es\/wp-content\/uploads\/2022\/07\/1_8_365-289x300.jpg\" alt=\"\" width=\"289\" height=\"300\" srcset=\"https:\/\/dimensionturistica.com\/es\/wp-content\/uploads\/2022\/07\/1_8_365-289x300.jpg 289w, https:\/\/dimensionturistica.com\/es\/wp-content\/uploads\/2022\/07\/1_8_365-985x1024.jpg 985w, https:\/\/dimensionturistica.com\/es\/wp-content\/uploads\/2022\/07\/1_8_365-768x799.jpg 768w, https:\/\/dimensionturistica.com\/es\/wp-content\/uploads\/2022\/07\/1_8_365-750x780.jpg 750w, https:\/\/dimensionturistica.com\/es\/wp-content\/uploads\/2022\/07\/1_8_365-1140x1185.jpg 1140w, https:\/\/dimensionturistica.com\/es\/wp-content\/uploads\/2022\/07\/1_8_365.jpg 1154w\" sizes=\"(max-width: 289px) 100vw, 289px\" \/>Aunque nos ocupe un poco m\u00e1s de espacio en la maleta, es muy importante llevar siempre un kit de limpieza de salud bucal porque las horas de comidas usualmente no son las mismas que empleamos en casa. Este kit b\u00e1sico deber\u00e1 tener cepillo, pasta dental, enjuague bucal, hilo dental y chicles sin az\u00facar \u00bfChicles? S\u00ed, vayamos al siguiente punto.<br \/>\nNunca cubras el cepillo con una tapa<br \/>\nLa Asociaci\u00f3n Dental Estadounidense, recomienda que el cepillo no se guarde en un contenedor cerrado o que se cubra, esto debido a que un ambiente de estas caracter\u00edsticas propicia el crecimiento de microorganismos. Tambi\u00e9n se sugiere que una vez utilizados los cepillos, se dejen secar de forma horizontal hasta el siguiente uso.<br \/>\nAntes de viajar, acude a una revisi\u00f3n<br \/>\nSe recomienda que si se va a viajar por un periodo de tiempo especialmente prolongado, o bien, hacia zonas con dif\u00edcil acceso a un especialista en salud bucal como pueblos aislados, zonas rurales o silvestres, se realice<img decoding=\"async\" class=\"size-medium wp-image-360874 alignright\" src=\"https:\/\/dimensionturistica.com\/es\/wp-content\/uploads\/2022\/07\/B360-Viajeros1-300x203.jpg\" alt=\"\" width=\"300\" height=\"203\" srcset=\"https:\/\/dimensionturistica.com\/es\/wp-content\/uploads\/2022\/07\/B360-Viajeros1-300x203.jpg 300w, https:\/\/dimensionturistica.com\/es\/wp-content\/uploads\/2022\/07\/B360-Viajeros1-1024x693.jpg 1024w, https:\/\/dimensionturistica.com\/es\/wp-content\/uploads\/2022\/07\/B360-Viajeros1-768x520.jpg 768w, https:\/\/dimensionturistica.com\/es\/wp-content\/uploads\/2022\/07\/B360-Viajeros1-750x508.jpg 750w, https:\/\/dimensionturistica.com\/es\/wp-content\/uploads\/2022\/07\/B360-Viajeros1-1140x772.jpg 1140w, https:\/\/dimensionturistica.com\/es\/wp-content\/uploads\/2022\/07\/B360-Viajeros1.jpg 1185w\" sizes=\"(max-width: 300px) 100vw, 300px\" \/> una revisi\u00f3n odontol\u00f3gica. Ser\u00eda muy mala idea tener un dolor de muelas en mitad de la selva.<br \/>\nEnjuaga tu boca con agua<br \/>\nSi eres de las personas que olvidan todo constantemente, seguramente has salido de viaje y olvidado tu cepillo de dientes en casa. Para esos casos la l\u00f3gica ser\u00eda comprar un nuevo cepillo de dientes y una pasta, sin embargo, tambi\u00e9n el enjuague vigoroso con agua despu\u00e9s de comer, podr\u00eda ayudar a lavar algunas de las bacterias causantes de la caries. Otro tip para esas situaciones imprevistas, es poner un poco de pasta de dientes en un trapo limpio y sustituir el cepillo con un dedo, y frotar los dientes.<br \/>\nVuelve a la rutina<br \/>\nEs muy importante que una vez que hayas vuelto a casa y te instales, los primeros d\u00edas te cepilles los dientes un poco m\u00e1s tiempo de lo normal y utilizar hilo dental. Luego, volver a la normalidad con el cepillado tres veces al d\u00eda, el enjuague bucal, hilo dental y las visitas al especialista.<br \/>\nPara mayor informaci\u00f3n, consulta: https:\/\/www.b360.mx\/<br \/>\nRRSS: @b360.mx<\/p>\n<p>&nbsp;<\/p>\n","protected":false},"excerpt":{"rendered":"<p>Usualmente cuando hacemos la maleta para salir de viaje, ya tenemos nuestra rutina de preparaci\u00f3n que incluye ropa y accesorios de limpieza personal, b\u00e1sicamente. Enfocados en el tema de la salud bucal, lo m\u00e1s com\u00fan es que s\u00f3lo se viaje con un cepillo y una pasta dental peque\u00f1a, por aquello del espacio en la maleta, [&hellip;]<\/p>\n","protected":false},"author":1,"featured_media":360872,"comment_status":"open","ping_status":"closed","sticky":false,"template":"","format":"standard","meta":{"om_disable_all_campaigns":false,"jnews-multi-image_gallery":[],"jnews_single_post":{"source_name":"","source_url":"","via_name":"","via_url":"","override_template":"0","override":[{"template":"1","single_blog_custom":"","parallax":"1","fullscreen":"1","layout":"right-sidebar","sidebar":"default-sidebar","second_sidebar":"default-sidebar","sticky_sidebar":"1","share_position":"top","share_float_style":"share-monocrhome","show_share_counter":"1","show_view_counter":"1","show_featured":"1","show_post_meta":"1","show_post_author":"1","show_post_author_image":"1","show_post_date":"1","post_date_format":"default","post_date_format_custom":"Y\/m\/d","show_post_category":"1","show_post_reading_time":"0","post_reading_time_wpm":"300","show_zoom_button":"0","zoom_button_out_step":"2","zoom_button_in_step":"3","show_post_tag":"1","show_prev_next_post":"1","show_popup_post":"1","number_popup_post":"1","show_author_box":"0","show_post_related":"0","show_inline_post_related":"0"}],"override_image_size":"0","image_override":[{"single_post_thumbnail_size":"crop-500","single_post_gallery_size":"crop-500"}],"trending_post":"0","trending_post_position":"meta","trending_post_label":"Trending","sponsored_post":"0","sponsored_post_label":"Sponsored by","sponsored_post_name":"","sponsored_post_url":"","sponsored_post_logo_enable":"0","sponsored_post_logo":"","sponsored_post_desc":"","disable_ad":"0"},"jnews_primary_category":{"id":""},"jnews_social_meta":{"fb_title":"","fb_description":"","fb_image":"","twitter_title":"","twitter_description":"","twitter_image":""},"footnotes":""},"categories":[40],"tags":[],"class_list":["post-360866","post","type-post","status-publish","format-standard","has-post-thumbnail","hentry","category-industria"],"_links":{"self":[{"href":"https:\/\/dimensionturistica.com\/es\/wp-json\/wp\/v2\/posts\/360866","targetHints":{"allow":["GET"]}}],"collection":[{"href":"https:\/\/dimensionturistica.com\/es\/wp-json\/wp\/v2\/posts"}],"about":[{"href":"https:\/\/dimensionturistica.com\/es\/wp-json\/wp\/v2\/types\/post"}],"author":[{"embeddable":true,"href":"https:\/\/dimensionturistica.com\/es\/wp-json\/wp\/v2\/users\/1"}],"replies":[{"embeddable":true,"href":"https:\/\/dimensionturistica.com\/es\/wp-json\/wp\/v2\/comments?post=360866"}],"version-history":[{"count":0,"href":"https:\/\/dimensionturistica.com\/es\/wp-json\/wp\/v2\/posts\/360866\/revisions"}],"wp:featuredmedia":[{"embeddable":true,"href":"https:\/\/dimensionturistica.com\/es\/wp-json\/wp\/v2\/media\/360872"}],"wp:attachment":[{"href":"https:\/\/dimensionturistica.com\/es\/wp-json\/wp\/v2\/media?parent=360866"}],"wp:term":[{"taxonomy":"category","embeddable":true,"href":"https:\/\/dimensionturistica.com\/es\/wp-json\/wp\/v2\/categories?post=360866"},{"taxonomy":"post_tag","embeddable":true,"href":"https:\/\/dimensionturistica.com\/es\/wp-json\/wp\/v2\/tags?post=360866"}],"curies":[{"name":"wp","href":"https:\/\/api.w.org\/{rel}","templated":true}]}}