{"id":360828,"date":"2022-07-27T18:47:03","date_gmt":"2022-07-27T18:47:03","guid":{"rendered":"https:\/\/dimensionturistica.com\/es\/?p=360828"},"modified":"2022-07-27T18:47:03","modified_gmt":"2022-07-27T18:47:03","slug":"sectur-y-gobierno-de-cdmx-trabajan-estrechamente-en-la-organizacion-del-tianguis-turistico-mexico-2023","status":"publish","type":"post","link":"https:\/\/dimensionturistica.com\/es\/sectur-y-gobierno-de-cdmx-trabajan-estrechamente-en-la-organizacion-del-tianguis-turistico-mexico-2023\/","title":{"rendered":"Sectur y Gobierno de CDMX trabajan estrechamente en la organizaci\u00f3n del Tianguis Tur\u00edstico M\u00e9xico 2023"},"content":{"rendered":"<p><img decoding=\"async\" class=\"size-medium wp-image-360832 alignright\" src=\"https:\/\/dimensionturistica.com\/es\/wp-content\/uploads\/2022\/07\/scouting-centro-citibanamex7-300x209.jpg\" alt=\"\" width=\"300\" height=\"209\" srcset=\"https:\/\/dimensionturistica.com\/es\/wp-content\/uploads\/2022\/07\/scouting-centro-citibanamex7-300x209.jpg 300w, https:\/\/dimensionturistica.com\/es\/wp-content\/uploads\/2022\/07\/scouting-centro-citibanamex7-1024x712.jpg 1024w, https:\/\/dimensionturistica.com\/es\/wp-content\/uploads\/2022\/07\/scouting-centro-citibanamex7-768x534.jpg 768w, https:\/\/dimensionturistica.com\/es\/wp-content\/uploads\/2022\/07\/scouting-centro-citibanamex7-750x521.jpg 750w, https:\/\/dimensionturistica.com\/es\/wp-content\/uploads\/2022\/07\/scouting-centro-citibanamex7-1140x793.jpg 1140w, https:\/\/dimensionturistica.com\/es\/wp-content\/uploads\/2022\/07\/scouting-centro-citibanamex7.jpg 1280w\" sizes=\"(max-width: 300px) 100vw, 300px\" \/>Como parte de los trabajos para la organizaci\u00f3n del Tianguis Tur\u00edstico M\u00e9xico 2023, el secretario de Turismo del Gobierno de M\u00e9xico, Miguel Torruco Marqu\u00e9s, y la secretaria de Turismo de la Ciudad de M\u00e9xico, Nathalie Desplas Puel, realizaron una visita de inspecci\u00f3n en el Centro Citibanamex, recinto que ser\u00e1 sede del evento del 26 al 29 de marzo del pr\u00f3ximo a\u00f1o en la capital del pa\u00eds.<br \/>\nEl titular de la Secretar\u00eda de Turismo (Sectur) destac\u00f3 que la edici\u00f3n 47 de la feria tur\u00edstica m\u00e1s importante de Am\u00e9rica Latina marcar\u00e1 un hito en la historia al ser la primera vez que se realiza en la Ciudad de M\u00e9xico, que supera por mucho las necesidades que requiere un evento de esta relevancia.<br \/>\nSubray\u00f3 que, durante el Tianguis Tur\u00edstico M\u00e9xico 2023 en CDMX, se estima la asistencia de 15 mil personas, la participaci\u00f3n de 100 naciones, alrededor de 3 mil compradores y la realizaci\u00f3n de 80 mil citas de negocios.<br \/>\nTorruco Marqu\u00e9s precis\u00f3 que para esos d\u00edas, se prev\u00e9 una derrama econ\u00f3mica del orden de los mil 740 millones de pesos, rebasando todas las marcas establecidas en las 46 ediciones anteriores.<img decoding=\"async\" class=\"size-medium wp-image-360833 alignright\" src=\"https:\/\/dimensionturistica.com\/es\/wp-content\/uploads\/2022\/07\/scouting-centro-citibanamex11-300x200.jpg\" alt=\"\" width=\"300\" height=\"200\" srcset=\"https:\/\/dimensionturistica.com\/es\/wp-content\/uploads\/2022\/07\/scouting-centro-citibanamex11-300x200.jpg 300w, https:\/\/dimensionturistica.com\/es\/wp-content\/uploads\/2022\/07\/scouting-centro-citibanamex11-1024x683.jpg 1024w, https:\/\/dimensionturistica.com\/es\/wp-content\/uploads\/2022\/07\/scouting-centro-citibanamex11-768x512.jpg 768w, https:\/\/dimensionturistica.com\/es\/wp-content\/uploads\/2022\/07\/scouting-centro-citibanamex11-750x500.jpg 750w, https:\/\/dimensionturistica.com\/es\/wp-content\/uploads\/2022\/07\/scouting-centro-citibanamex11-1140x761.jpg 1140w, https:\/\/dimensionturistica.com\/es\/wp-content\/uploads\/2022\/07\/scouting-centro-citibanamex11.jpg 1280w\" sizes=\"(max-width: 300px) 100vw, 300px\" \/><br \/>\nLas autoridades recorrieron los espacios del recinto, con m\u00e1s de 35 mil metros cuadrados, para la realizaci\u00f3n del Tianguis Tur\u00edstico.<br \/>\nAdem\u00e1s, en la reuni\u00f3n se trataron temas fundamentales como los accesos, conectividad y horarios; as\u00ed como la instalaci\u00f3n del Pabell\u00f3n del Mundo Maya, que por primera vez dar\u00e1 cabida a la promoci\u00f3n de este multidestino integrado, con la participaci\u00f3n de los cinco pa\u00edses de esta regi\u00f3n; la presencia del Fondo Nacional de Fomento al Turismo (Fonatur), con el stand del Tren Maya; y se abord\u00f3 la importancia de la gastronom\u00eda y de las tradiciones de nuestro pa\u00eds.<br \/>\nCon este prop\u00f3sito, se recorrieron los diferentes pabellones, salones y \u00e1reas destinadas para cada una de las muestras culturales, art\u00edsticas y gastron\u00f3micas, que complementan el \u00e1rea de exposici\u00f3n y las salas de reuniones donde se llevar\u00e1n a cabo las citas de negocio y el programa acad\u00e9mico.<br \/>\n\u201cEl Tianguis Tur\u00edstico realizado en M\u00e9rida, catapult\u00f3 al destino y sirvi\u00f3 de base la para recibir nuevas inversiones ubic\u00e1ndolo hoy entre los cuatro destinos con m\u00e1s inversi\u00f3n nacional e internacional\u201d, afirm\u00f3 Torruco Marqu\u00e9s.<img decoding=\"async\" class=\"size-medium wp-image-360834 alignright\" src=\"https:\/\/dimensionturistica.com\/es\/wp-content\/uploads\/2022\/07\/scouting-centro-citibanamex5-300x204.jpg\" alt=\"\" width=\"300\" height=\"204\" srcset=\"https:\/\/dimensionturistica.com\/es\/wp-content\/uploads\/2022\/07\/scouting-centro-citibanamex5-300x204.jpg 300w, https:\/\/dimensionturistica.com\/es\/wp-content\/uploads\/2022\/07\/scouting-centro-citibanamex5-1024x696.jpg 1024w, https:\/\/dimensionturistica.com\/es\/wp-content\/uploads\/2022\/07\/scouting-centro-citibanamex5-768x522.jpg 768w, https:\/\/dimensionturistica.com\/es\/wp-content\/uploads\/2022\/07\/scouting-centro-citibanamex5-750x510.jpg 750w, https:\/\/dimensionturistica.com\/es\/wp-content\/uploads\/2022\/07\/scouting-centro-citibanamex5-1140x775.jpg 1140w, https:\/\/dimensionturistica.com\/es\/wp-content\/uploads\/2022\/07\/scouting-centro-citibanamex5.jpg 1280w\" sizes=\"(max-width: 300px) 100vw, 300px\" \/><br \/>\nPor su parte, la secretaria de Turismo de CDMX, Nathalie Desplas Puel, habl\u00f3 del gran escenario y de la gran oportunidad que representa este evento, que ser\u00e1 hist\u00f3rico, pues marcar\u00e1 un antes y un despu\u00e9s en la Feria Tur\u00edstica m\u00e1s importante del pa\u00eds.<br \/>\nAsegur\u00f3 que este evento superar\u00e1 por mucho las expectativas en n\u00famero de compradores y en citas de negocios, sentando un precedente significativo para el turismo de M\u00e9xico.<br \/>\nLos asistentes a este recorrido coincidieron en se\u00f1alar que el pr\u00f3ximo Tianguis Tur\u00edstico seguir\u00e1 siendo incluyente, al contar con accesos e instalaciones que facilitar\u00e1n el flujo para las personas con discapacidad.<br \/>\nEn el recorrido tambi\u00e9n estuvieron presentes el subsecretario de Turismo, Humberto Hern\u00e1ndez Haddad; la coordinadora general de Asesores y de Asuntos Internacionales del Gobierno de CDMX, Diana Alarc\u00f3n Gonz\u00e1lez; por parte de CREA, su director general Eduardo Mart\u00ednez Garza; el subdirector de Ferias Internacionales de CIE, Rodrigo Hurtado Escalante; entre otras autoridades de Sectur y de la Ciudad de M\u00e9xico.<\/p>\n","protected":false},"excerpt":{"rendered":"<p>Como parte de los trabajos para la organizaci\u00f3n del Tianguis Tur\u00edstico M\u00e9xico 2023, el secretario de Turismo del Gobierno de M\u00e9xico, Miguel Torruco Marqu\u00e9s, y la secretaria de Turismo de la Ciudad de M\u00e9xico, Nathalie Desplas Puel, realizaron una visita de inspecci\u00f3n en el Centro Citibanamex, recinto que ser\u00e1 sede del evento del 26 al [&hellip;]<\/p>\n","protected":false},"author":1,"featured_media":360835,"comment_status":"open","ping_status":"closed","sticky":false,"template":"","format":"standard","meta":{"om_disable_all_campaigns":false,"jnews-multi-image_gallery":[],"jnews_single_post":{"source_name":"","source_url":"","via_name":"","via_url":"","override_template":"0","override":[{"template":"1","single_blog_custom":"","parallax":"1","fullscreen":"1","layout":"right-sidebar","sidebar":"default-sidebar","second_sidebar":"default-sidebar","sticky_sidebar":"1","share_position":"top","share_float_style":"share-monocrhome","show_share_counter":"1","show_view_counter":"1","show_featured":"1","show_post_meta":"1","show_post_author":"1","show_post_author_image":"1","show_post_date":"1","post_date_format":"default","post_date_format_custom":"Y\/m\/d","show_post_category":"1","show_post_reading_time":"0","post_reading_time_wpm":"300","show_zoom_button":"0","zoom_button_out_step":"2","zoom_button_in_step":"3","show_post_tag":"1","show_prev_next_post":"1","show_popup_post":"1","number_popup_post":"1","show_author_box":"0","show_post_related":"0","show_inline_post_related":"0"}],"override_image_size":"0","image_override":[{"single_post_thumbnail_size":"crop-500","single_post_gallery_size":"crop-500"}],"trending_post":"0","trending_post_position":"meta","trending_post_label":"Trending","sponsored_post":"0","sponsored_post_label":"Sponsored by","sponsored_post_name":"","sponsored_post_url":"","sponsored_post_logo_enable":"0","sponsored_post_logo":"","sponsored_post_desc":"","disable_ad":"0"},"jnews_primary_category":{"id":""},"jnews_social_meta":{"fb_title":"","fb_description":"","fb_image":"","twitter_title":"","twitter_description":"","twitter_image":""},"footnotes":""},"categories":[40],"tags":[],"class_list":["post-360828","post","type-post","status-publish","format-standard","has-post-thumbnail","hentry","category-industria"],"_links":{"self":[{"href":"https:\/\/dimensionturistica.com\/es\/wp-json\/wp\/v2\/posts\/360828","targetHints":{"allow":["GET"]}}],"collection":[{"href":"https:\/\/dimensionturistica.com\/es\/wp-json\/wp\/v2\/posts"}],"about":[{"href":"https:\/\/dimensionturistica.com\/es\/wp-json\/wp\/v2\/types\/post"}],"author":[{"embeddable":true,"href":"https:\/\/dimensionturistica.com\/es\/wp-json\/wp\/v2\/users\/1"}],"replies":[{"embeddable":true,"href":"https:\/\/dimensionturistica.com\/es\/wp-json\/wp\/v2\/comments?post=360828"}],"version-history":[{"count":0,"href":"https:\/\/dimensionturistica.com\/es\/wp-json\/wp\/v2\/posts\/360828\/revisions"}],"wp:featuredmedia":[{"embeddable":true,"href":"https:\/\/dimensionturistica.com\/es\/wp-json\/wp\/v2\/media\/360835"}],"wp:attachment":[{"href":"https:\/\/dimensionturistica.com\/es\/wp-json\/wp\/v2\/media?parent=360828"}],"wp:term":[{"taxonomy":"category","embeddable":true,"href":"https:\/\/dimensionturistica.com\/es\/wp-json\/wp\/v2\/categories?post=360828"},{"taxonomy":"post_tag","embeddable":true,"href":"https:\/\/dimensionturistica.com\/es\/wp-json\/wp\/v2\/tags?post=360828"}],"curies":[{"name":"wp","href":"https:\/\/api.w.org\/{rel}","templated":true}]}}