{"id":360802,"date":"2022-07-27T18:33:36","date_gmt":"2022-07-27T18:33:36","guid":{"rendered":"https:\/\/dimensionturistica.com\/es\/?p=360802"},"modified":"2022-07-27T18:33:36","modified_gmt":"2022-07-27T18:33:36","slug":"arrancaron-los-equipos-perticipantes-del-xiii-concurso-de-cortometrajes-rally-universitario-del-giff","status":"publish","type":"post","link":"https:\/\/dimensionturistica.com\/es\/arrancaron-los-equipos-perticipantes-del-xiii-concurso-de-cortometrajes-rally-universitario-del-giff\/","title":{"rendered":"Arrancaron los equipos perticipantes del XIII Concurso de Cortometrajes Rally Universitario del GIFF"},"content":{"rendered":"<p>Se dio el banderazo de arranque de la d\u00e9cimo tercera edici\u00f3n del Concurso de Rally Universitario. Los 5 equipos, provenientes de distintos estados de la rep\u00fablica, partieron del F\u00f3rum Cultural Guanajuato de la ciudad de Le\u00f3n, para comenzar con la realizaci\u00f3n de sus cortometrajes en un lapso de 48 hrs.<\/p>\n<p><img decoding=\"async\" class=\"size-medium wp-image-360812 alignright\" src=\"https:\/\/dimensionturistica.com\/es\/wp-content\/uploads\/2022\/07\/unnamed-6-2-300x200.jpg\" alt=\"\" width=\"300\" height=\"200\" srcset=\"https:\/\/dimensionturistica.com\/es\/wp-content\/uploads\/2022\/07\/unnamed-6-2-300x200.jpg 300w, https:\/\/dimensionturistica.com\/es\/wp-content\/uploads\/2022\/07\/unnamed-6-2-1024x683.jpg 1024w, https:\/\/dimensionturistica.com\/es\/wp-content\/uploads\/2022\/07\/unnamed-6-2-768x512.jpg 768w, https:\/\/dimensionturistica.com\/es\/wp-content\/uploads\/2022\/07\/unnamed-6-2-750x500.jpg 750w, https:\/\/dimensionturistica.com\/es\/wp-content\/uploads\/2022\/07\/unnamed-6-2.jpg 1128w\" sizes=\"(max-width: 300px) 100vw, 300px\" \/>El Festival Internacional de Cine Guanajuato en su edici\u00f3n n\u00famero 25 contin\u00faa apostando por la formaci\u00f3n y realizaci\u00f3n de proyectos cinematogr\u00e1ficos estudiantiles, con la edici\u00f3n n\u00famero 13 de su tradicional concurso de cortometrajes Rally Universitario, el cual ofrece una oportunidad \u00fanica en donde j\u00f3venes creadores de todo el pa\u00eds pueden filmar en 48 hrs sus historias originales.<br \/>\nEn las 12 ediciones previas del Rally Universitario del GIFF se han filmado 87 pel\u00edculas, realizadas por 865 j\u00f3venes provenientes de 17 estados de la Rep\u00fablica y 3 pa\u00edses; quienes se han formado en m\u00e1s de 237 talleres educativos impartidos por profesionales del cine.<br \/>\nLos 5 equipos que este a\u00f1o conforman el concurso, cuentan con 10 j\u00f3venes universitarios cada uno, quienes se rigen bajo el objetivo de filmar en 48 horas sus cortometrajes, usando como locaciones las calles del estado de Guanajuato, dirigiendo a actores experimentados y con equipo t\u00e9cnico profesional facilitado por el GIFF.<br \/>\nLos cortometrajes resultantes deber\u00e1n cumplir con los m\u00e1s altos est\u00e1ndares de calidad, ya que ser\u00e1n<img decoding=\"async\" class=\"size-medium wp-image-360813 alignright\" src=\"https:\/\/dimensionturistica.com\/es\/wp-content\/uploads\/2022\/07\/unnamed-5-3-300x186.jpg\" alt=\"\" width=\"300\" height=\"186\" srcset=\"https:\/\/dimensionturistica.com\/es\/wp-content\/uploads\/2022\/07\/unnamed-5-3-300x186.jpg 300w, https:\/\/dimensionturistica.com\/es\/wp-content\/uploads\/2022\/07\/unnamed-5-3-1024x636.jpg 1024w, https:\/\/dimensionturistica.com\/es\/wp-content\/uploads\/2022\/07\/unnamed-5-3-768x477.jpg 768w, https:\/\/dimensionturistica.com\/es\/wp-content\/uploads\/2022\/07\/unnamed-5-3-750x466.jpg 750w, https:\/\/dimensionturistica.com\/es\/wp-content\/uploads\/2022\/07\/unnamed-5-3.jpg 1128w\" sizes=\"(max-width: 300px) 100vw, 300px\" \/> calificados por un jurado experto y proyectados en una funci\u00f3n especial dentro de la programaci\u00f3n oficial de la 23 edici\u00f3n del GIFF, el 30 de julio en el Teatro de la Ciudad de Irapuato a las 17 hrs.<br \/>\nEste concurso les permite a los j\u00f3venes vivir una experiencia llena de adrenalina en una carrera contra reloj para la producci\u00f3n de las siguientes historias:<br \/>\nEquipo Rosa &#8211; Antig\u00fcedades Mau de la Universidad Aut\u00f3noma del Estado de M\u00e9xico.<br \/>\nDirigido por: Ram\u00f3n Preciado L\u00f3pez<br \/>\nLugar de procedencia: Estado de M\u00e9xico<br \/>\nMemo, un joven aficionado a las antig\u00fcedades, descubre una peculiar Polaroid con la capacidad de viajar al pasado, la cual utilizar\u00e1 para resolver un misterio familiar de anta\u00f1o.<br \/>\nEquipo Naranja &#8211; El Milagro de la Universidad Aut\u00f3noma de Nayarit.<br \/>\nDirigido por: Martha Leyva<br \/>\nLugar de procedencia: Nayarit<img decoding=\"async\" class=\"size-medium wp-image-360819 alignright\" src=\"https:\/\/dimensionturistica.com\/es\/wp-content\/uploads\/2022\/07\/unnamed-3-9-300x186.jpg\" alt=\"\" width=\"300\" height=\"186\" srcset=\"https:\/\/dimensionturistica.com\/es\/wp-content\/uploads\/2022\/07\/unnamed-3-9-300x186.jpg 300w, https:\/\/dimensionturistica.com\/es\/wp-content\/uploads\/2022\/07\/unnamed-3-9-1024x634.jpg 1024w, https:\/\/dimensionturistica.com\/es\/wp-content\/uploads\/2022\/07\/unnamed-3-9-768x475.jpg 768w, https:\/\/dimensionturistica.com\/es\/wp-content\/uploads\/2022\/07\/unnamed-3-9-750x464.jpg 750w, https:\/\/dimensionturistica.com\/es\/wp-content\/uploads\/2022\/07\/unnamed-3-9.jpg 1128w\" sizes=\"(max-width: 300px) 100vw, 300px\" \/><br \/>\nEmilio, una momia, regresa de la muerte para volver a comer en su restaurante favorito de San Miguel de Allende, con cada bocado que da vuelve a la vida y recupera sus memorias.<br \/>\nEquipo Mango &#8211; La Hu\u00e9sped de la Benem\u00e9rita Universidad Aut\u00f3noma de Aguascalientes.<br \/>\nDirigido por: Katherine Ruiz Muro<br \/>\nLugar de procedencia: Aguascalientes<br \/>\nDos se\u00f1oras que rentan una habitaci\u00f3n en su hogar, comienzan a sospechar que su hu\u00e9sped es un ser sobrenatural. Por lo que emprenden una investigaci\u00f3n para confirmar sus sospechas y protegerse.<br \/>\nEquipo Verde Limon &#8211; Cuando te toca de la Universidad de Celaya.<br \/>\nDirigido por: Gilberto P\u00e9rez Medina<br \/>\nLugar de procedencia: Guanajuato<br \/>\nV\u00edctor comienza a trabajar en la corporaci\u00f3n encargada de la muerte, pero por una serie de eventos le es complicado llevarse a una v\u00edctima aun cuando le toca.<br \/>\nEquipo Rosa Pastel &#8211; T\u00fa, yo y el fin del mundo de la Universidad Aut\u00f3noma de Quer\u00e9taro.<br \/>\nDirigido por: Santiago Ruiz Castro<br \/>\nLugar de procedencia: Quer\u00e9taro<br \/>\nEl d\u00eda que los medios anuncian que el fin del mundo llegar\u00e1 esa misma noche con el impacto de un meteorito, Emma le propone a su novio David pasar su \u00faltimo d\u00eda simulando la vida que nunca les llegar\u00e1 juntos. David, por su parte, tiene un plan distinto.<br \/>\n\u00a1M\u00e1s cine, por favor!<br \/>\n@giffmx<br \/>\n#GIFF2022<\/p>\n<p>&nbsp;<\/p>\n","protected":false},"excerpt":{"rendered":"<p>Se dio el banderazo de arranque de la d\u00e9cimo tercera edici\u00f3n del Concurso de Rally Universitario. Los 5 equipos, provenientes de distintos estados de la rep\u00fablica, partieron del F\u00f3rum Cultural Guanajuato de la ciudad de Le\u00f3n, para comenzar con la realizaci\u00f3n de sus cortometrajes en un lapso de 48 hrs. El Festival Internacional de Cine [&hellip;]<\/p>\n","protected":false},"author":1,"featured_media":360821,"comment_status":"open","ping_status":"closed","sticky":false,"template":"","format":"standard","meta":{"om_disable_all_campaigns":false,"jnews-multi-image_gallery":[],"jnews_single_post":{"source_name":"","source_url":"","via_name":"","via_url":"","override_template":"0","override":[{"template":"1","single_blog_custom":"","parallax":"1","fullscreen":"1","layout":"right-sidebar","sidebar":"default-sidebar","second_sidebar":"default-sidebar","sticky_sidebar":"1","share_position":"top","share_float_style":"share-monocrhome","show_share_counter":"1","show_view_counter":"1","show_featured":"1","show_post_meta":"1","show_post_author":"1","show_post_author_image":"1","show_post_date":"1","post_date_format":"default","post_date_format_custom":"Y\/m\/d","show_post_category":"1","show_post_reading_time":"0","post_reading_time_wpm":"300","show_zoom_button":"0","zoom_button_out_step":"2","zoom_button_in_step":"3","show_post_tag":"1","show_prev_next_post":"1","show_popup_post":"1","number_popup_post":"1","show_author_box":"0","show_post_related":"0","show_inline_post_related":"0"}],"override_image_size":"0","image_override":[{"single_post_thumbnail_size":"crop-500","single_post_gallery_size":"crop-500"}],"trending_post":"0","trending_post_position":"meta","trending_post_label":"Trending","sponsored_post":"0","sponsored_post_label":"Sponsored by","sponsored_post_name":"","sponsored_post_url":"","sponsored_post_logo_enable":"0","sponsored_post_logo":"","sponsored_post_desc":"","disable_ad":"0"},"jnews_primary_category":{"id":""},"jnews_social_meta":{"fb_title":"","fb_description":"","fb_image":"","twitter_title":"","twitter_description":"","twitter_image":""},"footnotes":""},"categories":[39],"tags":[],"class_list":["post-360802","post","type-post","status-publish","format-standard","has-post-thumbnail","hentry","category-viajes"],"_links":{"self":[{"href":"https:\/\/dimensionturistica.com\/es\/wp-json\/wp\/v2\/posts\/360802","targetHints":{"allow":["GET"]}}],"collection":[{"href":"https:\/\/dimensionturistica.com\/es\/wp-json\/wp\/v2\/posts"}],"about":[{"href":"https:\/\/dimensionturistica.com\/es\/wp-json\/wp\/v2\/types\/post"}],"author":[{"embeddable":true,"href":"https:\/\/dimensionturistica.com\/es\/wp-json\/wp\/v2\/users\/1"}],"replies":[{"embeddable":true,"href":"https:\/\/dimensionturistica.com\/es\/wp-json\/wp\/v2\/comments?post=360802"}],"version-history":[{"count":0,"href":"https:\/\/dimensionturistica.com\/es\/wp-json\/wp\/v2\/posts\/360802\/revisions"}],"wp:featuredmedia":[{"embeddable":true,"href":"https:\/\/dimensionturistica.com\/es\/wp-json\/wp\/v2\/media\/360821"}],"wp:attachment":[{"href":"https:\/\/dimensionturistica.com\/es\/wp-json\/wp\/v2\/media?parent=360802"}],"wp:term":[{"taxonomy":"category","embeddable":true,"href":"https:\/\/dimensionturistica.com\/es\/wp-json\/wp\/v2\/categories?post=360802"},{"taxonomy":"post_tag","embeddable":true,"href":"https:\/\/dimensionturistica.com\/es\/wp-json\/wp\/v2\/tags?post=360802"}],"curies":[{"name":"wp","href":"https:\/\/api.w.org\/{rel}","templated":true}]}}