{"id":360793,"date":"2022-07-27T18:16:13","date_gmt":"2022-07-27T18:16:13","guid":{"rendered":"https:\/\/dimensionturistica.com\/es\/?p=360793"},"modified":"2022-07-27T18:16:13","modified_gmt":"2022-07-27T18:16:13","slug":"croacia-es-el-pais-invitado-de-la-edicion-numero-25-del-giff-con-una-gala-especial","status":"publish","type":"post","link":"https:\/\/dimensionturistica.com\/es\/croacia-es-el-pais-invitado-de-la-edicion-numero-25-del-giff-con-una-gala-especial\/","title":{"rendered":"Croacia es el Pa\u00eds Invitado de la edici\u00f3n n\u00famero 25 del GIFF con una gala especial"},"content":{"rendered":"<p><img decoding=\"async\" class=\"size-medium wp-image-360798 alignright\" src=\"https:\/\/dimensionturistica.com\/es\/wp-content\/uploads\/2022\/07\/unnamed-2-13-300x169.jpg\" alt=\"\" width=\"300\" height=\"169\" srcset=\"https:\/\/dimensionturistica.com\/es\/wp-content\/uploads\/2022\/07\/unnamed-2-13-300x169.jpg 300w, https:\/\/dimensionturistica.com\/es\/wp-content\/uploads\/2022\/07\/unnamed-2-13-1024x576.jpg 1024w, https:\/\/dimensionturistica.com\/es\/wp-content\/uploads\/2022\/07\/unnamed-2-13-768x432.jpg 768w, https:\/\/dimensionturistica.com\/es\/wp-content\/uploads\/2022\/07\/unnamed-2-13-750x422.jpg 750w, https:\/\/dimensionturistica.com\/es\/wp-content\/uploads\/2022\/07\/unnamed-2-13.jpg 1128w\" sizes=\"(max-width: 300px) 100vw, 300px\" \/>El Festival Internacional de Cine Guanajuato continua creando puentes culturales y alianzas con otras industrias cinematogr\u00e1ficas internacionales, este a\u00f1o ha convocado a Croacia, como Pa\u00eds Invitado. Una naci\u00f3n con una sana y prol\u00edfica industria f\u00edlmica, en donde destaca su aporte en la animaci\u00f3n y las producciones de largometrajes que han sembrado grandes premios en los \u00faltimos a\u00f1os a nivel mundial.<br \/>\nCon un programa que incluye la conferencia \u201cReflectores sobre la animaci\u00f3n croata\u201d con el director Marko Djeska y el productor Drasko Ivezic de la casa productora Adriatic Animation, la exhibici\u00f3n de una retrospectiva de la celebrada Escuela de Zagreb, conformada por 11 cortometrajes animados. Y la Gala especial con la proyecci\u00f3n de la cinta Murina, de Antoneta Alamat Kusijanovic, que se condecor\u00f3 con el premio de la C\u00e1mara de Oro a la Mejor \u00d3pera Prima en el Festival de Cannes del 2021.<br \/>\nEn la gala se resalt\u00f3 el valor cultural del pa\u00eds invitado y cont\u00f3 con la presencia de Irena Jelic, jefa del Departamento de Promoci\u00f3n y Festivales del Centro Audiovisual Croata, quien se mostr\u00f3 muy agradecida con el GIFF y esta colaboraci\u00f3n. Mencion\u00f3 que la directora no hab\u00eda podido asistir porque estaba trabajando en su nueva pel\u00edcula, la cual adelant\u00f3 que tendr\u00eda gestos a nuestro pa\u00eds.<br \/>\nLa historia narra las tensiones en aumento entre Julija y su opresivo padre, cuando Ante, un amigo de la familia, llega a su hogar en una isla croata. Mientras Ante intenta negociar un trato vital con su padre, la existencia tranquila pero aislada deja a Julija con ganas de m\u00e1s de este visitante, quien brinda una probada de la libertad ausente en la vida de la joven, donde queda expuesto su deseo y la violencia cotidiana con la<img decoding=\"async\" class=\"size-medium wp-image-360799 alignleft\" src=\"https:\/\/dimensionturistica.com\/es\/wp-content\/uploads\/2022\/07\/unnamed-1-17-300x168.jpg\" alt=\"\" width=\"300\" height=\"168\" srcset=\"https:\/\/dimensionturistica.com\/es\/wp-content\/uploads\/2022\/07\/unnamed-1-17-300x168.jpg 300w, https:\/\/dimensionturistica.com\/es\/wp-content\/uploads\/2022\/07\/unnamed-1-17-1024x575.jpg 1024w, https:\/\/dimensionturistica.com\/es\/wp-content\/uploads\/2022\/07\/unnamed-1-17-768x431.jpg 768w, https:\/\/dimensionturistica.com\/es\/wp-content\/uploads\/2022\/07\/unnamed-1-17-750x421.jpg 750w, https:\/\/dimensionturistica.com\/es\/wp-content\/uploads\/2022\/07\/unnamed-1-17.jpg 1128w\" sizes=\"(max-width: 300px) 100vw, 300px\" \/> que debe lidiar.<br \/>\nMurina es el primer largometraje de la directora, basada en su cortometraje previo, Into the Blue el cual fue parte de la selecci\u00f3n del GIFF en el 2018, el cual fue premiado en la Berlinale y fue nominado para un \u00d3scar Estudiantil. Tiene una maestr\u00eda en Direcci\u00f3n por la Universidad de Columbia en Nueva York, y una maestr\u00eda en Producci\u00f3n de la Academia de Artes Dram\u00e1ticas croata, adem\u00e1s de ser miembro de la Academia de las Artes Cinematogr\u00e1ficas estadounidenses.<br \/>\nLa cinta desarrolla este coming-of-age que nos muestra la vida de Julija una adolescente atrapada en el autoritarismo de su padre y ante la indiferencia de su madre.<br \/>\nLa historia es un pretexto para hablar sobre una serie de violencias contra la mujer desde el n\u00facleo familiar, en donde por medio de un atinado y elegante desarrollo nos lleva a sentir lo que nuestra protagonista siente. Usando la c\u00e1mara para encerrarnos dentro de la realidad claustrof\u00f3bica de la personaje, en donde todo a su alrededor, que al principio se presenta como un para\u00edso, se vuelve una prisi\u00f3n de alta seguridad.<br \/>\n\u00a1M\u00e1s cine, por favor!<br \/>\n@giffmx<br \/>\n#GIFF2022<\/p>\n","protected":false},"excerpt":{"rendered":"<p>El Festival Internacional de Cine Guanajuato continua creando puentes culturales y alianzas con otras industrias cinematogr\u00e1ficas internacionales, este a\u00f1o ha convocado a Croacia, como Pa\u00eds Invitado. Una naci\u00f3n con una sana y prol\u00edfica industria f\u00edlmica, en donde destaca su aporte en la animaci\u00f3n y las producciones de largometrajes que han sembrado grandes premios en los [&hellip;]<\/p>\n","protected":false},"author":1,"featured_media":360797,"comment_status":"open","ping_status":"closed","sticky":false,"template":"","format":"standard","meta":{"om_disable_all_campaigns":false,"jnews-multi-image_gallery":[],"jnews_single_post":{"source_name":"","source_url":"","via_name":"","via_url":"","override_template":"0","override":[{"template":"1","single_blog_custom":"","parallax":"1","fullscreen":"1","layout":"right-sidebar","sidebar":"default-sidebar","second_sidebar":"default-sidebar","sticky_sidebar":"1","share_position":"top","share_float_style":"share-monocrhome","show_share_counter":"1","show_view_counter":"1","show_featured":"1","show_post_meta":"1","show_post_author":"1","show_post_author_image":"1","show_post_date":"1","post_date_format":"default","post_date_format_custom":"Y\/m\/d","show_post_category":"1","show_post_reading_time":"0","post_reading_time_wpm":"300","show_zoom_button":"0","zoom_button_out_step":"2","zoom_button_in_step":"3","show_post_tag":"1","show_prev_next_post":"1","show_popup_post":"1","number_popup_post":"1","show_author_box":"0","show_post_related":"0","show_inline_post_related":"0"}],"override_image_size":"0","image_override":[{"single_post_thumbnail_size":"crop-500","single_post_gallery_size":"crop-500"}],"trending_post":"0","trending_post_position":"meta","trending_post_label":"Trending","sponsored_post":"0","sponsored_post_label":"Sponsored by","sponsored_post_name":"","sponsored_post_url":"","sponsored_post_logo_enable":"0","sponsored_post_logo":"","sponsored_post_desc":"","disable_ad":"0"},"jnews_primary_category":{"id":""},"jnews_social_meta":{"fb_title":"","fb_description":"","fb_image":"","twitter_title":"","twitter_description":"","twitter_image":""},"footnotes":""},"categories":[40],"tags":[],"class_list":["post-360793","post","type-post","status-publish","format-standard","has-post-thumbnail","hentry","category-industria"],"_links":{"self":[{"href":"https:\/\/dimensionturistica.com\/es\/wp-json\/wp\/v2\/posts\/360793","targetHints":{"allow":["GET"]}}],"collection":[{"href":"https:\/\/dimensionturistica.com\/es\/wp-json\/wp\/v2\/posts"}],"about":[{"href":"https:\/\/dimensionturistica.com\/es\/wp-json\/wp\/v2\/types\/post"}],"author":[{"embeddable":true,"href":"https:\/\/dimensionturistica.com\/es\/wp-json\/wp\/v2\/users\/1"}],"replies":[{"embeddable":true,"href":"https:\/\/dimensionturistica.com\/es\/wp-json\/wp\/v2\/comments?post=360793"}],"version-history":[{"count":0,"href":"https:\/\/dimensionturistica.com\/es\/wp-json\/wp\/v2\/posts\/360793\/revisions"}],"wp:featuredmedia":[{"embeddable":true,"href":"https:\/\/dimensionturistica.com\/es\/wp-json\/wp\/v2\/media\/360797"}],"wp:attachment":[{"href":"https:\/\/dimensionturistica.com\/es\/wp-json\/wp\/v2\/media?parent=360793"}],"wp:term":[{"taxonomy":"category","embeddable":true,"href":"https:\/\/dimensionturistica.com\/es\/wp-json\/wp\/v2\/categories?post=360793"},{"taxonomy":"post_tag","embeddable":true,"href":"https:\/\/dimensionturistica.com\/es\/wp-json\/wp\/v2\/tags?post=360793"}],"curies":[{"name":"wp","href":"https:\/\/api.w.org\/{rel}","templated":true}]}}