{"id":360759,"date":"2022-07-27T17:47:56","date_gmt":"2022-07-27T17:47:56","guid":{"rendered":"https:\/\/dimensionturistica.com\/es\/?p=360759"},"modified":"2022-07-27T17:47:56","modified_gmt":"2022-07-27T17:47:56","slug":"con-su-nueva-imagen-tag-airlines-comienza-una-nueva-era","status":"publish","type":"post","link":"https:\/\/dimensionturistica.com\/es\/con-su-nueva-imagen-tag-airlines-comienza-una-nueva-era\/","title":{"rendered":"Con su nueva imagen TAG Airlines  comienza una nueva era"},"content":{"rendered":"<p><img decoding=\"async\" class=\"size-medium wp-image-360766 alignright\" src=\"https:\/\/dimensionturistica.com\/es\/wp-content\/uploads\/2022\/07\/unnamed-34-300x200.jpg\" alt=\"\" width=\"300\" height=\"200\" srcset=\"https:\/\/dimensionturistica.com\/es\/wp-content\/uploads\/2022\/07\/unnamed-34-300x200.jpg 300w, https:\/\/dimensionturistica.com\/es\/wp-content\/uploads\/2022\/07\/unnamed-34-1024x682.jpg 1024w, https:\/\/dimensionturistica.com\/es\/wp-content\/uploads\/2022\/07\/unnamed-34-768x512.jpg 768w, https:\/\/dimensionturistica.com\/es\/wp-content\/uploads\/2022\/07\/unnamed-34-750x500.jpg 750w, https:\/\/dimensionturistica.com\/es\/wp-content\/uploads\/2022\/07\/unnamed-34-1140x760.jpg 1140w, https:\/\/dimensionturistica.com\/es\/wp-content\/uploads\/2022\/07\/unnamed-34.jpg 1280w\" sizes=\"(max-width: 300px) 100vw, 300px\" \/>TAG Airlines, la aerol\u00ednea bandera de Guatemala y del Mundo Maya, comienza una nueva era con el relanzamiento de la marca y el fortalecimiento de su flota a\u00e9rea, que le permitir\u00e1 llegar a m\u00e1s destinos en Centroam\u00e9rica y el sur de M\u00e9xico.<br \/>\nMarcela Toriello, Presidenta de TAG Airlines, asegur\u00f3 que la empresa inicia hoy una nueva era en la que se compromete a redoblar el paso para brindar el mejor servicio a los pasajeros.<br \/>\nDijo que TAG refrenda su firme compromiso con la conectividad a\u00e9rea y el desarrollo, a trav\u00e9s de un profundo proceso de modernizaci\u00f3n, siempre respetando el legado del empresario Jonathan Leyton, visionario de la aviaci\u00f3n comercial de Guatemala.<br \/>\nPor su parte, Julio Gamero, CEO de TAG Airlines, detall\u00f3 los principales aspectos de la nueva era de la compa\u00f1\u00eda, que incluyen la incorporaci\u00f3n a la flota de aeronaves tipo ATR 72, consideradas las m\u00e1s eficientes, ecol\u00f3gicas y seguras del mercado, que permitir\u00e1n a la empresa continuar con la estrategia para ampliar la conectividad a\u00e9rea en Centroam\u00e9rica y el sur de M\u00e9xico, y mantener el mejor servicio y comodidad para los pasajeros.<br \/>\n\u201cLa modernizaci\u00f3n de TAG Airlines permitir\u00e1 volar hacia nuevos horizontes y ampliar la conectividad hacia m\u00e1s destinos en la regi\u00f3n de Centroam\u00e9rica y el sur de M\u00e9xico, para refrendar nuestra condici\u00f3n de aerol\u00ednea del Mundo Maya. TAG Airlines es el puente que conecta a Guatemala con una amplia red de destinos en pa\u00edses hermanos como: Honduras, El Salvador, Belice y M\u00e9xico, con m\u00e1s de 25 vuelos diarios y una flota de m\u00e1s de 20 aeronaves. Nos enfilamos hacia un futuro prometedor para todos, en el que la aviaci\u00f3n comercial de Guatemala ser\u00e1 cada vez m\u00e1s grande\u201d, afirm\u00f3.<br \/>\nRecord\u00f3 que TAG Airlines firm\u00f3 recientemente un hist\u00f3rico convenio con la empresa Willis Lease Finance, para el arrendamiento de varias aeronaves que se incorporar\u00e1n en breve a la flota.<br \/>\nLa nueva era contempla una renovaci\u00f3n de imagen para la aerol\u00ednea y nuevos uniformes para la tripulaci\u00f3n, dise\u00f1ados por la firma Sa\u00fal E. M\u00e9ndez, referente de la moda en Guatemala que ha impreso un toque de<img decoding=\"async\" class=\"size-medium wp-image-360767 alignleft\" src=\"https:\/\/dimensionturistica.com\/es\/wp-content\/uploads\/2022\/07\/unnamed-2-12-200x300.jpg\" alt=\"\" width=\"200\" height=\"300\" srcset=\"https:\/\/dimensionturistica.com\/es\/wp-content\/uploads\/2022\/07\/unnamed-2-12-200x300.jpg 200w, https:\/\/dimensionturistica.com\/es\/wp-content\/uploads\/2022\/07\/unnamed-2-12-683x1024.jpg 683w, https:\/\/dimensionturistica.com\/es\/wp-content\/uploads\/2022\/07\/unnamed-2-12-768x1152.jpg 768w, https:\/\/dimensionturistica.com\/es\/wp-content\/uploads\/2022\/07\/unnamed-2-12-750x1125.jpg 750w, https:\/\/dimensionturistica.com\/es\/wp-content\/uploads\/2022\/07\/unnamed-2-12.jpg 912w\" sizes=\"(max-width: 200px) 100vw, 200px\" \/> estilo y modernidad. Los nuevos uniformes fueron presentados en una vistosa pasarela de moda, en presencia del famoso dise\u00f1ador.<br \/>\nLa nueva era tambi\u00e9n incluye nuevas alianzas con socios comerciales y nuevos productos, con un esquema tarifario que se adapta a cada tipo de viajero con las mejores opciones (Tarifa Light, Tarifa Flexi y Tarifa Plus).<br \/>\nEl evento de lanzamiento de la nueva imagen de TAG Airlines, cont\u00f3 con la participaci\u00f3n de Shirley Aguilar, Viceministra de Relaciones Exteriores; Francis Argueta Aguirre, Director General de Aeron\u00e1utica Civil de Guatemala; y de Anayansy Rodr\u00edguez, Directora General del Instituto Guatemalteco de Turismo (INGUAT), quienes reconocieron en TAG Airlines a una empresa l\u00edder comprometida con la aviaci\u00f3n y el desarrollo en la regi\u00f3n, y desearon \u00e9xito a la nueva era que inicia la empresa.<br \/>\nTAG Airlines es la aerol\u00ednea bandera de Guatemala que desde hace 60 a\u00f1os mantiene un firme compromiso con la conectividad a\u00e9rea y el desarrollo de la regi\u00f3n, que le ha permitido ganar la confianza de pasajeros y socios comerciales.<br \/>\nLa aerol\u00ednea es el puente que conecta a Guatemala con una amplia red de destinos en pa\u00edses hermanos como: Honduras, El Salvador, Belice y M\u00e9xico, con m\u00e1s de 25 vuelos diarios y una flota de m\u00e1s de 20 aeronaves.<br \/>\nTan solo este a\u00f1o, TAG Airlines transportar\u00e1 a m\u00e1s de 295,000 pasajeros, lo que representar\u00e1 un crecimiento de 169 por ciento en comparaci\u00f3n con 2021.<\/p>\n","protected":false},"excerpt":{"rendered":"<p>TAG Airlines, la aerol\u00ednea bandera de Guatemala y del Mundo Maya, comienza una nueva era con el relanzamiento de la marca y el fortalecimiento de su flota a\u00e9rea, que le permitir\u00e1 llegar a m\u00e1s destinos en Centroam\u00e9rica y el sur de M\u00e9xico. Marcela Toriello, Presidenta de TAG Airlines, asegur\u00f3 que la empresa inicia hoy una [&hellip;]<\/p>\n","protected":false},"author":1,"featured_media":360768,"comment_status":"open","ping_status":"closed","sticky":false,"template":"","format":"standard","meta":{"om_disable_all_campaigns":false,"jnews-multi-image_gallery":[],"jnews_single_post":{"source_name":"","source_url":"","via_name":"","via_url":"","override_template":"0","override":[{"template":"1","single_blog_custom":"","parallax":"1","fullscreen":"1","layout":"right-sidebar","sidebar":"default-sidebar","second_sidebar":"default-sidebar","sticky_sidebar":"1","share_position":"top","share_float_style":"share-monocrhome","show_share_counter":"1","show_view_counter":"1","show_featured":"1","show_post_meta":"1","show_post_author":"1","show_post_author_image":"1","show_post_date":"1","post_date_format":"default","post_date_format_custom":"Y\/m\/d","show_post_category":"1","show_post_reading_time":"0","post_reading_time_wpm":"300","show_zoom_button":"0","zoom_button_out_step":"2","zoom_button_in_step":"3","show_post_tag":"1","show_prev_next_post":"1","show_popup_post":"1","number_popup_post":"1","show_author_box":"0","show_post_related":"0","show_inline_post_related":"0"}],"override_image_size":"0","image_override":[{"single_post_thumbnail_size":"crop-500","single_post_gallery_size":"crop-500"}],"trending_post":"0","trending_post_position":"meta","trending_post_label":"Trending","sponsored_post":"0","sponsored_post_label":"Sponsored by","sponsored_post_name":"","sponsored_post_url":"","sponsored_post_logo_enable":"0","sponsored_post_logo":"","sponsored_post_desc":"","disable_ad":"0"},"jnews_primary_category":{"id":""},"jnews_social_meta":{"fb_title":"","fb_description":"","fb_image":"","twitter_title":"","twitter_description":"","twitter_image":""},"footnotes":""},"categories":[40],"tags":[],"class_list":["post-360759","post","type-post","status-publish","format-standard","has-post-thumbnail","hentry","category-industria"],"_links":{"self":[{"href":"https:\/\/dimensionturistica.com\/es\/wp-json\/wp\/v2\/posts\/360759","targetHints":{"allow":["GET"]}}],"collection":[{"href":"https:\/\/dimensionturistica.com\/es\/wp-json\/wp\/v2\/posts"}],"about":[{"href":"https:\/\/dimensionturistica.com\/es\/wp-json\/wp\/v2\/types\/post"}],"author":[{"embeddable":true,"href":"https:\/\/dimensionturistica.com\/es\/wp-json\/wp\/v2\/users\/1"}],"replies":[{"embeddable":true,"href":"https:\/\/dimensionturistica.com\/es\/wp-json\/wp\/v2\/comments?post=360759"}],"version-history":[{"count":0,"href":"https:\/\/dimensionturistica.com\/es\/wp-json\/wp\/v2\/posts\/360759\/revisions"}],"wp:featuredmedia":[{"embeddable":true,"href":"https:\/\/dimensionturistica.com\/es\/wp-json\/wp\/v2\/media\/360768"}],"wp:attachment":[{"href":"https:\/\/dimensionturistica.com\/es\/wp-json\/wp\/v2\/media?parent=360759"}],"wp:term":[{"taxonomy":"category","embeddable":true,"href":"https:\/\/dimensionturistica.com\/es\/wp-json\/wp\/v2\/categories?post=360759"},{"taxonomy":"post_tag","embeddable":true,"href":"https:\/\/dimensionturistica.com\/es\/wp-json\/wp\/v2\/tags?post=360759"}],"curies":[{"name":"wp","href":"https:\/\/api.w.org\/{rel}","templated":true}]}}